{"id":58847,"date":"2024-05-17T00:56:43","date_gmt":"2024-05-17T00:56:43","guid":{"rendered":"https:\/\/elpajaritonews.com\/?p=58847"},"modified":"2024-05-17T00:56:44","modified_gmt":"2024-05-17T00:56:44","slug":"presenta-congreso-de-sonora-proyecto-de-inclusion-ante-miembros-de-la-onu","status":"publish","type":"post","link":"https:\/\/elpajaritonews.com\/?p=58847","title":{"rendered":"PRESENTA CONGRESO DE SONORA PROYECTO DE INCLUSI\u00d3N ANTE MIEMBROS DE LA ONU"},"content":{"rendered":"\n<p class=\"wp-block-paragraph\">El Congreso de Sonora, a trav\u00e9s de la presidencia de la Comisi\u00f3n de Derechos de la Ni\u00f1ez, Adolescencia y la Juventud, present\u00f3 ante la Organizaci\u00f3n de las Naciones Unidas (ONU) el proyecto para la creaci\u00f3n de la Procuradur\u00eda de la Defensa de los Derechos de las Personas con Discapacidad.<\/p>\n\n\n\n<p class=\"wp-block-paragraph\">En el marco del 30 aniversario del A\u00f1o Internacional de la Familia, el Congreso de Sonora convoc\u00f3 a las personas participantes a ser aliadas de quienes viven la discapacidad para que el trabajo se traduzca en acciones y no en simples intenciones.<\/p>\n\n\n\n<figure class=\"wp-block-image size-large\"><img loading=\"lazy\" decoding=\"async\" width=\"1016\" height=\"1024\" src=\"https:\/\/elpajaritonews.com\/wp-content\/uploads\/2024\/05\/502f20de-888c-4ed9-a096-f86473023fb4-1016x1024.jpg\" alt=\"\" class=\"wp-image-58849\" srcset=\"https:\/\/elpajaritonews.com\/wp-content\/uploads\/2024\/05\/502f20de-888c-4ed9-a096-f86473023fb4-1016x1024.jpg 1016w, https:\/\/elpajaritonews.com\/wp-content\/uploads\/2024\/05\/502f20de-888c-4ed9-a096-f86473023fb4-298x300.jpg 298w, https:\/\/elpajaritonews.com\/wp-content\/uploads\/2024\/05\/502f20de-888c-4ed9-a096-f86473023fb4-150x150.jpg 150w, https:\/\/elpajaritonews.com\/wp-content\/uploads\/2024\/05\/502f20de-888c-4ed9-a096-f86473023fb4-768x774.jpg 768w, https:\/\/elpajaritonews.com\/wp-content\/uploads\/2024\/05\/502f20de-888c-4ed9-a096-f86473023fb4-417x420.jpg 417w, https:\/\/elpajaritonews.com\/wp-content\/uploads\/2024\/05\/502f20de-888c-4ed9-a096-f86473023fb4-640x645.jpg 640w, https:\/\/elpajaritonews.com\/wp-content\/uploads\/2024\/05\/502f20de-888c-4ed9-a096-f86473023fb4-681x686.jpg 681w, https:\/\/elpajaritonews.com\/wp-content\/uploads\/2024\/05\/502f20de-888c-4ed9-a096-f86473023fb4.jpg 1440w\" sizes=\"auto, (max-width: 1016px) 100vw, 1016px\" \/><\/figure>\n\n\n\n<p class=\"wp-block-paragraph\">En atenci\u00f3n a lo que establece la Convenci\u00f3n Internacional sobre los Derechos de las Personas con Discapacidad, de la cual M\u00e9xico forma parte, la creaci\u00f3n de la nueva instituci\u00f3n tiene como objetivo lograr la inclusi\u00f3n de este sector vulnerable y preservar los derechos fundamentales de ni\u00f1as, ni\u00f1os y adolescentes.<\/p>\n\n\n\n<p class=\"wp-block-paragraph\">La Procuradur\u00eda de la Defensa de los Derechos de las Personas con Discapacidad ser\u00e1 un ente que vigile, restituya, proteja y brinde certeza jur\u00eddica a una poblaci\u00f3n con discapacidad que encuentra su m\u00e1xima vulnerabilidad entre los 18 y 60 a\u00f1os de edad.<\/p>\n\n\n\n<p class=\"wp-block-paragraph\">El evento estuvo encabezado por Renata Kaczmarska, oficial de Asuntos Sociales y coordinadora de la Familia de la Organizaci\u00f3n de las Naciones Unidas (ONU). Asistieron representantes de organizaciones civiles, as\u00ed como de los sectores p\u00fablico y privado de los estados de Veracruz, Aguascalientes, Guanajuato, Estado de M\u00e9xico y Sonora.<\/p>\n","protected":false},"excerpt":{"rendered":"<p>El Congreso de Sonora, a trav\u00e9s de la presidencia de la Comisi\u00f3n de Derechos de la Ni\u00f1ez, Adolescencia y la Juventud, present\u00f3 ante la Organizaci\u00f3n de las Naciones Unidas (ONU) el proyecto para la creaci\u00f3n de la Procuradur\u00eda de la Defensa de los Derechos de las Personas con Discapacidad. En el marco del 30 aniversario&#8230;<\/p>\n","protected":false},"author":2,"featured_media":58848,"comment_status":"closed","ping_status":"closed","sticky":false,"template":"","format":"standard","meta":{"_crdt_document":"","_exactmetrics_skip_tracking":false,"_exactmetrics_sitenote_active":false,"_exactmetrics_sitenote_note":"","_exactmetrics_sitenote_category":0,"footnotes":""},"categories":[20,33,26,23,24,31,27],"tags":[28,29,30],"class_list":["post-58847","post","type-post","status-publish","format-standard","has-post-thumbnail","hentry","category-congreso","category-educacion","category-local","category-mexico","category-mundo","category-politica","category-sonora","tag-nogales","tag-nogales-la-gran-frontera","tag-sonora-tierra-de-oportunidades"],"_links":{"self":[{"href":"https:\/\/elpajaritonews.com\/index.php?rest_route=\/wp\/v2\/posts\/58847","targetHints":{"allow":["GET"]}}],"collection":[{"href":"https:\/\/elpajaritonews.com\/index.php?rest_route=\/wp\/v2\/posts"}],"about":[{"href":"https:\/\/elpajaritonews.com\/index.php?rest_route=\/wp\/v2\/types\/post"}],"author":[{"embeddable":true,"href":"https:\/\/elpajaritonews.com\/index.php?rest_route=\/wp\/v2\/users\/2"}],"replies":[{"embeddable":true,"href":"https:\/\/elpajaritonews.com\/index.php?rest_route=%2Fwp%2Fv2%2Fcomments&post=58847"}],"version-history":[{"count":1,"href":"https:\/\/elpajaritonews.com\/index.php?rest_route=\/wp\/v2\/posts\/58847\/revisions"}],"predecessor-version":[{"id":58850,"href":"https:\/\/elpajaritonews.com\/index.php?rest_route=\/wp\/v2\/posts\/58847\/revisions\/58850"}],"wp:featuredmedia":[{"embeddable":true,"href":"https:\/\/elpajaritonews.com\/index.php?rest_route=\/wp\/v2\/media\/58848"}],"wp:attachment":[{"href":"https:\/\/elpajaritonews.com\/index.php?rest_route=%2Fwp%2Fv2%2Fmedia&parent=58847"}],"wp:term":[{"taxonomy":"category","embeddable":true,"href":"https:\/\/elpajaritonews.com\/index.php?rest_route=%2Fwp%2Fv2%2Fcategories&post=58847"},{"taxonomy":"post_tag","embeddable":true,"href":"https:\/\/elpajaritonews.com\/index.php?rest_route=%2Fwp%2Fv2%2Ftags&post=58847"}],"curies":[{"name":"wp","href":"https:\/\/api.w.org\/{rel}","templated":true}]}}