{"id":58855,"date":"2024-05-17T03:26:18","date_gmt":"2024-05-17T03:26:18","guid":{"rendered":"https:\/\/elpajaritonews.com\/?p=58855"},"modified":"2024-05-17T03:29:20","modified_gmt":"2024-05-17T03:29:20","slug":"se-comprometen-celida-lopez-y-froylan-gamez-a-mantener-giras-bimestrales-como-futuros-senadores","status":"publish","type":"post","link":"https:\/\/elpajaritonews.com\/?p=58855","title":{"rendered":"SE COMPROMETEN CELIDA L\u00d3PEZ Y FROYL\u00c1N G\u00c1MEZ A MANTENER GIRAS BIMESTRALES COMO FUTUROS SENADORES"},"content":{"rendered":"\n<p class=\"wp-block-paragraph\">La candidata al Senado por el Partido del Trabajo (PT), Celida L\u00f3pez C\u00e1rdenas anunci\u00f3 este jueves que, de quedar segunda en las urnas y ganar el esca\u00f1o en la C\u00e1mara Alta, realizar\u00e1 giras al estado cada dos meses para estar en contacto con el pueblo sonorenses, conocer y resolver sus necesidades.<\/p>\n\n\n\n<figure class=\"wp-block-image size-large\"><img loading=\"lazy\" decoding=\"async\" width=\"1024\" height=\"683\" src=\"https:\/\/elpajaritonews.com\/wp-content\/uploads\/2024\/05\/1acaf328-c731-40ab-8b87-aedc23ceccc0-1024x683.jpg\" alt=\"\" class=\"wp-image-58857\" srcset=\"https:\/\/elpajaritonews.com\/wp-content\/uploads\/2024\/05\/1acaf328-c731-40ab-8b87-aedc23ceccc0-1024x683.jpg 1024w, https:\/\/elpajaritonews.com\/wp-content\/uploads\/2024\/05\/1acaf328-c731-40ab-8b87-aedc23ceccc0-300x200.jpg 300w, https:\/\/elpajaritonews.com\/wp-content\/uploads\/2024\/05\/1acaf328-c731-40ab-8b87-aedc23ceccc0-768x512.jpg 768w, https:\/\/elpajaritonews.com\/wp-content\/uploads\/2024\/05\/1acaf328-c731-40ab-8b87-aedc23ceccc0-1536x1024.jpg 1536w, https:\/\/elpajaritonews.com\/wp-content\/uploads\/2024\/05\/1acaf328-c731-40ab-8b87-aedc23ceccc0-630x420.jpg 630w, https:\/\/elpajaritonews.com\/wp-content\/uploads\/2024\/05\/1acaf328-c731-40ab-8b87-aedc23ceccc0-640x427.jpg 640w, https:\/\/elpajaritonews.com\/wp-content\/uploads\/2024\/05\/1acaf328-c731-40ab-8b87-aedc23ceccc0-681x454.jpg 681w, https:\/\/elpajaritonews.com\/wp-content\/uploads\/2024\/05\/1acaf328-c731-40ab-8b87-aedc23ceccc0.jpg 1599w\" sizes=\"auto, (max-width: 1024px) 100vw, 1024px\" \/><\/figure>\n\n\n\n<p class=\"wp-block-paragraph\">Los candidatos Froyl\u00e1n G\u00e1mez y Celida L\u00f3pez, llevaron a cabo una jornada de recorridos por el tianguis del Palo Verde, la colonia Renacimiento y Las Lomas, y en Cajeme con distintos grupos de la sociedad civil organizada y vecinos, donde conquistaron a la ciudadan\u00eda con sus propuestas y compromisos.<\/p>\n\n\n\n<figure class=\"wp-block-image size-large\"><img loading=\"lazy\" decoding=\"async\" width=\"1024\" height=\"682\" src=\"https:\/\/elpajaritonews.com\/wp-content\/uploads\/2024\/05\/cbee8050-5f51-4587-a316-ee5a55177e1a-1024x682.jpg\" alt=\"\" class=\"wp-image-58858\" srcset=\"https:\/\/elpajaritonews.com\/wp-content\/uploads\/2024\/05\/cbee8050-5f51-4587-a316-ee5a55177e1a-1024x682.jpg 1024w, https:\/\/elpajaritonews.com\/wp-content\/uploads\/2024\/05\/cbee8050-5f51-4587-a316-ee5a55177e1a-300x200.jpg 300w, https:\/\/elpajaritonews.com\/wp-content\/uploads\/2024\/05\/cbee8050-5f51-4587-a316-ee5a55177e1a-768x512.jpg 768w, https:\/\/elpajaritonews.com\/wp-content\/uploads\/2024\/05\/cbee8050-5f51-4587-a316-ee5a55177e1a-1536x1023.jpg 1536w, https:\/\/elpajaritonews.com\/wp-content\/uploads\/2024\/05\/cbee8050-5f51-4587-a316-ee5a55177e1a-630x420.jpg 630w, https:\/\/elpajaritonews.com\/wp-content\/uploads\/2024\/05\/cbee8050-5f51-4587-a316-ee5a55177e1a-640x426.jpg 640w, https:\/\/elpajaritonews.com\/wp-content\/uploads\/2024\/05\/cbee8050-5f51-4587-a316-ee5a55177e1a-681x454.jpg 681w, https:\/\/elpajaritonews.com\/wp-content\/uploads\/2024\/05\/cbee8050-5f51-4587-a316-ee5a55177e1a.jpg 1600w\" sizes=\"auto, (max-width: 1024px) 100vw, 1024px\" \/><\/figure>\n\n\n\n<p class=\"wp-block-paragraph\">Celida L\u00f3pez dio a conocer que, a diferencia de la senadora ausente Lilly T\u00e9llez, ella ser\u00e1 una legisladora de territorio, que actualizar\u00e1 constantemente su agenda de trabajo seg\u00fan los problemas que aquejan al estado y a sus habitantes.<\/p>\n","protected":false},"excerpt":{"rendered":"<p>La candidata al Senado por el Partido del Trabajo (PT), Celida L\u00f3pez C\u00e1rdenas anunci\u00f3 este jueves que, de quedar segunda en las urnas y ganar el esca\u00f1o en la C\u00e1mara Alta, realizar\u00e1 giras al estado cada dos meses para estar en contacto con el pueblo sonorenses, conocer y resolver sus necesidades. Los candidatos Froyl\u00e1n G\u00e1mez&#8230;<\/p>\n","protected":false},"author":2,"featured_media":58856,"comment_status":"closed","ping_status":"closed","sticky":false,"template":"","format":"standard","meta":{"_crdt_document":"","_exactmetrics_skip_tracking":false,"_exactmetrics_sitenote_active":false,"_exactmetrics_sitenote_note":"","_exactmetrics_sitenote_category":0,"footnotes":""},"categories":[35,26,23,31,27],"tags":[],"class_list":["post-58855","post","type-post","status-publish","format-standard","has-post-thumbnail","hentry","category-elecciones-2024","category-local","category-mexico","category-politica","category-sonora"],"_links":{"self":[{"href":"https:\/\/elpajaritonews.com\/index.php?rest_route=\/wp\/v2\/posts\/58855","targetHints":{"allow":["GET"]}}],"collection":[{"href":"https:\/\/elpajaritonews.com\/index.php?rest_route=\/wp\/v2\/posts"}],"about":[{"href":"https:\/\/elpajaritonews.com\/index.php?rest_route=\/wp\/v2\/types\/post"}],"author":[{"embeddable":true,"href":"https:\/\/elpajaritonews.com\/index.php?rest_route=\/wp\/v2\/users\/2"}],"replies":[{"embeddable":true,"href":"https:\/\/elpajaritonews.com\/index.php?rest_route=%2Fwp%2Fv2%2Fcomments&post=58855"}],"version-history":[{"count":1,"href":"https:\/\/elpajaritonews.com\/index.php?rest_route=\/wp\/v2\/posts\/58855\/revisions"}],"predecessor-version":[{"id":58859,"href":"https:\/\/elpajaritonews.com\/index.php?rest_route=\/wp\/v2\/posts\/58855\/revisions\/58859"}],"wp:featuredmedia":[{"embeddable":true,"href":"https:\/\/elpajaritonews.com\/index.php?rest_route=\/wp\/v2\/media\/58856"}],"wp:attachment":[{"href":"https:\/\/elpajaritonews.com\/index.php?rest_route=%2Fwp%2Fv2%2Fmedia&parent=58855"}],"wp:term":[{"taxonomy":"category","embeddable":true,"href":"https:\/\/elpajaritonews.com\/index.php?rest_route=%2Fwp%2Fv2%2Fcategories&post=58855"},{"taxonomy":"post_tag","embeddable":true,"href":"https:\/\/elpajaritonews.com\/index.php?rest_route=%2Fwp%2Fv2%2Ftags&post=58855"}],"curies":[{"name":"wp","href":"https:\/\/api.w.org\/{rel}","templated":true}]}}