{"id":58862,"date":"2024-05-18T00:26:56","date_gmt":"2024-05-18T00:26:56","guid":{"rendered":"https:\/\/elpajaritonews.com\/?p=58862"},"modified":"2024-05-18T00:26:58","modified_gmt":"2024-05-18T00:26:58","slug":"hermosillo-no-es-un-negocio-y-el-agua-es-un-derecho-humano-maria-dolores-del-rio","status":"publish","type":"post","link":"https:\/\/elpajaritonews.com\/?p=58862","title":{"rendered":"HERMOSILLO NO ES UN NEGOCIO Y EL AGUA ES UN DERECHO HUMANO: MAR\u00cdA DOLORES DEL R\u00cdO"},"content":{"rendered":"\n<p class=\"wp-block-paragraph\">Mar\u00eda Dolores Del R\u00edo candidata com\u00fan a la alcald\u00eda de Hermosillo por Morena, se pronunci\u00f3 en contra de la propuesta del candidato del PRI de privatizar el servicio de agua en Hermosillo.<\/p>\n\n\n\n<p class=\"wp-block-paragraph\">\u201cYa hemos visto que sucede en las ciudades donde se realizan este tipo de acciones, el ayuntamiento no debe ver el servicio p\u00fablico como un negocio; el agua es para todos, no para unos cuantos\u201d declar\u00f3 la abanderada de Morena.<\/p>\n\n\n\n<figure class=\"wp-block-video\"><video height=\"480\" style=\"aspect-ratio: 848 \/ 480;\" width=\"848\" controls src=\"https:\/\/elpajaritonews.com\/wp-content\/uploads\/2024\/05\/WhatsApp-Video-2024-05-17-at-13.37.47.mp4\"><\/video><\/figure>\n\n\n\n<p class=\"wp-block-paragraph\">Dolores Del R\u00edo, se\u00f1al\u00f3 que el ahora candidato del PRI, que busca la reelecci\u00f3n, anteriormente concesion\u00f3 el servicio de basura cuando fue alcalde en Guaymas, tema que hasta la fecha sufren los habitantes del municipio. Tambi\u00e9n hizo lo propio con las patrullas, concesionando la seguridad, al rentar veh\u00edculos para el servicio de atenci\u00f3n en lugar de comprarlos para la ciudad.<\/p>\n\n\n\n<p class=\"wp-block-paragraph\">\u201cEste dos de junio hay mucho en juego, la visi\u00f3n del PRI que busca hacer negocio y la de nosotros, de la transformaci\u00f3n que pone en el centro de las pol\u00edticas p\u00fablicas a todas las personas.\u201d Concluy\u00f3.<\/p>\n","protected":false},"excerpt":{"rendered":"<p>Mar\u00eda Dolores Del R\u00edo candidata com\u00fan a la alcald\u00eda de Hermosillo por Morena, se pronunci\u00f3 en contra de la propuesta del candidato del PRI de privatizar el servicio de agua en Hermosillo. \u201cYa hemos visto que sucede en las ciudades donde se realizan este tipo de acciones, el ayuntamiento no debe ver el servicio p\u00fablico&#8230;<\/p>\n","protected":false},"author":2,"featured_media":58863,"comment_status":"closed","ping_status":"closed","sticky":false,"template":"","format":"standard","meta":{"_crdt_document":"","_exactmetrics_skip_tracking":false,"_exactmetrics_sitenote_active":false,"_exactmetrics_sitenote_note":"","_exactmetrics_sitenote_category":0,"footnotes":""},"categories":[35,26,31,27],"tags":[28,29,30],"class_list":["post-58862","post","type-post","status-publish","format-standard","has-post-thumbnail","hentry","category-elecciones-2024","category-local","category-politica","category-sonora","tag-nogales","tag-nogales-la-gran-frontera","tag-sonora-tierra-de-oportunidades"],"_links":{"self":[{"href":"https:\/\/elpajaritonews.com\/index.php?rest_route=\/wp\/v2\/posts\/58862","targetHints":{"allow":["GET"]}}],"collection":[{"href":"https:\/\/elpajaritonews.com\/index.php?rest_route=\/wp\/v2\/posts"}],"about":[{"href":"https:\/\/elpajaritonews.com\/index.php?rest_route=\/wp\/v2\/types\/post"}],"author":[{"embeddable":true,"href":"https:\/\/elpajaritonews.com\/index.php?rest_route=\/wp\/v2\/users\/2"}],"replies":[{"embeddable":true,"href":"https:\/\/elpajaritonews.com\/index.php?rest_route=%2Fwp%2Fv2%2Fcomments&post=58862"}],"version-history":[{"count":1,"href":"https:\/\/elpajaritonews.com\/index.php?rest_route=\/wp\/v2\/posts\/58862\/revisions"}],"predecessor-version":[{"id":58865,"href":"https:\/\/elpajaritonews.com\/index.php?rest_route=\/wp\/v2\/posts\/58862\/revisions\/58865"}],"wp:featuredmedia":[{"embeddable":true,"href":"https:\/\/elpajaritonews.com\/index.php?rest_route=\/wp\/v2\/media\/58863"}],"wp:attachment":[{"href":"https:\/\/elpajaritonews.com\/index.php?rest_route=%2Fwp%2Fv2%2Fmedia&parent=58862"}],"wp:term":[{"taxonomy":"category","embeddable":true,"href":"https:\/\/elpajaritonews.com\/index.php?rest_route=%2Fwp%2Fv2%2Fcategories&post=58862"},{"taxonomy":"post_tag","embeddable":true,"href":"https:\/\/elpajaritonews.com\/index.php?rest_route=%2Fwp%2Fv2%2Ftags&post=58862"}],"curies":[{"name":"wp","href":"https:\/\/api.w.org\/{rel}","templated":true}]}}