{"id":58881,"date":"2024-05-18T03:47:22","date_gmt":"2024-05-18T03:47:22","guid":{"rendered":"https:\/\/elpajaritonews.com\/?p=58881"},"modified":"2024-05-18T03:47:24","modified_gmt":"2024-05-18T03:47:24","slug":"celida-y-froylan-se-fortalecen-en-la-recta-final","status":"publish","type":"post","link":"https:\/\/elpajaritonews.com\/?p=58881","title":{"rendered":"CELIDA Y FROYL\u00c1N SE FORTALECEN EN LA RECTA FINAL"},"content":{"rendered":"\n<p class=\"wp-block-paragraph\">Con entusiasmo los candidatos al Senado por el Partido del Trabajo (PT), Celida L\u00f3pez y Froyl\u00e1n G\u00e1mez, redoblaron esfuerzos este viernes con m\u00faltiples actividades y eventos en la capital del estado, en Caborca y en el municipio de Altar, con el fin de mantener el crecimiento notable que se ha observado a favor de su f\u00f3rmula.<\/p>\n\n\n\n<p class=\"wp-block-paragraph\">Por la ma\u00f1ana la dupla petista areng\u00f3 al voto y peg\u00f3 calcas en el concurrido crucero de Solidaridad y L\u00e1zaro C\u00e1rdenas, para posteriormente tomar diferentes destinos y continuar reforzando el Plan C de la Dra. Claudia Sheinbaum.<\/p>\n\n\n\n<figure class=\"wp-block-image size-large\"><img loading=\"lazy\" decoding=\"async\" width=\"1024\" height=\"684\" src=\"https:\/\/elpajaritonews.com\/wp-content\/uploads\/2024\/05\/37dcd9a3-c1a8-433b-9521-59181121b28d-1024x684.jpg\" alt=\"\" class=\"wp-image-58883\" srcset=\"https:\/\/elpajaritonews.com\/wp-content\/uploads\/2024\/05\/37dcd9a3-c1a8-433b-9521-59181121b28d-1024x684.jpg 1024w, https:\/\/elpajaritonews.com\/wp-content\/uploads\/2024\/05\/37dcd9a3-c1a8-433b-9521-59181121b28d-300x200.jpg 300w, https:\/\/elpajaritonews.com\/wp-content\/uploads\/2024\/05\/37dcd9a3-c1a8-433b-9521-59181121b28d-768x513.jpg 768w, https:\/\/elpajaritonews.com\/wp-content\/uploads\/2024\/05\/37dcd9a3-c1a8-433b-9521-59181121b28d-1536x1025.jpg 1536w, https:\/\/elpajaritonews.com\/wp-content\/uploads\/2024\/05\/37dcd9a3-c1a8-433b-9521-59181121b28d-629x420.jpg 629w, https:\/\/elpajaritonews.com\/wp-content\/uploads\/2024\/05\/37dcd9a3-c1a8-433b-9521-59181121b28d-537x360.jpg 537w, https:\/\/elpajaritonews.com\/wp-content\/uploads\/2024\/05\/37dcd9a3-c1a8-433b-9521-59181121b28d-640x427.jpg 640w, https:\/\/elpajaritonews.com\/wp-content\/uploads\/2024\/05\/37dcd9a3-c1a8-433b-9521-59181121b28d-681x455.jpg 681w, https:\/\/elpajaritonews.com\/wp-content\/uploads\/2024\/05\/37dcd9a3-c1a8-433b-9521-59181121b28d.jpg 1600w\" sizes=\"auto, (max-width: 1024px) 100vw, 1024px\" \/><\/figure>\n\n\n\n<p class=\"wp-block-paragraph\">En Caborca Celida L\u00f3pez habl\u00f3 de sus propuestas como futura senadora y resalt\u00f3 que est\u00e1n a 5 puntos de empatar a nivel estatal a los candidatos de oposici\u00f3n, Manlio Fabio Beltrones y Lilly T\u00e9llez.<\/p>\n\n\n\n<p class=\"wp-block-paragraph\">Por su parte, Froyl\u00e1n G\u00e1mez se present\u00f3 en Altar para conseguir sumar el apoyo de los ciudadanos del mencionado municipio para lograr la haza\u00f1a de obtener 3 senadores del movimiento para construir las mayor\u00edas calificadas en el Segundo Piso de la 4T.<\/p>\n","protected":false},"excerpt":{"rendered":"<p>Con entusiasmo los candidatos al Senado por el Partido del Trabajo (PT), Celida L\u00f3pez y Froyl\u00e1n G\u00e1mez, redoblaron esfuerzos este viernes con m\u00faltiples actividades y eventos en la capital del estado, en Caborca y en el municipio de Altar, con el fin de mantener el crecimiento notable que se ha observado a favor de su&#8230;<\/p>\n","protected":false},"author":2,"featured_media":58882,"comment_status":"closed","ping_status":"closed","sticky":false,"template":"","format":"standard","meta":{"_crdt_document":"","_exactmetrics_skip_tracking":false,"_exactmetrics_sitenote_active":false,"_exactmetrics_sitenote_note":"","_exactmetrics_sitenote_category":0,"footnotes":""},"categories":[35,26,23,31,27],"tags":[28,29,30],"class_list":["post-58881","post","type-post","status-publish","format-standard","has-post-thumbnail","hentry","category-elecciones-2024","category-local","category-mexico","category-politica","category-sonora","tag-nogales","tag-nogales-la-gran-frontera","tag-sonora-tierra-de-oportunidades"],"_links":{"self":[{"href":"https:\/\/elpajaritonews.com\/index.php?rest_route=\/wp\/v2\/posts\/58881","targetHints":{"allow":["GET"]}}],"collection":[{"href":"https:\/\/elpajaritonews.com\/index.php?rest_route=\/wp\/v2\/posts"}],"about":[{"href":"https:\/\/elpajaritonews.com\/index.php?rest_route=\/wp\/v2\/types\/post"}],"author":[{"embeddable":true,"href":"https:\/\/elpajaritonews.com\/index.php?rest_route=\/wp\/v2\/users\/2"}],"replies":[{"embeddable":true,"href":"https:\/\/elpajaritonews.com\/index.php?rest_route=%2Fwp%2Fv2%2Fcomments&post=58881"}],"version-history":[{"count":1,"href":"https:\/\/elpajaritonews.com\/index.php?rest_route=\/wp\/v2\/posts\/58881\/revisions"}],"predecessor-version":[{"id":58884,"href":"https:\/\/elpajaritonews.com\/index.php?rest_route=\/wp\/v2\/posts\/58881\/revisions\/58884"}],"wp:featuredmedia":[{"embeddable":true,"href":"https:\/\/elpajaritonews.com\/index.php?rest_route=\/wp\/v2\/media\/58882"}],"wp:attachment":[{"href":"https:\/\/elpajaritonews.com\/index.php?rest_route=%2Fwp%2Fv2%2Fmedia&parent=58881"}],"wp:term":[{"taxonomy":"category","embeddable":true,"href":"https:\/\/elpajaritonews.com\/index.php?rest_route=%2Fwp%2Fv2%2Fcategories&post=58881"},{"taxonomy":"post_tag","embeddable":true,"href":"https:\/\/elpajaritonews.com\/index.php?rest_route=%2Fwp%2Fv2%2Ftags&post=58881"}],"curies":[{"name":"wp","href":"https:\/\/api.w.org\/{rel}","templated":true}]}}