{"id":58896,"date":"2024-05-18T04:25:10","date_gmt":"2024-05-18T04:25:10","guid":{"rendered":"https:\/\/elpajaritonews.com\/?p=58896"},"modified":"2024-05-18T04:25:12","modified_gmt":"2024-05-18T04:25:12","slug":"dos-nuevos-apoyos-sociales-seran-de-gran-beneficio-para-las-personas-mas-vulnerables-diana-karina-barreras","status":"publish","type":"post","link":"https:\/\/elpajaritonews.com\/?p=58896","title":{"rendered":"DOS NUEVOS APOYOS SOCIALES SER\u00c1N DE GRAN BENEFICIO PARA LAS PERSONAS M\u00c1S VULNERABLES: DIANA KARINA BARRERAS"},"content":{"rendered":"\n<p class=\"wp-block-paragraph\">Los dos nuevos programas sociales que propone la Cuarta Transformaci\u00f3n ser\u00e1n de gran ayuda para sus beneficiarios, que son las personas m\u00e1s vulnerables, consider\u00f3 Diana Karina Barreras Samaniego.<\/p>\n\n\n\n<p class=\"wp-block-paragraph\">La candidata a diputada federal por el distrito 3 de Sonora por Morena, Partido del Trabajo y Partido Verde, se refiri\u00f3 a la pensi\u00f3n a mujeres de 60 a 64 a\u00f1os, y una beca universal para todas y todos los ni\u00f1os que estudien en escuelas p\u00fablicas de preescolar, primaria y secundaria.<\/p>\n\n\n\n<figure class=\"wp-block-image size-large\"><img loading=\"lazy\" decoding=\"async\" width=\"1024\" height=\"683\" src=\"https:\/\/elpajaritonews.com\/wp-content\/uploads\/2024\/05\/15f0914d-5d80-4dee-bacb-b8f742adaa05-1024x683.jpg\" alt=\"\" class=\"wp-image-58898\" srcset=\"https:\/\/elpajaritonews.com\/wp-content\/uploads\/2024\/05\/15f0914d-5d80-4dee-bacb-b8f742adaa05-1024x683.jpg 1024w, https:\/\/elpajaritonews.com\/wp-content\/uploads\/2024\/05\/15f0914d-5d80-4dee-bacb-b8f742adaa05-300x200.jpg 300w, https:\/\/elpajaritonews.com\/wp-content\/uploads\/2024\/05\/15f0914d-5d80-4dee-bacb-b8f742adaa05-768x512.jpg 768w, https:\/\/elpajaritonews.com\/wp-content\/uploads\/2024\/05\/15f0914d-5d80-4dee-bacb-b8f742adaa05-1536x1024.jpg 1536w, https:\/\/elpajaritonews.com\/wp-content\/uploads\/2024\/05\/15f0914d-5d80-4dee-bacb-b8f742adaa05-2048x1365.jpg 2048w, https:\/\/elpajaritonews.com\/wp-content\/uploads\/2024\/05\/15f0914d-5d80-4dee-bacb-b8f742adaa05-630x420.jpg 630w, https:\/\/elpajaritonews.com\/wp-content\/uploads\/2024\/05\/15f0914d-5d80-4dee-bacb-b8f742adaa05-640x427.jpg 640w, https:\/\/elpajaritonews.com\/wp-content\/uploads\/2024\/05\/15f0914d-5d80-4dee-bacb-b8f742adaa05-681x454.jpg 681w\" sizes=\"auto, (max-width: 1024px) 100vw, 1024px\" \/><\/figure>\n\n\n\n<p class=\"wp-block-paragraph\">\u201cEstos dos programas est\u00e1n incluidos en el Plan de Naci\u00f3n de nuestra pr\u00f3xima presidenta, la doctora Claudia Sheinbaum, y son de sus prioridades, y nosotros, como los pr\u00f3ximos diputados federales, vamos a apoyar las iniciativas para que se hagan realidad en beneficio de los que menos tienen, que son los grupos m\u00e1s vulnerables que nos hemos encontrado en los recorridos por las colonias\u201d, se\u00f1al\u00f3.<\/p>\n\n\n\n<p class=\"wp-block-paragraph\">Diana Karina Barreras indic\u00f3 que otra iniciativa que apoyar\u00e1 como diputada federal ser\u00e1 la extensi\u00f3n de la pensi\u00f3n a personas con discapacidad hasta los 64 a\u00f1os, para que luego ambos grupos, las personas con discapacidad y las mujeres con pensi\u00f3n de los 60 a 64 a\u00f1os, pasen a ser atendidos por la pensi\u00f3n universal para adultos mayores al llegar a los 65 a\u00f1os.<\/p>\n\n\n\n<p class=\"wp-block-paragraph\">\u201cLas y los candidatos de la Cuarta Transformaci\u00f3n somos los \u00fanicos que garantizamos la continuidad de los actuales apoyos sociales y alcanzar los nuevos apoyos que propone la doctora Sheinbaum, porque la oposici\u00f3n no ha dudado en votar en contra de ellos, lo que no es nuevo, porque sabemos de su falta de compromiso social\u201d, asever\u00f3.<\/p>\n\n\n\n<p class=\"wp-block-paragraph\">La abanderada de la coalici\u00f3n Sigamos Haciendo Historia subray\u00f3 su invitaci\u00f3n a todas y a todos a salir a votar acompa\u00f1ados de familia y amigos para que el apoyo popular hacia la 4T se refleje en las urnas el pr\u00f3ximo 2 de junio.<\/p>\n","protected":false},"excerpt":{"rendered":"<p>Los dos nuevos programas sociales que propone la Cuarta Transformaci\u00f3n ser\u00e1n de gran ayuda para sus beneficiarios, que son las personas m\u00e1s vulnerables, consider\u00f3 Diana Karina Barreras Samaniego. La candidata a diputada federal por el distrito 3 de Sonora por Morena, Partido del Trabajo y Partido Verde, se refiri\u00f3 a la pensi\u00f3n a mujeres de&#8230;<\/p>\n","protected":false},"author":2,"featured_media":58897,"comment_status":"closed","ping_status":"closed","sticky":false,"template":"","format":"standard","meta":{"_crdt_document":"","_exactmetrics_skip_tracking":false,"_exactmetrics_sitenote_active":false,"_exactmetrics_sitenote_note":"","_exactmetrics_sitenote_category":0,"footnotes":""},"categories":[35,26,23,31,27],"tags":[28,29,30],"class_list":["post-58896","post","type-post","status-publish","format-standard","has-post-thumbnail","hentry","category-elecciones-2024","category-local","category-mexico","category-politica","category-sonora","tag-nogales","tag-nogales-la-gran-frontera","tag-sonora-tierra-de-oportunidades"],"_links":{"self":[{"href":"https:\/\/elpajaritonews.com\/index.php?rest_route=\/wp\/v2\/posts\/58896","targetHints":{"allow":["GET"]}}],"collection":[{"href":"https:\/\/elpajaritonews.com\/index.php?rest_route=\/wp\/v2\/posts"}],"about":[{"href":"https:\/\/elpajaritonews.com\/index.php?rest_route=\/wp\/v2\/types\/post"}],"author":[{"embeddable":true,"href":"https:\/\/elpajaritonews.com\/index.php?rest_route=\/wp\/v2\/users\/2"}],"replies":[{"embeddable":true,"href":"https:\/\/elpajaritonews.com\/index.php?rest_route=%2Fwp%2Fv2%2Fcomments&post=58896"}],"version-history":[{"count":1,"href":"https:\/\/elpajaritonews.com\/index.php?rest_route=\/wp\/v2\/posts\/58896\/revisions"}],"predecessor-version":[{"id":58899,"href":"https:\/\/elpajaritonews.com\/index.php?rest_route=\/wp\/v2\/posts\/58896\/revisions\/58899"}],"wp:featuredmedia":[{"embeddable":true,"href":"https:\/\/elpajaritonews.com\/index.php?rest_route=\/wp\/v2\/media\/58897"}],"wp:attachment":[{"href":"https:\/\/elpajaritonews.com\/index.php?rest_route=%2Fwp%2Fv2%2Fmedia&parent=58896"}],"wp:term":[{"taxonomy":"category","embeddable":true,"href":"https:\/\/elpajaritonews.com\/index.php?rest_route=%2Fwp%2Fv2%2Fcategories&post=58896"},{"taxonomy":"post_tag","embeddable":true,"href":"https:\/\/elpajaritonews.com\/index.php?rest_route=%2Fwp%2Fv2%2Ftags&post=58896"}],"curies":[{"name":"wp","href":"https:\/\/api.w.org\/{rel}","templated":true}]}}