{"id":58909,"date":"2024-05-18T20:05:24","date_gmt":"2024-05-18T20:05:24","guid":{"rendered":"https:\/\/elpajaritonews.com\/?p=58909"},"modified":"2024-05-18T20:05:26","modified_gmt":"2024-05-18T20:05:26","slug":"el-distrito-9-sur-de-hermosillo-totalmente-olvidado-lo-corroboramos-con-oscar-ortiz","status":"publish","type":"post","link":"https:\/\/elpajaritonews.com\/?p=58909","title":{"rendered":"EL DISTRITO 9 SUR DE HERMOSILLO, TOTALMENTE OLVIDADO, LO CORROBORAMOS CON OSCAR ORT\u00cdZ"},"content":{"rendered":"\n<p class=\"wp-block-paragraph\">En una cuarta edici\u00f3n los periodistas Omar de la Vara y Vinicio S\u00e1nchez, llevamos ahora a Oscar Ort\u00edz candidato a la diputaci\u00f3n local por el distrito 9 de Hermosillo., un pol\u00edtico, que tienen una gran trayectoria pol\u00edtica mas que todo en el sector sindical, laboral y social.<\/p>\n\n\n\n<figure class=\"wp-block-image size-large\"><img loading=\"lazy\" decoding=\"async\" width=\"1024\" height=\"482\" src=\"https:\/\/elpajaritonews.com\/wp-content\/uploads\/2024\/05\/3-1024x482.jpg\" alt=\"\" class=\"wp-image-58912\" srcset=\"https:\/\/elpajaritonews.com\/wp-content\/uploads\/2024\/05\/3-1024x482.jpg 1024w, https:\/\/elpajaritonews.com\/wp-content\/uploads\/2024\/05\/3-300x141.jpg 300w, https:\/\/elpajaritonews.com\/wp-content\/uploads\/2024\/05\/3-768x362.jpg 768w, https:\/\/elpajaritonews.com\/wp-content\/uploads\/2024\/05\/3-892x420.jpg 892w, https:\/\/elpajaritonews.com\/wp-content\/uploads\/2024\/05\/3-640x301.jpg 640w, https:\/\/elpajaritonews.com\/wp-content\/uploads\/2024\/05\/3-681x321.jpg 681w, https:\/\/elpajaritonews.com\/wp-content\/uploads\/2024\/05\/3.jpg 1472w\" sizes=\"auto, (max-width: 1024px) 100vw, 1024px\" \/><\/figure>\n\n\n\n<p class=\"wp-block-paragraph\">Fuimos hasta su oficina y nos recibi\u00f3 como siempre son esa cortes\u00eda, y listo para hacer el recorrido ya que como sabemos los candidatos no paran, el tiempo se agota.<\/p>\n\n\n\n<p class=\"wp-block-paragraph\">Este ejercicio period\u00edstico no es un producto de venta, ni de promoci\u00f3n, nos mueve saber que la gente se sienta representada ante una oferta pol\u00edtica de cualquier \u00edndole de partidos, cualquier sujeto pol\u00edtico est\u00e1 invitado a que conozca junto a los medios y detectar cuales son la promesas que se convierten en mentiras electorales.<\/p>\n\n\n\n<figure class=\"wp-block-image size-large\"><img loading=\"lazy\" decoding=\"async\" width=\"1024\" height=\"486\" src=\"https:\/\/elpajaritonews.com\/wp-content\/uploads\/2024\/05\/4-1024x486.jpg\" alt=\"\" class=\"wp-image-58913\" srcset=\"https:\/\/elpajaritonews.com\/wp-content\/uploads\/2024\/05\/4-1024x486.jpg 1024w, https:\/\/elpajaritonews.com\/wp-content\/uploads\/2024\/05\/4-300x142.jpg 300w, https:\/\/elpajaritonews.com\/wp-content\/uploads\/2024\/05\/4-768x364.jpg 768w, https:\/\/elpajaritonews.com\/wp-content\/uploads\/2024\/05\/4-885x420.jpg 885w, https:\/\/elpajaritonews.com\/wp-content\/uploads\/2024\/05\/4-640x304.jpg 640w, https:\/\/elpajaritonews.com\/wp-content\/uploads\/2024\/05\/4-681x323.jpg 681w, https:\/\/elpajaritonews.com\/wp-content\/uploads\/2024\/05\/4.jpg 1353w\" sizes=\"auto, (max-width: 1024px) 100vw, 1024px\" \/><\/figure>\n\n\n\n<p class=\"wp-block-paragraph\">Un agradecimiento Oscar Ort\u00edz candidato a la diputaci\u00f3n local por el distrito 9 de Hermosillo, por el Morena-Verde-PT-PES-NA.<\/p>\n\n\n\n<p class=\"wp-block-paragraph\">Conoce sus propuestas en este video, que persona es, si ya lo conoces habla con \u00e9l y que conozca cu\u00e1l es tu opini\u00f3n y t\u00fa la de \u00e9l.<\/p>\n\n\n\n<figure class=\"wp-block-image size-large\"><img loading=\"lazy\" decoding=\"async\" width=\"1024\" height=\"483\" src=\"https:\/\/elpajaritonews.com\/wp-content\/uploads\/2024\/05\/5-1-1024x483.jpg\" alt=\"\" class=\"wp-image-58914\" srcset=\"https:\/\/elpajaritonews.com\/wp-content\/uploads\/2024\/05\/5-1-1024x483.jpg 1024w, https:\/\/elpajaritonews.com\/wp-content\/uploads\/2024\/05\/5-1-300x141.jpg 300w, https:\/\/elpajaritonews.com\/wp-content\/uploads\/2024\/05\/5-1-768x362.jpg 768w, https:\/\/elpajaritonews.com\/wp-content\/uploads\/2024\/05\/5-1-891x420.jpg 891w, https:\/\/elpajaritonews.com\/wp-content\/uploads\/2024\/05\/5-1-640x302.jpg 640w, https:\/\/elpajaritonews.com\/wp-content\/uploads\/2024\/05\/5-1-681x321.jpg 681w, https:\/\/elpajaritonews.com\/wp-content\/uploads\/2024\/05\/5-1.jpg 1451w\" sizes=\"auto, (max-width: 1024px) 100vw, 1024px\" \/><\/figure>\n\n\n\n<p class=\"wp-block-paragraph\">Omar de la Vara asume la responsabilidad de representar al Hermosillense, al cuidando, que dif\u00edcil\u2026. Ante el candidato que casualmente es su distrito, Oscar Ort\u00edz, acepto el ejercicio peri\u00f3stico que resulto lo que usted diga y piense.<\/p>\n\n\n\n<p class=\"wp-block-paragraph\">Video y recorrido completo<\/p>\n\n\n\n<figure class=\"wp-block-embed is-type-video is-provider-youtube wp-block-embed-youtube wp-embed-aspect-16-9 wp-has-aspect-ratio\"><div class=\"wp-block-embed__wrapper\">\n<iframe loading=\"lazy\" title=\"El Distrito 9 sur de Hermosillo, totalmente olvidado, lo corroboramos con Oscar Ort\u00edz\" width=\"640\" height=\"360\" src=\"https:\/\/www.youtube.com\/embed\/61hv76RiWOQ?feature=oembed\" frameborder=\"0\" allow=\"accelerometer; autoplay; clipboard-write; encrypted-media; gyroscope; picture-in-picture; web-share\" referrerpolicy=\"strict-origin-when-cross-origin\" allowfullscreen><\/iframe>\n<\/div><\/figure>\n","protected":false},"excerpt":{"rendered":"<p>En una cuarta edici\u00f3n los periodistas Omar de la Vara y Vinicio S\u00e1nchez, llevamos ahora a Oscar Ort\u00edz candidato a la diputaci\u00f3n local por el distrito 9 de Hermosillo., un pol\u00edtico, que tienen una gran trayectoria pol\u00edtica mas que todo en el sector sindical, laboral y social. Fuimos hasta su oficina y nos recibi\u00f3 como&#8230;<\/p>\n","protected":false},"author":2,"featured_media":58911,"comment_status":"closed","ping_status":"closed","sticky":false,"template":"","format":"standard","meta":{"_crdt_document":"","_exactmetrics_skip_tracking":false,"_exactmetrics_sitenote_active":false,"_exactmetrics_sitenote_note":"","_exactmetrics_sitenote_category":0,"footnotes":""},"categories":[35,26,37,23,19,31,32,1,27],"tags":[28,29,30],"class_list":["post-58909","post","type-post","status-publish","format-standard","has-post-thumbnail","hentry","category-elecciones-2024","category-local","category-medio-ambiente","category-mexico","category-opinion","category-politica","category-salud","category-seguridad","category-sonora","tag-nogales","tag-nogales-la-gran-frontera","tag-sonora-tierra-de-oportunidades"],"_links":{"self":[{"href":"https:\/\/elpajaritonews.com\/index.php?rest_route=\/wp\/v2\/posts\/58909","targetHints":{"allow":["GET"]}}],"collection":[{"href":"https:\/\/elpajaritonews.com\/index.php?rest_route=\/wp\/v2\/posts"}],"about":[{"href":"https:\/\/elpajaritonews.com\/index.php?rest_route=\/wp\/v2\/types\/post"}],"author":[{"embeddable":true,"href":"https:\/\/elpajaritonews.com\/index.php?rest_route=\/wp\/v2\/users\/2"}],"replies":[{"embeddable":true,"href":"https:\/\/elpajaritonews.com\/index.php?rest_route=%2Fwp%2Fv2%2Fcomments&post=58909"}],"version-history":[{"count":1,"href":"https:\/\/elpajaritonews.com\/index.php?rest_route=\/wp\/v2\/posts\/58909\/revisions"}],"predecessor-version":[{"id":58915,"href":"https:\/\/elpajaritonews.com\/index.php?rest_route=\/wp\/v2\/posts\/58909\/revisions\/58915"}],"wp:featuredmedia":[{"embeddable":true,"href":"https:\/\/elpajaritonews.com\/index.php?rest_route=\/wp\/v2\/media\/58911"}],"wp:attachment":[{"href":"https:\/\/elpajaritonews.com\/index.php?rest_route=%2Fwp%2Fv2%2Fmedia&parent=58909"}],"wp:term":[{"taxonomy":"category","embeddable":true,"href":"https:\/\/elpajaritonews.com\/index.php?rest_route=%2Fwp%2Fv2%2Fcategories&post=58909"},{"taxonomy":"post_tag","embeddable":true,"href":"https:\/\/elpajaritonews.com\/index.php?rest_route=%2Fwp%2Fv2%2Ftags&post=58909"}],"curies":[{"name":"wp","href":"https:\/\/api.w.org\/{rel}","templated":true}]}}