{"id":59024,"date":"2024-05-21T23:01:58","date_gmt":"2024-05-21T23:01:58","guid":{"rendered":"https:\/\/elpajaritonews.com\/?p=59024"},"modified":"2024-05-21T23:02:00","modified_gmt":"2024-05-21T23:02:00","slug":"tiene-el-colegio-de-contadores-publicos-de-sonora-nuevo-presidente","status":"publish","type":"post","link":"https:\/\/elpajaritonews.com\/?p=59024","title":{"rendered":"TIENE EL COLEGIO DE CONTADORES P\u00daBLICOS DE SONORA NUEVO PRESIDENTE"},"content":{"rendered":"\n<p class=\"wp-block-paragraph\">Tom\u00e1s Garc\u00eda Ibarra; Contador P\u00fablico Certificado en Auditor\u00eda Gubernamental (CP. PCAG.), tom\u00f3 protesta como nuevo presidente del Colegio de Contadores P\u00fablicos de Sonora (CCPS) para el periodo de mayo 2024 a mayo 2025, sucediendo a CPC. Avelino Castro Valencia.<\/p>\n\n\n\n<figure class=\"wp-block-image size-large\"><img loading=\"lazy\" decoding=\"async\" width=\"1024\" height=\"768\" src=\"https:\/\/elpajaritonews.com\/wp-content\/uploads\/2024\/05\/ce214063-cf22-48a6-b003-abc0ac14f3de-1024x768.jpg\" alt=\"\" class=\"wp-image-59026\" srcset=\"https:\/\/elpajaritonews.com\/wp-content\/uploads\/2024\/05\/ce214063-cf22-48a6-b003-abc0ac14f3de-1024x768.jpg 1024w, https:\/\/elpajaritonews.com\/wp-content\/uploads\/2024\/05\/ce214063-cf22-48a6-b003-abc0ac14f3de-300x225.jpg 300w, https:\/\/elpajaritonews.com\/wp-content\/uploads\/2024\/05\/ce214063-cf22-48a6-b003-abc0ac14f3de-768x576.jpg 768w, https:\/\/elpajaritonews.com\/wp-content\/uploads\/2024\/05\/ce214063-cf22-48a6-b003-abc0ac14f3de-1536x1152.jpg 1536w, https:\/\/elpajaritonews.com\/wp-content\/uploads\/2024\/05\/ce214063-cf22-48a6-b003-abc0ac14f3de-560x420.jpg 560w, https:\/\/elpajaritonews.com\/wp-content\/uploads\/2024\/05\/ce214063-cf22-48a6-b003-abc0ac14f3de-80x60.jpg 80w, https:\/\/elpajaritonews.com\/wp-content\/uploads\/2024\/05\/ce214063-cf22-48a6-b003-abc0ac14f3de-100x75.jpg 100w, https:\/\/elpajaritonews.com\/wp-content\/uploads\/2024\/05\/ce214063-cf22-48a6-b003-abc0ac14f3de-180x135.jpg 180w, https:\/\/elpajaritonews.com\/wp-content\/uploads\/2024\/05\/ce214063-cf22-48a6-b003-abc0ac14f3de-238x178.jpg 238w, https:\/\/elpajaritonews.com\/wp-content\/uploads\/2024\/05\/ce214063-cf22-48a6-b003-abc0ac14f3de-640x480.jpg 640w, https:\/\/elpajaritonews.com\/wp-content\/uploads\/2024\/05\/ce214063-cf22-48a6-b003-abc0ac14f3de-681x511.jpg 681w, https:\/\/elpajaritonews.com\/wp-content\/uploads\/2024\/05\/ce214063-cf22-48a6-b003-abc0ac14f3de.jpg 1600w\" sizes=\"auto, (max-width: 1024px) 100vw, 1024px\" \/><\/figure>\n\n\n\n<p class=\"wp-block-paragraph\">\u201cQuiero expresar mi m\u00e1s sincero reconocimiento al trabajo realizado por Avelino Castro y su consejo directivo al frente del Colegio de Contadores P\u00fablicos de Sonora. Su dedicaci\u00f3n y compromiso han sido fundamentales para el crecimiento y fortalecimiento de nuestra organizaci\u00f3n. Agradezco profundamente la confianza que han depositado en m\u00ed para asumir esta responsabilidad. Prometo liderar con integridad, compromiso y una visi\u00f3n renovada, siempre buscando el bienestar y desarrollo de nuestra comunidad profesional,\u201d expres\u00f3 Tom\u00e1s Garc\u00eda.<\/p>\n\n\n\n<figure class=\"wp-block-image size-large\"><img loading=\"lazy\" decoding=\"async\" width=\"1024\" height=\"768\" src=\"https:\/\/elpajaritonews.com\/wp-content\/uploads\/2024\/05\/5f5ea316-72b5-444c-9791-17daf1adb40c-1024x768.jpg\" alt=\"\" class=\"wp-image-59027\" srcset=\"https:\/\/elpajaritonews.com\/wp-content\/uploads\/2024\/05\/5f5ea316-72b5-444c-9791-17daf1adb40c-1024x768.jpg 1024w, https:\/\/elpajaritonews.com\/wp-content\/uploads\/2024\/05\/5f5ea316-72b5-444c-9791-17daf1adb40c-300x225.jpg 300w, https:\/\/elpajaritonews.com\/wp-content\/uploads\/2024\/05\/5f5ea316-72b5-444c-9791-17daf1adb40c-768x576.jpg 768w, https:\/\/elpajaritonews.com\/wp-content\/uploads\/2024\/05\/5f5ea316-72b5-444c-9791-17daf1adb40c-1536x1152.jpg 1536w, https:\/\/elpajaritonews.com\/wp-content\/uploads\/2024\/05\/5f5ea316-72b5-444c-9791-17daf1adb40c-560x420.jpg 560w, https:\/\/elpajaritonews.com\/wp-content\/uploads\/2024\/05\/5f5ea316-72b5-444c-9791-17daf1adb40c-80x60.jpg 80w, https:\/\/elpajaritonews.com\/wp-content\/uploads\/2024\/05\/5f5ea316-72b5-444c-9791-17daf1adb40c-100x75.jpg 100w, https:\/\/elpajaritonews.com\/wp-content\/uploads\/2024\/05\/5f5ea316-72b5-444c-9791-17daf1adb40c-180x135.jpg 180w, https:\/\/elpajaritonews.com\/wp-content\/uploads\/2024\/05\/5f5ea316-72b5-444c-9791-17daf1adb40c-238x178.jpg 238w, https:\/\/elpajaritonews.com\/wp-content\/uploads\/2024\/05\/5f5ea316-72b5-444c-9791-17daf1adb40c-640x480.jpg 640w, https:\/\/elpajaritonews.com\/wp-content\/uploads\/2024\/05\/5f5ea316-72b5-444c-9791-17daf1adb40c-681x511.jpg 681w, https:\/\/elpajaritonews.com\/wp-content\/uploads\/2024\/05\/5f5ea316-72b5-444c-9791-17daf1adb40c.jpg 1600w\" sizes=\"auto, (max-width: 1024px) 100vw, 1024px\" \/><\/figure>\n\n\n\n<p class=\"wp-block-paragraph\">El evento cont\u00f3 con la presencia del presidente nacional del Instituto Mexicano de Contadores P\u00fablicos (IMCP), Mtro. H\u00e9ctor Amaya Estrella, quien tom\u00f3 protesta al nuevo consejo directivo y exhort\u00f3 a la nueva directiva a trabajar de manera coordinada para seguir impulsando el gremio contable en la entidad.<\/p>\n\n\n\n<figure class=\"wp-block-image size-large\"><img loading=\"lazy\" decoding=\"async\" width=\"1024\" height=\"768\" src=\"https:\/\/elpajaritonews.com\/wp-content\/uploads\/2024\/05\/488ee5e9-6e69-4c4e-8ebf-56f50b144a12-1024x768.jpg\" alt=\"\" class=\"wp-image-59028\" srcset=\"https:\/\/elpajaritonews.com\/wp-content\/uploads\/2024\/05\/488ee5e9-6e69-4c4e-8ebf-56f50b144a12-1024x768.jpg 1024w, https:\/\/elpajaritonews.com\/wp-content\/uploads\/2024\/05\/488ee5e9-6e69-4c4e-8ebf-56f50b144a12-300x225.jpg 300w, https:\/\/elpajaritonews.com\/wp-content\/uploads\/2024\/05\/488ee5e9-6e69-4c4e-8ebf-56f50b144a12-768x576.jpg 768w, https:\/\/elpajaritonews.com\/wp-content\/uploads\/2024\/05\/488ee5e9-6e69-4c4e-8ebf-56f50b144a12-1536x1152.jpg 1536w, https:\/\/elpajaritonews.com\/wp-content\/uploads\/2024\/05\/488ee5e9-6e69-4c4e-8ebf-56f50b144a12-560x420.jpg 560w, https:\/\/elpajaritonews.com\/wp-content\/uploads\/2024\/05\/488ee5e9-6e69-4c4e-8ebf-56f50b144a12-80x60.jpg 80w, https:\/\/elpajaritonews.com\/wp-content\/uploads\/2024\/05\/488ee5e9-6e69-4c4e-8ebf-56f50b144a12-100x75.jpg 100w, https:\/\/elpajaritonews.com\/wp-content\/uploads\/2024\/05\/488ee5e9-6e69-4c4e-8ebf-56f50b144a12-180x135.jpg 180w, https:\/\/elpajaritonews.com\/wp-content\/uploads\/2024\/05\/488ee5e9-6e69-4c4e-8ebf-56f50b144a12-238x178.jpg 238w, https:\/\/elpajaritonews.com\/wp-content\/uploads\/2024\/05\/488ee5e9-6e69-4c4e-8ebf-56f50b144a12-640x480.jpg 640w, https:\/\/elpajaritonews.com\/wp-content\/uploads\/2024\/05\/488ee5e9-6e69-4c4e-8ebf-56f50b144a12-681x511.jpg 681w, https:\/\/elpajaritonews.com\/wp-content\/uploads\/2024\/05\/488ee5e9-6e69-4c4e-8ebf-56f50b144a12.jpg 1600w\" sizes=\"auto, (max-width: 1024px) 100vw, 1024px\" \/><\/figure>\n\n\n\n<p class=\"wp-block-paragraph\">Por su parte,&nbsp; Carlos Zatarain Gonz\u00e1lez; Subsecretario de Desarrollo Pol\u00edtico en representaci\u00f3n del Gobernador de Sonora, Dr. Alfonso Durazo Monta\u00f1o, destac\u00f3 la importancia de la profesi\u00f3n contable para el desarrollo econ\u00f3mico de la regi\u00f3n. Adem\u00e1s, inst\u00f3 a los contadores a seguir actuando con transparencia e integridad, asegurando que encontrar\u00e1n en el gobierno estatal un aliado para trabajar en beneficio de la sociedad sonorense.<\/p>\n\n\n\n<p class=\"wp-block-paragraph\">El presidente municipal de Hermosillo, Eduardo Acu\u00f1a Padilla, tambi\u00e9n estuvo presente y a\u00f1adi\u00f3: \u201cLa labor de los contadores p\u00fablicos es fundamental para el crecimiento y la transparencia en nuestra administraci\u00f3n. Conf\u00edo en que, bajo el liderazgo de Tom\u00e1s Garc\u00eda Ibarra, el Colegio de Contadores P\u00fablicos de Sonora continuar\u00e1 fortaleciendo su compromiso con la excelencia profesional y el desarrollo econ\u00f3mico de nuestra ciudad\u00bb.<\/p>\n\n\n\n<figure class=\"wp-block-image size-large\"><img loading=\"lazy\" decoding=\"async\" width=\"1024\" height=\"768\" src=\"https:\/\/elpajaritonews.com\/wp-content\/uploads\/2024\/05\/a18febc6-a1be-435b-96f7-01dfd0d1482f-1024x768.jpg\" alt=\"\" class=\"wp-image-59029\" srcset=\"https:\/\/elpajaritonews.com\/wp-content\/uploads\/2024\/05\/a18febc6-a1be-435b-96f7-01dfd0d1482f-1024x768.jpg 1024w, https:\/\/elpajaritonews.com\/wp-content\/uploads\/2024\/05\/a18febc6-a1be-435b-96f7-01dfd0d1482f-300x225.jpg 300w, https:\/\/elpajaritonews.com\/wp-content\/uploads\/2024\/05\/a18febc6-a1be-435b-96f7-01dfd0d1482f-768x576.jpg 768w, https:\/\/elpajaritonews.com\/wp-content\/uploads\/2024\/05\/a18febc6-a1be-435b-96f7-01dfd0d1482f-1536x1152.jpg 1536w, https:\/\/elpajaritonews.com\/wp-content\/uploads\/2024\/05\/a18febc6-a1be-435b-96f7-01dfd0d1482f-560x420.jpg 560w, https:\/\/elpajaritonews.com\/wp-content\/uploads\/2024\/05\/a18febc6-a1be-435b-96f7-01dfd0d1482f-80x60.jpg 80w, https:\/\/elpajaritonews.com\/wp-content\/uploads\/2024\/05\/a18febc6-a1be-435b-96f7-01dfd0d1482f-100x75.jpg 100w, https:\/\/elpajaritonews.com\/wp-content\/uploads\/2024\/05\/a18febc6-a1be-435b-96f7-01dfd0d1482f-180x135.jpg 180w, https:\/\/elpajaritonews.com\/wp-content\/uploads\/2024\/05\/a18febc6-a1be-435b-96f7-01dfd0d1482f-238x178.jpg 238w, https:\/\/elpajaritonews.com\/wp-content\/uploads\/2024\/05\/a18febc6-a1be-435b-96f7-01dfd0d1482f-640x480.jpg 640w, https:\/\/elpajaritonews.com\/wp-content\/uploads\/2024\/05\/a18febc6-a1be-435b-96f7-01dfd0d1482f-681x511.jpg 681w, https:\/\/elpajaritonews.com\/wp-content\/uploads\/2024\/05\/a18febc6-a1be-435b-96f7-01dfd0d1482f.jpg 1600w\" sizes=\"auto, (max-width: 1024px) 100vw, 1024px\" \/><\/figure>\n\n\n\n<p class=\"wp-block-paragraph\">Entre los invitados especiales se encontraban: Guillermo Williams Bautista; Presidente del Instituto del Noroeste de Contadores P\u00fablicos (INCP) y la CP. Luis Alberto Vasquez Mendoza, en representaci\u00f3n del Lic. Guillermo Noriega Esparza; Contralor del Estado de Sonora, Arturo Fern\u00e1ndez; presidente de Sonora Global, Gilberto Robles; presidente de Coparmex Sonora Norte, Julio Arballo; presidente de Canirac Sonora, Adrian Flores Soqui; Delegado de la Prodecon en Sonora, Ing. Jorge Aguirre Robles; presidente de la Comision Sonora-EU del Gobierno del Estado, por mencionar algunos.<\/p>\n\n\n\n<p class=\"wp-block-paragraph\">Miembros del Consejo Directivo 2024 &#8211; 2025<\/p>\n\n\n\n<p class=\"wp-block-paragraph\">Presidente; CP. PCAAG. y MI. Tomas Garc\u00eda Ibarra.<\/p>\n\n\n\n<p class=\"wp-block-paragraph\">Vicepresidente; CPC y PCFI. Mar\u00eda Guadalupe Ruiz Durazo.<\/p>\n\n\n\n<p class=\"wp-block-paragraph\">Tesorero; CPC.Martin Baltazar Lagarda Esquer.<\/p>\n\n\n\n<p class=\"wp-block-paragraph\">Protesorero; CPC y MI. Jes\u00fas Jazheel P\u00e9rez Dur\u00f3n.<\/p>\n\n\n\n<p class=\"wp-block-paragraph\">Secretario-Asamblea; CP.&nbsp; PCCAG. Heriberto Campa Nicols.<\/p>\n\n\n\n<p class=\"wp-block-paragraph\">Secretario Consejo; CP.&nbsp; PCCAG.&nbsp; Adri\u00e1n S\u00e1nchez Barr\u00f3n.<\/p>\n\n\n\n<p class=\"wp-block-paragraph\">Pro-Secretaro de Consejo; CP. Manuel de Jes\u00fas Meza Navarro.<\/p>\n\n\n\n<p class=\"wp-block-paragraph\">Pro-secretario de Asamblea; PCCAG y DRA. Yeziret Peralta Leyva.<\/p>\n\n\n\n<p class=\"wp-block-paragraph\">Vicepresidente Fiscal; CPC y MI. Saul L\u00f3pez Montiel.<\/p>\n\n\n\n<p class=\"wp-block-paragraph\">Vicepresidente de Calidad; CPC. Elvia Cecilia Salazar Rasc\u00f3n.<\/p>\n\n\n\n<p class=\"wp-block-paragraph\">Vicepresidente Asuntos Internacionales; CPC. Sergio Adri\u00e1n Ulloa Carpena.<\/p>\n\n\n\n<p class=\"wp-block-paragraph\">Vicepresidente Docencia; CP y MI. Marina Arreola Salazar.<\/p>\n\n\n\n<p class=\"wp-block-paragraph\">VicePresidente Apoyo a Delegaciones; CPC. Mar\u00eda de Lourdes Cabrera Ahumada.<\/p>\n\n\n\n<p class=\"wp-block-paragraph\">Vicepresidente Sector Empresas; CPC y MI.Enrique Barrera Medrano<\/p>\n\n\n\n<p class=\"wp-block-paragraph\">Vicepresidente Sector Gubernamental; CP. PCCAG.&nbsp;&nbsp;&nbsp;&nbsp;&nbsp;&nbsp;&nbsp;&nbsp;&nbsp;&nbsp;&nbsp; Nallely Esther Villa Ruiz.<\/p>\n\n\n\n<p class=\"wp-block-paragraph\">Vicepresidente Pr\u00e1ctica Externa; CP. Luz Amanda Acedo Ramirez.<\/p>\n\n\n\n<p class=\"wp-block-paragraph\">Vicepresidente Legislaci\u00f3n; CP.&nbsp;&nbsp; Jorge Arturo Herrera Ibarra.<\/p>\n\n\n\n<p class=\"wp-block-paragraph\">Vicepresidente Relaciones y Difusi\u00f3n; CP. Isaac Yael Tostado Cortes.<\/p>\n\n\n\n<p class=\"wp-block-paragraph\">Vicepresidencia NDPC; CP. Alberto Casta\u00f1eda Rosas.<\/p>\n\n\n\n<p class=\"wp-block-paragraph\">Auditor de Financiero; CPC. Roberto Clemente Ram\u00edrez Amaparano.<\/p>\n\n\n\n<p class=\"wp-block-paragraph\">Auditor de Gesti\u00f3n; CP.&nbsp; Mar\u00eda Guadalupe Bustamante Ruiz.<\/p>\n\n\n\n<p class=\"wp-block-paragraph\">Gerente; Lic. Mar\u00eda Lorena Cruz Duarte.<\/p>\n\n\n\n<p class=\"wp-block-paragraph\">Presidente Delegaci\u00f3n Guaymas; CPC. Everardo Gortarez Arrasola.<\/p>\n\n\n\n<p class=\"wp-block-paragraph\">Presidente Delegaci\u00f3n Caborca; CPC. Juan Francisco Soto Salazar.<\/p>\n\n\n\n<p class=\"wp-block-paragraph\">Presidente Delegaci\u00f3n Nogales; CPC. Francisco E. Lujan Villaescusa.<\/p>\n\n\n\n<p class=\"wp-block-paragraph\">Presidente Delegaci\u00f3n Puerto Pe\u00f1asco; LCP. Agust\u00edn Alejandro Romero Romero.<\/p>\n","protected":false},"excerpt":{"rendered":"<p>Tom\u00e1s Garc\u00eda Ibarra; Contador P\u00fablico Certificado en Auditor\u00eda Gubernamental (CP. PCAG.), tom\u00f3 protesta como nuevo presidente del Colegio de Contadores P\u00fablicos de Sonora (CCPS) para el periodo de mayo 2024 a mayo 2025, sucediendo a CPC. Avelino Castro Valencia. \u201cQuiero expresar mi m\u00e1s sincero reconocimiento al trabajo realizado por Avelino Castro y su consejo directivo&#8230;<\/p>\n","protected":false},"author":2,"featured_media":59025,"comment_status":"closed","ping_status":"closed","sticky":false,"template":"","format":"standard","meta":{"_crdt_document":"","_exactmetrics_skip_tracking":false,"_exactmetrics_sitenote_active":false,"_exactmetrics_sitenote_note":"","_exactmetrics_sitenote_category":0,"footnotes":""},"categories":[36,33,22,26,23,31,27],"tags":[28,29,30],"class_list":["post-59024","post","type-post","status-publish","format-standard","has-post-thumbnail","hentry","category-economia","category-educacion","category-escena","category-local","category-mexico","category-politica","category-sonora","tag-nogales","tag-nogales-la-gran-frontera","tag-sonora-tierra-de-oportunidades"],"_links":{"self":[{"href":"https:\/\/elpajaritonews.com\/index.php?rest_route=\/wp\/v2\/posts\/59024","targetHints":{"allow":["GET"]}}],"collection":[{"href":"https:\/\/elpajaritonews.com\/index.php?rest_route=\/wp\/v2\/posts"}],"about":[{"href":"https:\/\/elpajaritonews.com\/index.php?rest_route=\/wp\/v2\/types\/post"}],"author":[{"embeddable":true,"href":"https:\/\/elpajaritonews.com\/index.php?rest_route=\/wp\/v2\/users\/2"}],"replies":[{"embeddable":true,"href":"https:\/\/elpajaritonews.com\/index.php?rest_route=%2Fwp%2Fv2%2Fcomments&post=59024"}],"version-history":[{"count":1,"href":"https:\/\/elpajaritonews.com\/index.php?rest_route=\/wp\/v2\/posts\/59024\/revisions"}],"predecessor-version":[{"id":59030,"href":"https:\/\/elpajaritonews.com\/index.php?rest_route=\/wp\/v2\/posts\/59024\/revisions\/59030"}],"wp:featuredmedia":[{"embeddable":true,"href":"https:\/\/elpajaritonews.com\/index.php?rest_route=\/wp\/v2\/media\/59025"}],"wp:attachment":[{"href":"https:\/\/elpajaritonews.com\/index.php?rest_route=%2Fwp%2Fv2%2Fmedia&parent=59024"}],"wp:term":[{"taxonomy":"category","embeddable":true,"href":"https:\/\/elpajaritonews.com\/index.php?rest_route=%2Fwp%2Fv2%2Fcategories&post=59024"},{"taxonomy":"post_tag","embeddable":true,"href":"https:\/\/elpajaritonews.com\/index.php?rest_route=%2Fwp%2Fv2%2Ftags&post=59024"}],"curies":[{"name":"wp","href":"https:\/\/api.w.org\/{rel}","templated":true}]}}