{"id":59080,"date":"2024-05-23T00:27:13","date_gmt":"2024-05-23T00:27:13","guid":{"rendered":"https:\/\/elpajaritonews.com\/?p=59080"},"modified":"2024-05-23T00:28:14","modified_gmt":"2024-05-23T00:28:14","slug":"denuncia-morena-personas-de-una-foto-que-se-hacen-pasar-por-morenistas-y-confunden-ala-gente","status":"publish","type":"post","link":"https:\/\/elpajaritonews.com\/?p=59080","title":{"rendered":"DENUNCIA MORENA A PERSONAS DE UNA FOTO QUE SE HACEN PASAR POR MORENISTAS Y CONFUNDEN A LA GENTE"},"content":{"rendered":"\n<p class=\"wp-block-paragraph\">Circula en redes sociales un v\u00eddeo de personas que se unen al candidato del PRI y se hacen llamar fundadores de nuestro movimiento.<\/p>\n\n\n\n<p class=\"wp-block-paragraph\">En Morena Sonora hacemos del conocimiento p\u00fablico que las personas de la foto no son morenistas, ni son 4T y mucho menos fundadores, pero si sabemos que son militantes priistas.<\/p>\n\n\n\n<p class=\"wp-block-paragraph\">Esas personas mienten y eso demuestra la desesperaci\u00f3n del candidato del PRIAN To\u00f1o Astiazar\u00e1n por el pr\u00f3ximo triunfo de Mar\u00eda Dolores del R\u00edo.<\/p>\n\n\n\n<p class=\"wp-block-paragraph\"><\/p>\n","protected":false},"excerpt":{"rendered":"<p>Circula en redes sociales un v\u00eddeo de personas que se unen al candidato del PRI y se hacen llamar fundadores de nuestro movimiento. En Morena Sonora hacemos del conocimiento p\u00fablico que las personas de la foto no son morenistas, ni son 4T y mucho menos fundadores, pero si sabemos que son militantes priistas. Esas personas&#8230;<\/p>\n","protected":false},"author":2,"featured_media":59081,"comment_status":"closed","ping_status":"closed","sticky":false,"template":"","format":"standard","meta":{"_crdt_document":"","_exactmetrics_skip_tracking":false,"_exactmetrics_sitenote_active":false,"_exactmetrics_sitenote_note":"","_exactmetrics_sitenote_category":0,"footnotes":""},"categories":[35,26,23,31,1,27],"tags":[28,29,30],"class_list":["post-59080","post","type-post","status-publish","format-standard","has-post-thumbnail","hentry","category-elecciones-2024","category-local","category-mexico","category-politica","category-seguridad","category-sonora","tag-nogales","tag-nogales-la-gran-frontera","tag-sonora-tierra-de-oportunidades"],"_links":{"self":[{"href":"https:\/\/elpajaritonews.com\/index.php?rest_route=\/wp\/v2\/posts\/59080","targetHints":{"allow":["GET"]}}],"collection":[{"href":"https:\/\/elpajaritonews.com\/index.php?rest_route=\/wp\/v2\/posts"}],"about":[{"href":"https:\/\/elpajaritonews.com\/index.php?rest_route=\/wp\/v2\/types\/post"}],"author":[{"embeddable":true,"href":"https:\/\/elpajaritonews.com\/index.php?rest_route=\/wp\/v2\/users\/2"}],"replies":[{"embeddable":true,"href":"https:\/\/elpajaritonews.com\/index.php?rest_route=%2Fwp%2Fv2%2Fcomments&post=59080"}],"version-history":[{"count":3,"href":"https:\/\/elpajaritonews.com\/index.php?rest_route=\/wp\/v2\/posts\/59080\/revisions"}],"predecessor-version":[{"id":59084,"href":"https:\/\/elpajaritonews.com\/index.php?rest_route=\/wp\/v2\/posts\/59080\/revisions\/59084"}],"wp:featuredmedia":[{"embeddable":true,"href":"https:\/\/elpajaritonews.com\/index.php?rest_route=\/wp\/v2\/media\/59081"}],"wp:attachment":[{"href":"https:\/\/elpajaritonews.com\/index.php?rest_route=%2Fwp%2Fv2%2Fmedia&parent=59080"}],"wp:term":[{"taxonomy":"category","embeddable":true,"href":"https:\/\/elpajaritonews.com\/index.php?rest_route=%2Fwp%2Fv2%2Fcategories&post=59080"},{"taxonomy":"post_tag","embeddable":true,"href":"https:\/\/elpajaritonews.com\/index.php?rest_route=%2Fwp%2Fv2%2Ftags&post=59080"}],"curies":[{"name":"wp","href":"https:\/\/api.w.org\/{rel}","templated":true}]}}