{"id":59113,"date":"2024-05-23T03:57:38","date_gmt":"2024-05-23T03:57:38","guid":{"rendered":"https:\/\/elpajaritonews.com\/?p=59113"},"modified":"2024-05-23T05:05:11","modified_gmt":"2024-05-23T05:05:11","slug":"nino-de-solo-11-anos-que-recibio-un-balazo-tratando-de-proteger-a-su-mama-video","status":"publish","type":"post","link":"https:\/\/elpajaritonews.com\/?p=59113","title":{"rendered":"\u201c\u00a1NO ME QUIERO MORIR!\u201d, SUPLIC\u00d3 EL NI\u00d1O EMILIANO TRAS SER BALEADO EN TABASCO; HORAS DESPU\u00c9S MURI\u00d3 (VIDEO)"},"content":{"rendered":"\n<p class=\"wp-block-paragraph\">\u201cNo me quiero morir\u201d gritaba desesperadamente Emiliano, un ni\u00f1o de solo 11 a\u00f1os que recibi\u00f3 una detonaci\u00f3n de arma de fuego tratando de proteger a su mam\u00e1 de presuntos secuestradores en Para\u00edso, #Tabasco<\/p>\n\n\n\n<figure class=\"wp-block-video\"><video height=\"850\" style=\"aspect-ratio: 478 \/ 850;\" width=\"478\" controls src=\"https:\/\/elpajaritonews.com\/wp-content\/uploads\/2024\/05\/twittervid.com_POSTAEdomex_2aaa9e.mp4\"><\/video><\/figure>\n\n\n\n<p class=\"wp-block-paragraph\">\ud83d\udd34 Lamentablemente Emiliano muri\u00f3 minutos despu\u00e9s. \ud83d\ude22\ud83d\ude13<\/p>\n\n\n\n<figure class=\"wp-block-image size-full\"><img loading=\"lazy\" decoding=\"async\" width=\"681\" height=\"681\" src=\"https:\/\/elpajaritonews.com\/wp-content\/uploads\/2024\/05\/twittervid.com_POSTAEdomex_becb7f.jpeg\" alt=\"\" class=\"wp-image-59115\" srcset=\"https:\/\/elpajaritonews.com\/wp-content\/uploads\/2024\/05\/twittervid.com_POSTAEdomex_becb7f.jpeg 681w, https:\/\/elpajaritonews.com\/wp-content\/uploads\/2024\/05\/twittervid.com_POSTAEdomex_becb7f-300x300.jpeg 300w, https:\/\/elpajaritonews.com\/wp-content\/uploads\/2024\/05\/twittervid.com_POSTAEdomex_becb7f-150x150.jpeg 150w, https:\/\/elpajaritonews.com\/wp-content\/uploads\/2024\/05\/twittervid.com_POSTAEdomex_becb7f-420x420.jpeg 420w, https:\/\/elpajaritonews.com\/wp-content\/uploads\/2024\/05\/twittervid.com_POSTAEdomex_becb7f-640x640.jpeg 640w\" sizes=\"auto, (max-width: 681px) 100vw, 681px\" \/><\/figure>\n\n\n\n<figure class=\"wp-block-embed is-type-rich is-provider-twitter wp-block-embed-twitter\"><div class=\"wp-block-embed__wrapper\">\n<blockquote class=\"twitter-tweet\" data-width=\"550\" data-dnt=\"true\"><p lang=\"es\" dir=\"ltr\">\u00a1Perd\u00f3nanos, Emiliano! \ud83e\udd79<br><br>\u201cNo me quiero morir\u201d gritaba desesperadamente Emiliano, un ni\u00f1o de solo 11 a\u00f1os que recibi\u00f3 una detonaci\u00f3n de arma de fuego tratando de proteger a su mam\u00e1 de presuntos secuestradores en Para\u00edso, <a href=\"https:\/\/twitter.com\/hashtag\/Tabasco?src=hash&amp;ref_src=twsrc%5Etfw\">#Tabasco<\/a><br><br>\ud83d\udd34 Lamentablemente Emiliano muri\u00f3 minutos\u2026 <a href=\"https:\/\/t.co\/oJpooDRmM7\">pic.twitter.com\/oJpooDRmM7<\/a><\/p>&mdash; POSTA Edomex (@POSTAEdomex) <a href=\"https:\/\/twitter.com\/POSTAEdomex\/status\/1793378708985872652?ref_src=twsrc%5Etfw\">May 22, 2024<\/a><\/blockquote><script async src=\"https:\/\/platform.twitter.com\/widgets.js\" charset=\"utf-8\"><\/script>\n<\/div><\/figure>\n","protected":false},"excerpt":{"rendered":"<p>\u201cNo me quiero morir\u201d gritaba desesperadamente Emiliano, un ni\u00f1o de solo 11 a\u00f1os que recibi\u00f3 una detonaci\u00f3n de arma de fuego tratando de proteger a su mam\u00e1 de presuntos secuestradores en Para\u00edso, #Tabasco \ud83d\udd34 Lamentablemente Emiliano muri\u00f3 minutos despu\u00e9s. \ud83d\ude22\ud83d\ude13<\/p>\n","protected":false},"author":2,"featured_media":59116,"comment_status":"closed","ping_status":"closed","sticky":false,"template":"","format":"standard","meta":{"_crdt_document":"","_exactmetrics_skip_tracking":false,"_exactmetrics_sitenote_active":false,"_exactmetrics_sitenote_note":"","_exactmetrics_sitenote_category":0,"footnotes":""},"categories":[23,1],"tags":[28,29,30],"class_list":["post-59113","post","type-post","status-publish","format-standard","has-post-thumbnail","hentry","category-mexico","category-seguridad","tag-nogales","tag-nogales-la-gran-frontera","tag-sonora-tierra-de-oportunidades"],"_links":{"self":[{"href":"https:\/\/elpajaritonews.com\/index.php?rest_route=\/wp\/v2\/posts\/59113","targetHints":{"allow":["GET"]}}],"collection":[{"href":"https:\/\/elpajaritonews.com\/index.php?rest_route=\/wp\/v2\/posts"}],"about":[{"href":"https:\/\/elpajaritonews.com\/index.php?rest_route=\/wp\/v2\/types\/post"}],"author":[{"embeddable":true,"href":"https:\/\/elpajaritonews.com\/index.php?rest_route=\/wp\/v2\/users\/2"}],"replies":[{"embeddable":true,"href":"https:\/\/elpajaritonews.com\/index.php?rest_route=%2Fwp%2Fv2%2Fcomments&post=59113"}],"version-history":[{"count":3,"href":"https:\/\/elpajaritonews.com\/index.php?rest_route=\/wp\/v2\/posts\/59113\/revisions"}],"predecessor-version":[{"id":59119,"href":"https:\/\/elpajaritonews.com\/index.php?rest_route=\/wp\/v2\/posts\/59113\/revisions\/59119"}],"wp:featuredmedia":[{"embeddable":true,"href":"https:\/\/elpajaritonews.com\/index.php?rest_route=\/wp\/v2\/media\/59116"}],"wp:attachment":[{"href":"https:\/\/elpajaritonews.com\/index.php?rest_route=%2Fwp%2Fv2%2Fmedia&parent=59113"}],"wp:term":[{"taxonomy":"category","embeddable":true,"href":"https:\/\/elpajaritonews.com\/index.php?rest_route=%2Fwp%2Fv2%2Fcategories&post=59113"},{"taxonomy":"post_tag","embeddable":true,"href":"https:\/\/elpajaritonews.com\/index.php?rest_route=%2Fwp%2Fv2%2Ftags&post=59113"}],"curies":[{"name":"wp","href":"https:\/\/api.w.org\/{rel}","templated":true}]}}