{"id":59200,"date":"2024-05-25T04:48:06","date_gmt":"2024-05-25T04:48:06","guid":{"rendered":"https:\/\/elpajaritonews.com\/?p=59200"},"modified":"2024-05-25T05:25:45","modified_gmt":"2024-05-25T05:25:45","slug":"pueblos-y-comunidades-indigenas-prioridad-de-morena-lorenia-valles-y-aguilar-castillo","status":"publish","type":"post","link":"https:\/\/elpajaritonews.com\/?p=59200","title":{"rendered":"PUEBLOS Y COMUNIDADES IND\u00cdGENAS, PRIORIDAD DE MORENA: LORENIA VALLES Y AGUILAR CASTILLO"},"content":{"rendered":"\n<p class=\"wp-block-paragraph\">Se har\u00e1 justicia a nuestros pueblos originarios Mayos y Guarij\u00edos: Aguilar Castillo<\/p>\n\n\n\n<p class=\"wp-block-paragraph\">-Hizo un llamado a los comca\u2019ac, guarij\u00edos, mayos, p\u00e1pagos, pimas, yaquis y aquellas comunidades ind\u00edgenas que encontraron en Sonora un nuevo hogar, a seguir formando parte del cambio verdadero votando el domingo 2 de junio por la Dra. Claudia Sheinbaum y toda la f\u00f3rmula de MORENA.<\/p>\n\n\n\n<p class=\"wp-block-paragraph\">Porque los pueblos y comunidades ind\u00edgenas est\u00e1n en el centro de las prioridades de Morena, nuestro compromiso es hacer de la justicia social una realidad cotidiana, afirm\u00f3 Lorenia Valles Sampedro, candidata al senado por Morena.<\/p>\n\n\n\n<figure class=\"wp-block-image size-full\"><img loading=\"lazy\" decoding=\"async\" width=\"1003\" height=\"563\" src=\"https:\/\/elpajaritonews.com\/wp-content\/uploads\/2024\/05\/a9020da9-352c-4915-84cb-06cccea1d72f.jpg\" alt=\"\" class=\"wp-image-59203\" srcset=\"https:\/\/elpajaritonews.com\/wp-content\/uploads\/2024\/05\/a9020da9-352c-4915-84cb-06cccea1d72f.jpg 1003w, https:\/\/elpajaritonews.com\/wp-content\/uploads\/2024\/05\/a9020da9-352c-4915-84cb-06cccea1d72f-300x168.jpg 300w, https:\/\/elpajaritonews.com\/wp-content\/uploads\/2024\/05\/a9020da9-352c-4915-84cb-06cccea1d72f-768x431.jpg 768w, https:\/\/elpajaritonews.com\/wp-content\/uploads\/2024\/05\/a9020da9-352c-4915-84cb-06cccea1d72f-748x420.jpg 748w, https:\/\/elpajaritonews.com\/wp-content\/uploads\/2024\/05\/a9020da9-352c-4915-84cb-06cccea1d72f-640x359.jpg 640w, https:\/\/elpajaritonews.com\/wp-content\/uploads\/2024\/05\/a9020da9-352c-4915-84cb-06cccea1d72f-681x382.jpg 681w\" sizes=\"auto, (max-width: 1003px) 100vw, 1003px\" \/><\/figure>\n\n\n\n<p class=\"wp-block-paragraph\">Tres reunirse con los pueblos guarij\u00edo y yoreme-mayo en Etchojoa, la candidata morenista asegur\u00f3 que, en los 1,103 municipios con presencia ind\u00edgena o afromexicana del pa\u00eds, se ha atendido 100% de los hogares y a m\u00e1s de 5 millones 600 mil personas a trav\u00e9s de los programas para el bienestar, con una inversi\u00f3n de 56 mil millones de pesos.<\/p>\n\n\n\n<p class=\"wp-block-paragraph\">Valles Sampedro ha realizado diferentes encuentros con representantes de los pueblos ind\u00edgenas. Recientemente, se reuni\u00f3 con autoridades de la Naci\u00f3n Comca\u2019ac, en Punta Chueca, donde el presidente del Consejo de Ancianos Enrique Robles Barnett le entreg\u00f3 el Bast\u00f3n de Mando, distinci\u00f3n que agradeci\u00f3 notablemente conmovida y, dijo, la compromete a\u00fan m\u00e1s con sus causas.<\/p>\n\n\n\n<p class=\"wp-block-paragraph\">\u201cDurante el neoliberalismo, los pueblos ind\u00edgenas fueron v\u00edctimas de discriminaci\u00f3n, les quitaron sus tierras oblig\u00e1ndoles a venderlas o rentarlas a precios de miseria; inhumanamente, se profundiz\u00f3 su empobrecimiento al grado que ser ind\u00edgena era sin\u00f3nimo de pobreza, pero eso se acab\u00f3 con la Cuarta Transformaci\u00f3n\u201d, enfatiz\u00f3 Valles Sampedro.<\/p>\n\n\n\n<p class=\"wp-block-paragraph\">Asimismo, explic\u00f3 que a la par de los programas de bienestar, los planes de justicia implementados por el presidente L\u00f3pez Obrador son una verdadera pol\u00edtica p\u00fablica en favor de los pueblos ind\u00edgenas, por lo que se comprometi\u00f3 a que pr\u00f3ximamente estar\u00e1n en la Constituci\u00f3n.<\/p>\n\n\n\n<p class=\"wp-block-paragraph\">\u201cDesde el Senado de la Rep\u00fablica, defender\u00e9 la Iniciativa presidencial para el reconocimiento de los pueblos y comunidades ind\u00edgenas y afromexicanos como sujetos de derecho p\u00fablico, un acto de justicia que permitir\u00e1 saldar la deuda hist\u00f3rica que se tiene con ellos\u201d, asever\u00f3.<\/p>\n\n\n\n<p class=\"wp-block-paragraph\">Finalmente, Lorenia Valles hizo un llamado a los comca\u2019ac, guarij\u00edos, mayos, p\u00e1pagos, pimas, yaquis y aquellas comunidades ind\u00edgenas que encontraron en Sonora un nuevo hogar, a seguir formando parte del cambio verdadero votando el domingo 2 de junio por la Dra. Claudia Sheinbaum y toda la f\u00f3rmula de MORENA.<\/p>\n\n\n\n<figure class=\"wp-block-image size-large\"><img loading=\"lazy\" decoding=\"async\" width=\"1024\" height=\"682\" src=\"https:\/\/elpajaritonews.com\/wp-content\/uploads\/2024\/05\/1248538b-2bbe-49ce-ba01-ab94176596ff-1024x682.jpg\" alt=\"\" class=\"wp-image-59202\" srcset=\"https:\/\/elpajaritonews.com\/wp-content\/uploads\/2024\/05\/1248538b-2bbe-49ce-ba01-ab94176596ff-1024x682.jpg 1024w, https:\/\/elpajaritonews.com\/wp-content\/uploads\/2024\/05\/1248538b-2bbe-49ce-ba01-ab94176596ff-300x200.jpg 300w, https:\/\/elpajaritonews.com\/wp-content\/uploads\/2024\/05\/1248538b-2bbe-49ce-ba01-ab94176596ff-768x512.jpg 768w, https:\/\/elpajaritonews.com\/wp-content\/uploads\/2024\/05\/1248538b-2bbe-49ce-ba01-ab94176596ff-630x420.jpg 630w, https:\/\/elpajaritonews.com\/wp-content\/uploads\/2024\/05\/1248538b-2bbe-49ce-ba01-ab94176596ff-640x427.jpg 640w, https:\/\/elpajaritonews.com\/wp-content\/uploads\/2024\/05\/1248538b-2bbe-49ce-ba01-ab94176596ff-681x454.jpg 681w, https:\/\/elpajaritonews.com\/wp-content\/uploads\/2024\/05\/1248538b-2bbe-49ce-ba01-ab94176596ff.jpg 1280w\" sizes=\"auto, (max-width: 1024px) 100vw, 1024px\" \/><\/figure>\n\n\n\n<p class=\"wp-block-paragraph\">Se har\u00e1 justicia a nuestros pueblos originarios Mayos y Guarij\u00edos: Aguilar Castillo<\/p>\n\n\n\n<p class=\"wp-block-paragraph\">&#8211; Desde el Senado de la Rep\u00fablica vamos a impulsar este bienestar para el desarrollo y prosperidad de nuestros hermanos de los pueblos originarios<\/p>\n\n\n\n<p class=\"wp-block-paragraph\">En su segundo encuentro con pueblos originarios de Sonora, Heriberto Aguilar Castillo se comprometi\u00f3 a llevar a la m\u00e1xima tribuna del Senado de la Rep\u00fablica, las demandas de mayos y guarij\u00edos para que se reconozcan en el marco jur\u00eddico de la naci\u00f3n.<\/p>\n\n\n\n<p class=\"wp-block-paragraph\">En presencia de las autoridades y gobernadores Mayos y Guarij\u00edos, junto a su compa\u00f1era de f\u00f3rmula al Senado de la Rep\u00fablica por Morena y los candidatos y candidatas a presidencia municipal, diputados locales y federales, Aguilar Castillo dijo que ambas etnias son nuestro orgullo, identidad y dignidad de los y las sonorenses.<\/p>\n\n\n\n<p class=\"wp-block-paragraph\">\u201cVamos a atender los ejes principales que est\u00e1n pendientes, como el territorio, el agua y las acciones de bienestar. Hay un gran compromiso con los guarij\u00edos y los mayos. Desde el Senado de la Rep\u00fablica vamos a impulsar este bienestar para el desarrollo y prosperidad de nuestros hermanos de los pueblos originarios\u00bb, abund\u00f3 el ex dirigente de Morena.<\/p>\n\n\n\n<p class=\"wp-block-paragraph\">Ratific\u00f3 su apoyo a los compromisos que realiz\u00f3 Claudia Sheinbaum en Etchojoa, de acordar e implementar Lis planes de justicia para Mayos y Guarij\u00edos. \u201cEs tiempo de llevar la justicia social a nuestras etnias, para combatir la pobreza y desigualdad\u201d<\/p>\n\n\n\n<p class=\"wp-block-paragraph\">El candidato al Senado por Morena llam\u00f3 a los habitantes del sur del estado a votar este 2 de junio, cinco de cinco, es decir, por la Presidencia de la Rep\u00fablica, la f\u00f3rmula al Senado, presidente municipal, diputados y diputadas locales y federales, para seguir construyendo el segundo piso de la cuarta transformaci\u00f3n.<\/p>\n","protected":false},"excerpt":{"rendered":"<p>Se har\u00e1 justicia a nuestros pueblos originarios Mayos y Guarij\u00edos: Aguilar Castillo -Hizo un llamado a los comca\u2019ac, guarij\u00edos, mayos, p\u00e1pagos, pimas, yaquis y aquellas comunidades ind\u00edgenas que encontraron en Sonora un nuevo hogar, a seguir formando parte del cambio verdadero votando el domingo 2 de junio por la Dra. Claudia Sheinbaum y toda la&#8230;<\/p>\n","protected":false},"author":2,"featured_media":59201,"comment_status":"closed","ping_status":"closed","sticky":false,"template":"","format":"standard","meta":{"_crdt_document":"","_exactmetrics_skip_tracking":false,"_exactmetrics_sitenote_active":false,"_exactmetrics_sitenote_note":"","_exactmetrics_sitenote_category":0,"footnotes":""},"categories":[35,26,31,27],"tags":[28,29,30],"class_list":["post-59200","post","type-post","status-publish","format-standard","has-post-thumbnail","hentry","category-elecciones-2024","category-local","category-politica","category-sonora","tag-nogales","tag-nogales-la-gran-frontera","tag-sonora-tierra-de-oportunidades"],"_links":{"self":[{"href":"https:\/\/elpajaritonews.com\/index.php?rest_route=\/wp\/v2\/posts\/59200","targetHints":{"allow":["GET"]}}],"collection":[{"href":"https:\/\/elpajaritonews.com\/index.php?rest_route=\/wp\/v2\/posts"}],"about":[{"href":"https:\/\/elpajaritonews.com\/index.php?rest_route=\/wp\/v2\/types\/post"}],"author":[{"embeddable":true,"href":"https:\/\/elpajaritonews.com\/index.php?rest_route=\/wp\/v2\/users\/2"}],"replies":[{"embeddable":true,"href":"https:\/\/elpajaritonews.com\/index.php?rest_route=%2Fwp%2Fv2%2Fcomments&post=59200"}],"version-history":[{"count":1,"href":"https:\/\/elpajaritonews.com\/index.php?rest_route=\/wp\/v2\/posts\/59200\/revisions"}],"predecessor-version":[{"id":59204,"href":"https:\/\/elpajaritonews.com\/index.php?rest_route=\/wp\/v2\/posts\/59200\/revisions\/59204"}],"wp:featuredmedia":[{"embeddable":true,"href":"https:\/\/elpajaritonews.com\/index.php?rest_route=\/wp\/v2\/media\/59201"}],"wp:attachment":[{"href":"https:\/\/elpajaritonews.com\/index.php?rest_route=%2Fwp%2Fv2%2Fmedia&parent=59200"}],"wp:term":[{"taxonomy":"category","embeddable":true,"href":"https:\/\/elpajaritonews.com\/index.php?rest_route=%2Fwp%2Fv2%2Fcategories&post=59200"},{"taxonomy":"post_tag","embeddable":true,"href":"https:\/\/elpajaritonews.com\/index.php?rest_route=%2Fwp%2Fv2%2Ftags&post=59200"}],"curies":[{"name":"wp","href":"https:\/\/api.w.org\/{rel}","templated":true}]}}