{"id":59208,"date":"2024-05-25T22:24:27","date_gmt":"2024-05-25T22:24:27","guid":{"rendered":"https:\/\/elpajaritonews.com\/?p=59208"},"modified":"2024-05-25T22:24:28","modified_gmt":"2024-05-25T22:24:28","slug":"mas-y-mejor-educacion-con-morena-lorenia-valles","status":"publish","type":"post","link":"https:\/\/elpajaritonews.com\/?p=59208","title":{"rendered":"M\u00c1S Y MEJOR EDUCACI\u00d3N CON MORENA: LORENIA VALLES"},"content":{"rendered":"\n<p class=\"wp-block-paragraph\">* Vamos a salir el domingo 2 de junio con alegr\u00eda a confirmar en las urnas nuestra decisi\u00f3n, vamos a pintar de guinda todo el estado con el entusiasmo y compromiso que caracteriza a las y los j\u00f3venes sonorenses, se\u00f1al\u00f3 Valles Sampedro.<\/p>\n\n\n\n<figure class=\"wp-block-image size-large\"><img loading=\"lazy\" decoding=\"async\" width=\"1024\" height=\"683\" src=\"https:\/\/elpajaritonews.com\/wp-content\/uploads\/2024\/05\/2e1bc315-6fac-45c5-860f-8e5011a49d94-1024x683.jpg\" alt=\"\" class=\"wp-image-59210\" srcset=\"https:\/\/elpajaritonews.com\/wp-content\/uploads\/2024\/05\/2e1bc315-6fac-45c5-860f-8e5011a49d94-1024x683.jpg 1024w, https:\/\/elpajaritonews.com\/wp-content\/uploads\/2024\/05\/2e1bc315-6fac-45c5-860f-8e5011a49d94-300x200.jpg 300w, https:\/\/elpajaritonews.com\/wp-content\/uploads\/2024\/05\/2e1bc315-6fac-45c5-860f-8e5011a49d94-768x512.jpg 768w, https:\/\/elpajaritonews.com\/wp-content\/uploads\/2024\/05\/2e1bc315-6fac-45c5-860f-8e5011a49d94-630x420.jpg 630w, https:\/\/elpajaritonews.com\/wp-content\/uploads\/2024\/05\/2e1bc315-6fac-45c5-860f-8e5011a49d94-640x427.jpg 640w, https:\/\/elpajaritonews.com\/wp-content\/uploads\/2024\/05\/2e1bc315-6fac-45c5-860f-8e5011a49d94-681x454.jpg 681w, https:\/\/elpajaritonews.com\/wp-content\/uploads\/2024\/05\/2e1bc315-6fac-45c5-860f-8e5011a49d94.jpg 1280w\" sizes=\"auto, (max-width: 1024px) 100vw, 1024px\" \/><\/figure>\n\n\n\n<p class=\"wp-block-paragraph\">\u201cEl gobierno del presidente L\u00f3pez Obrador ha apoyado a las juventudes como ning\u00fan otro, por eso hay que seguir impulsando el cambio verdadero votando el domingo 2 de junio por la Dra. Claudia Sheinbaum y toda la f\u00f3rmula de MORENA\u201d, afirm\u00f3 Lorenia Valles Sampedro, candidata al Senado de la Rep\u00fablica por Morena.<\/p>\n\n\n\n<figure class=\"wp-block-image size-large\"><img loading=\"lazy\" decoding=\"async\" width=\"1024\" height=\"683\" src=\"https:\/\/elpajaritonews.com\/wp-content\/uploads\/2024\/05\/af9eb891-6c35-4697-869a-7f584d8a7850-1024x683.jpg\" alt=\"\" class=\"wp-image-59211\" srcset=\"https:\/\/elpajaritonews.com\/wp-content\/uploads\/2024\/05\/af9eb891-6c35-4697-869a-7f584d8a7850-1024x683.jpg 1024w, https:\/\/elpajaritonews.com\/wp-content\/uploads\/2024\/05\/af9eb891-6c35-4697-869a-7f584d8a7850-300x200.jpg 300w, https:\/\/elpajaritonews.com\/wp-content\/uploads\/2024\/05\/af9eb891-6c35-4697-869a-7f584d8a7850-768x512.jpg 768w, https:\/\/elpajaritonews.com\/wp-content\/uploads\/2024\/05\/af9eb891-6c35-4697-869a-7f584d8a7850-630x420.jpg 630w, https:\/\/elpajaritonews.com\/wp-content\/uploads\/2024\/05\/af9eb891-6c35-4697-869a-7f584d8a7850-640x427.jpg 640w, https:\/\/elpajaritonews.com\/wp-content\/uploads\/2024\/05\/af9eb891-6c35-4697-869a-7f584d8a7850-681x454.jpg 681w, https:\/\/elpajaritonews.com\/wp-content\/uploads\/2024\/05\/af9eb891-6c35-4697-869a-7f584d8a7850.jpg 1280w\" sizes=\"auto, (max-width: 1024px) 100vw, 1024px\" \/><\/figure>\n\n\n\n<p class=\"wp-block-paragraph\">Durante el encuentro que sostuvo con j\u00f3venes en Ciudad Obreg\u00f3n, en el marco del D\u00eda del Estudiante, dijo que el futuro se garantizar\u00e1 con \u00a1m\u00e1s y mejor educaci\u00f3n!<\/p>\n\n\n\n<p class=\"wp-block-paragraph\">La candidata morenista se\u00f1al\u00f3 que, en tan solo cinco a\u00f1os, se crearon 145 Universidades para el Bienestar Benito Ju\u00e1rez, tres de ellas en Sonora (Agua Prieta, Etchojoa y Sonoyta); 10 Universidades Interculturales; 9 universidades en el subsistema tecnol\u00f3gico; 2 escuelas normales; y se reconvirtieron 4 universidades del subsistema tecnol\u00f3gico al enfoque intercultural.<\/p>\n\n\n\n<figure class=\"wp-block-image size-large\"><img loading=\"lazy\" decoding=\"async\" width=\"1024\" height=\"683\" src=\"https:\/\/elpajaritonews.com\/wp-content\/uploads\/2024\/05\/29410215-3067-4ad0-9a2a-e82fcc905d5b-1024x683.jpg\" alt=\"\" class=\"wp-image-59212\" srcset=\"https:\/\/elpajaritonews.com\/wp-content\/uploads\/2024\/05\/29410215-3067-4ad0-9a2a-e82fcc905d5b-1024x683.jpg 1024w, https:\/\/elpajaritonews.com\/wp-content\/uploads\/2024\/05\/29410215-3067-4ad0-9a2a-e82fcc905d5b-300x200.jpg 300w, https:\/\/elpajaritonews.com\/wp-content\/uploads\/2024\/05\/29410215-3067-4ad0-9a2a-e82fcc905d5b-768x512.jpg 768w, https:\/\/elpajaritonews.com\/wp-content\/uploads\/2024\/05\/29410215-3067-4ad0-9a2a-e82fcc905d5b-630x420.jpg 630w, https:\/\/elpajaritonews.com\/wp-content\/uploads\/2024\/05\/29410215-3067-4ad0-9a2a-e82fcc905d5b-640x427.jpg 640w, https:\/\/elpajaritonews.com\/wp-content\/uploads\/2024\/05\/29410215-3067-4ad0-9a2a-e82fcc905d5b-681x454.jpg 681w, https:\/\/elpajaritonews.com\/wp-content\/uploads\/2024\/05\/29410215-3067-4ad0-9a2a-e82fcc905d5b.jpg 1280w\" sizes=\"auto, (max-width: 1024px) 100vw, 1024px\" \/><\/figure>\n\n\n\n<p class=\"wp-block-paragraph\">Asegur\u00f3, que la educaci\u00f3n es un derecho, no un privilegio ni una mercanc\u00eda, por eso habr\u00e1 m\u00e1s preparatorias y universidades, porque ah\u00ed est\u00e1 el espacio natural de las juventudes y su bienestar, no en la calle.<\/p>\n\n\n\n<p class=\"wp-block-paragraph\">Agreg\u00f3 que habr\u00e1 m\u00e1s becas para estudiantes de educaci\u00f3n p\u00fablica media superior, superior y posgrado, y se comprometi\u00f3 a impulsar desde el Senado de la Rep\u00fablica, la Ley General de Juventudes, as\u00ed como a establecer en la Constituci\u00f3n el Programa J\u00f3venes Construyendo el Futuro.<\/p>\n\n\n\n<p class=\"wp-block-paragraph\">\u201cVamos a salir el domingo 2 de junio con alegr\u00eda a confirmar en las urnas nuestra decisi\u00f3n, vamos a pintar de guinda todo el estado con el entusiasmo y compromiso que caracteriza a las y los j\u00f3venes sonorenses\u201d, concluy\u00f3&nbsp; Valles Sampedro.<\/p>\n","protected":false},"excerpt":{"rendered":"<p>* Vamos a salir el domingo 2 de junio con alegr\u00eda a confirmar en las urnas nuestra decisi\u00f3n, vamos a pintar de guinda todo el estado con el entusiasmo y compromiso que caracteriza a las y los j\u00f3venes sonorenses, se\u00f1al\u00f3 Valles Sampedro. \u201cEl gobierno del presidente L\u00f3pez Obrador ha apoyado a las juventudes como ning\u00fan&#8230;<\/p>\n","protected":false},"author":2,"featured_media":59209,"comment_status":"closed","ping_status":"closed","sticky":false,"template":"","format":"standard","meta":{"_crdt_document":"","_exactmetrics_skip_tracking":false,"_exactmetrics_sitenote_active":false,"_exactmetrics_sitenote_note":"","_exactmetrics_sitenote_category":0,"footnotes":""},"categories":[35,26,23,31,27],"tags":[],"class_list":["post-59208","post","type-post","status-publish","format-standard","has-post-thumbnail","hentry","category-elecciones-2024","category-local","category-mexico","category-politica","category-sonora"],"_links":{"self":[{"href":"https:\/\/elpajaritonews.com\/index.php?rest_route=\/wp\/v2\/posts\/59208","targetHints":{"allow":["GET"]}}],"collection":[{"href":"https:\/\/elpajaritonews.com\/index.php?rest_route=\/wp\/v2\/posts"}],"about":[{"href":"https:\/\/elpajaritonews.com\/index.php?rest_route=\/wp\/v2\/types\/post"}],"author":[{"embeddable":true,"href":"https:\/\/elpajaritonews.com\/index.php?rest_route=\/wp\/v2\/users\/2"}],"replies":[{"embeddable":true,"href":"https:\/\/elpajaritonews.com\/index.php?rest_route=%2Fwp%2Fv2%2Fcomments&post=59208"}],"version-history":[{"count":1,"href":"https:\/\/elpajaritonews.com\/index.php?rest_route=\/wp\/v2\/posts\/59208\/revisions"}],"predecessor-version":[{"id":59213,"href":"https:\/\/elpajaritonews.com\/index.php?rest_route=\/wp\/v2\/posts\/59208\/revisions\/59213"}],"wp:featuredmedia":[{"embeddable":true,"href":"https:\/\/elpajaritonews.com\/index.php?rest_route=\/wp\/v2\/media\/59209"}],"wp:attachment":[{"href":"https:\/\/elpajaritonews.com\/index.php?rest_route=%2Fwp%2Fv2%2Fmedia&parent=59208"}],"wp:term":[{"taxonomy":"category","embeddable":true,"href":"https:\/\/elpajaritonews.com\/index.php?rest_route=%2Fwp%2Fv2%2Fcategories&post=59208"},{"taxonomy":"post_tag","embeddable":true,"href":"https:\/\/elpajaritonews.com\/index.php?rest_route=%2Fwp%2Fv2%2Ftags&post=59208"}],"curies":[{"name":"wp","href":"https:\/\/api.w.org\/{rel}","templated":true}]}}