{"id":59238,"date":"2024-05-26T00:51:45","date_gmt":"2024-05-26T00:51:45","guid":{"rendered":"https:\/\/elpajaritonews.com\/?p=59238"},"modified":"2024-05-26T00:51:47","modified_gmt":"2024-05-26T00:51:47","slug":"evaluan-gobernador-y-presidente-de-mexico-avances-del-programa-imss-bienestar","status":"publish","type":"post","link":"https:\/\/elpajaritonews.com\/?p=59238","title":{"rendered":"EVAL\u00daAN GOBERNADOR Y PRESIDENTE DE M\u00c9XICO AVANCES DEL PROGRAMA IMSS-BIENESTAR"},"content":{"rendered":"\n<p class=\"wp-block-paragraph\">Como parte de las acciones de seguimiento a la implementaci\u00f3n del programa IMSS-Bienestar en Sonora, el gobernador Alfonso Durazo y el presidente Andr\u00e9s Manuel L\u00f3pez Obrador participaron en una reuni\u00f3n de supervisi\u00f3n del desarrollo del sistema de salud en la entidad.<\/p>\n\n\n\n<p class=\"wp-block-paragraph\">En este encuentro se abord\u00f3 el tema de infraestructura, espec\u00edficamente el proceso de edificaci\u00f3n del Hospital General de Zona en Navojoa, adem\u00e1s de los avances en los tr\u00e1mites para una instalaci\u00f3n en Ciudad Obreg\u00f3n y el de San Luis R\u00edo Colorado.<\/p>\n\n\n\n<figure class=\"wp-block-image size-full\"><img loading=\"lazy\" decoding=\"async\" width=\"745\" height=\"994\" src=\"https:\/\/elpajaritonews.com\/wp-content\/uploads\/2024\/05\/6d36bad8-9582-4860-bb81-dec5fdfb0732.jpg\" alt=\"\" class=\"wp-image-59240\" srcset=\"https:\/\/elpajaritonews.com\/wp-content\/uploads\/2024\/05\/6d36bad8-9582-4860-bb81-dec5fdfb0732.jpg 745w, https:\/\/elpajaritonews.com\/wp-content\/uploads\/2024\/05\/6d36bad8-9582-4860-bb81-dec5fdfb0732-225x300.jpg 225w, https:\/\/elpajaritonews.com\/wp-content\/uploads\/2024\/05\/6d36bad8-9582-4860-bb81-dec5fdfb0732-315x420.jpg 315w, https:\/\/elpajaritonews.com\/wp-content\/uploads\/2024\/05\/6d36bad8-9582-4860-bb81-dec5fdfb0732-640x854.jpg 640w, https:\/\/elpajaritonews.com\/wp-content\/uploads\/2024\/05\/6d36bad8-9582-4860-bb81-dec5fdfb0732-681x909.jpg 681w\" sizes=\"auto, (max-width: 745px) 100vw, 745px\" \/><\/figure>\n\n\n\n<p class=\"wp-block-paragraph\">Tambi\u00e9n se abord\u00f3 el seguimiento a la construcci\u00f3n del Hospital Comunitario en V\u00edcam Switch, el cual tendr\u00e1 una capacidad de 28 camas y un quir\u00f3fano, mismo que estar\u00e1 listo para septiembre de este a\u00f1o.<\/p>\n\n\n\n<p class=\"wp-block-paragraph\">De igual forma se&nbsp; trataron proyectos prioritarios de infraestructura, como el proceso de modernizaci\u00f3n del anterior Hospital General, para convertirlo en un Hospital Universitario, el cual permitir\u00e1 la formaci\u00f3n de especialistas con el uso de la m\u00e1s alta tecnolog\u00eda.<\/p>\n\n\n\n<p class=\"wp-block-paragraph\">En el rubro del recurso humano, se abord\u00f3 que desde la puesta en marcha del programa IMSS-Bienestar, se han otorgado m\u00e1s de mil bases para el personal de salud, adem\u00e1s que a mediados del presente mes arribaron 181 m\u00e9dicos generales y especialistas a 106 centros de salud y cinco hospitales.<\/p>\n\n\n\n<p class=\"wp-block-paragraph\">El gobernador y el presidente de M\u00e9xico acordaron seguir trabajando conjuntamente en el rubro de la salud para continuar brindando a la poblaci\u00f3n un servicio digno y gratuito.<\/p>\n","protected":false},"excerpt":{"rendered":"<p>Como parte de las acciones de seguimiento a la implementaci\u00f3n del programa IMSS-Bienestar en Sonora, el gobernador Alfonso Durazo y el presidente Andr\u00e9s Manuel L\u00f3pez Obrador participaron en una reuni\u00f3n de supervisi\u00f3n del desarrollo del sistema de salud en la entidad. En este encuentro se abord\u00f3 el tema de infraestructura, espec\u00edficamente el proceso de edificaci\u00f3n&#8230;<\/p>\n","protected":false},"author":2,"featured_media":59239,"comment_status":"closed","ping_status":"closed","sticky":false,"template":"","format":"standard","meta":{"_crdt_document":"","_exactmetrics_skip_tracking":false,"_exactmetrics_sitenote_active":false,"_exactmetrics_sitenote_note":"","_exactmetrics_sitenote_category":0,"footnotes":""},"categories":[23,31,32,27],"tags":[28,29,30],"class_list":["post-59238","post","type-post","status-publish","format-standard","has-post-thumbnail","hentry","category-mexico","category-politica","category-salud","category-sonora","tag-nogales","tag-nogales-la-gran-frontera","tag-sonora-tierra-de-oportunidades"],"_links":{"self":[{"href":"https:\/\/elpajaritonews.com\/index.php?rest_route=\/wp\/v2\/posts\/59238","targetHints":{"allow":["GET"]}}],"collection":[{"href":"https:\/\/elpajaritonews.com\/index.php?rest_route=\/wp\/v2\/posts"}],"about":[{"href":"https:\/\/elpajaritonews.com\/index.php?rest_route=\/wp\/v2\/types\/post"}],"author":[{"embeddable":true,"href":"https:\/\/elpajaritonews.com\/index.php?rest_route=\/wp\/v2\/users\/2"}],"replies":[{"embeddable":true,"href":"https:\/\/elpajaritonews.com\/index.php?rest_route=%2Fwp%2Fv2%2Fcomments&post=59238"}],"version-history":[{"count":1,"href":"https:\/\/elpajaritonews.com\/index.php?rest_route=\/wp\/v2\/posts\/59238\/revisions"}],"predecessor-version":[{"id":59241,"href":"https:\/\/elpajaritonews.com\/index.php?rest_route=\/wp\/v2\/posts\/59238\/revisions\/59241"}],"wp:featuredmedia":[{"embeddable":true,"href":"https:\/\/elpajaritonews.com\/index.php?rest_route=\/wp\/v2\/media\/59239"}],"wp:attachment":[{"href":"https:\/\/elpajaritonews.com\/index.php?rest_route=%2Fwp%2Fv2%2Fmedia&parent=59238"}],"wp:term":[{"taxonomy":"category","embeddable":true,"href":"https:\/\/elpajaritonews.com\/index.php?rest_route=%2Fwp%2Fv2%2Fcategories&post=59238"},{"taxonomy":"post_tag","embeddable":true,"href":"https:\/\/elpajaritonews.com\/index.php?rest_route=%2Fwp%2Fv2%2Ftags&post=59238"}],"curies":[{"name":"wp","href":"https:\/\/api.w.org\/{rel}","templated":true}]}}