{"id":59268,"date":"2024-05-27T01:09:42","date_gmt":"2024-05-27T01:09:42","guid":{"rendered":"https:\/\/elpajaritonews.com\/?p=59268"},"modified":"2024-05-27T01:50:57","modified_gmt":"2024-05-27T01:50:57","slug":"egresa-primera-generacion-de-especialidad-en-actividades-pecuarias-de-la-ugrs-incorporada-al-icatson","status":"publish","type":"post","link":"https:\/\/elpajaritonews.com\/?p=59268","title":{"rendered":"EGRESA PRIMERA GENERACI\u00d3N DE ESPECIALIDAD EN ACTIVIDADES PECUARIAS DE LA UGRS INCORPORADA AL ICATSON"},"content":{"rendered":"\n<p class=\"wp-block-paragraph\">Esta especialidad fue incorporada por iniciativa del gobernador Alfonso Durazo<\/p>\n\n\n\n<figure class=\"wp-block-image size-large\"><img loading=\"lazy\" decoding=\"async\" width=\"1024\" height=\"768\" src=\"https:\/\/elpajaritonews.com\/wp-content\/uploads\/2024\/05\/4566a8b3-33ef-4f22-befe-9d387b35a560-1024x768.jpg\" alt=\"\" class=\"wp-image-59270\" srcset=\"https:\/\/elpajaritonews.com\/wp-content\/uploads\/2024\/05\/4566a8b3-33ef-4f22-befe-9d387b35a560-1024x768.jpg 1024w, https:\/\/elpajaritonews.com\/wp-content\/uploads\/2024\/05\/4566a8b3-33ef-4f22-befe-9d387b35a560-300x225.jpg 300w, https:\/\/elpajaritonews.com\/wp-content\/uploads\/2024\/05\/4566a8b3-33ef-4f22-befe-9d387b35a560-768x576.jpg 768w, https:\/\/elpajaritonews.com\/wp-content\/uploads\/2024\/05\/4566a8b3-33ef-4f22-befe-9d387b35a560-1536x1152.jpg 1536w, https:\/\/elpajaritonews.com\/wp-content\/uploads\/2024\/05\/4566a8b3-33ef-4f22-befe-9d387b35a560-560x420.jpg 560w, https:\/\/elpajaritonews.com\/wp-content\/uploads\/2024\/05\/4566a8b3-33ef-4f22-befe-9d387b35a560-80x60.jpg 80w, https:\/\/elpajaritonews.com\/wp-content\/uploads\/2024\/05\/4566a8b3-33ef-4f22-befe-9d387b35a560-100x75.jpg 100w, https:\/\/elpajaritonews.com\/wp-content\/uploads\/2024\/05\/4566a8b3-33ef-4f22-befe-9d387b35a560-180x135.jpg 180w, https:\/\/elpajaritonews.com\/wp-content\/uploads\/2024\/05\/4566a8b3-33ef-4f22-befe-9d387b35a560-238x178.jpg 238w, https:\/\/elpajaritonews.com\/wp-content\/uploads\/2024\/05\/4566a8b3-33ef-4f22-befe-9d387b35a560-640x480.jpg 640w, https:\/\/elpajaritonews.com\/wp-content\/uploads\/2024\/05\/4566a8b3-33ef-4f22-befe-9d387b35a560-681x511.jpg 681w, https:\/\/elpajaritonews.com\/wp-content\/uploads\/2024\/05\/4566a8b3-33ef-4f22-befe-9d387b35a560.jpg 1600w\" sizes=\"auto, (max-width: 1024px) 100vw, 1024px\" \/><\/figure>\n\n\n\n<p class=\"wp-block-paragraph\">La primera generaci\u00f3n de especialistas en actividades pecuarias del Centro de Capacitaci\u00f3n Ganadera de la Uni\u00f3n Ganadera Regional de Sonora (UGRS), egres\u00f3 del Instituto de Capacitaci\u00f3n para el Trabajo del Estado de Sonora (Icatson), donde fueron incorporados por iniciativa del gobernador de Sonora, Alfonso Durazo Monta\u00f1o, en beneficio de los pobladores de rancher\u00edas y comunidades rurales.<\/p>\n\n\n\n<p class=\"wp-block-paragraph\">Con la finalidad de rescatar la productividad y funcionamiento de los ranchos en Sonora, especialmente para due\u00f1os, mayordomos y vaqueros del estado, se cre\u00f3 este centro de capacitaci\u00f3n, mismo que representa la primera escuela de su tipo en todo el pa\u00eds.<\/p>\n\n\n\n<figure class=\"wp-block-image size-large\"><img loading=\"lazy\" decoding=\"async\" width=\"1024\" height=\"461\" src=\"https:\/\/elpajaritonews.com\/wp-content\/uploads\/2024\/05\/9cd159ed-c926-46a6-8185-b08525bb6b5d-1024x461.jpg\" alt=\"\" class=\"wp-image-59271\" srcset=\"https:\/\/elpajaritonews.com\/wp-content\/uploads\/2024\/05\/9cd159ed-c926-46a6-8185-b08525bb6b5d-1024x461.jpg 1024w, https:\/\/elpajaritonews.com\/wp-content\/uploads\/2024\/05\/9cd159ed-c926-46a6-8185-b08525bb6b5d-300x135.jpg 300w, https:\/\/elpajaritonews.com\/wp-content\/uploads\/2024\/05\/9cd159ed-c926-46a6-8185-b08525bb6b5d-768x346.jpg 768w, https:\/\/elpajaritonews.com\/wp-content\/uploads\/2024\/05\/9cd159ed-c926-46a6-8185-b08525bb6b5d-1536x691.jpg 1536w, https:\/\/elpajaritonews.com\/wp-content\/uploads\/2024\/05\/9cd159ed-c926-46a6-8185-b08525bb6b5d-933x420.jpg 933w, https:\/\/elpajaritonews.com\/wp-content\/uploads\/2024\/05\/9cd159ed-c926-46a6-8185-b08525bb6b5d-640x288.jpg 640w, https:\/\/elpajaritonews.com\/wp-content\/uploads\/2024\/05\/9cd159ed-c926-46a6-8185-b08525bb6b5d-681x306.jpg 681w, https:\/\/elpajaritonews.com\/wp-content\/uploads\/2024\/05\/9cd159ed-c926-46a6-8185-b08525bb6b5d.jpg 1600w\" sizes=\"auto, (max-width: 1024px) 100vw, 1024px\" \/><\/figure>\n\n\n\n<p class=\"wp-block-paragraph\">Para su correcta operaci\u00f3n, dicho Centro de Capacitaci\u00f3n recibi\u00f3 el Reconocimiento de Validez Oficial de Estudios (RVOE), con el que se reafirma el compromiso de facilitar herramientas de formaci\u00f3n a los sonorenses en distintos oficios.<\/p>\n\n\n\n<p class=\"wp-block-paragraph\">Dicha generaci\u00f3n, que inici\u00f3 actividades y el pasado 2 de septiembre con duraci\u00f3n de 180 horas, recibi\u00f3 los siguientes cursos: Nutrici\u00f3n Animal, Reproducci\u00f3n y Gen\u00e9tica, Salud y Bienestar Animal, Administraci\u00f3n de Ranchos y Comercializaci\u00f3n, Ecolog\u00eda y medio Ambiente, Habilidades T\u00e9cnicas y Tecnolog\u00edas.<\/p>\n","protected":false},"excerpt":{"rendered":"<p>Esta especialidad fue incorporada por iniciativa del gobernador Alfonso Durazo La primera generaci\u00f3n de especialistas en actividades pecuarias del Centro de Capacitaci\u00f3n Ganadera de la Uni\u00f3n Ganadera Regional de Sonora (UGRS), egres\u00f3 del Instituto de Capacitaci\u00f3n para el Trabajo del Estado de Sonora (Icatson), donde fueron incorporados por iniciativa del gobernador de Sonora, Alfonso Durazo&#8230;<\/p>\n","protected":false},"author":2,"featured_media":59269,"comment_status":"closed","ping_status":"closed","sticky":false,"template":"","format":"standard","meta":{"_crdt_document":"","_exactmetrics_skip_tracking":false,"_exactmetrics_sitenote_active":false,"_exactmetrics_sitenote_note":"","_exactmetrics_sitenote_category":0,"footnotes":""},"categories":[33,26,37,23,31,27],"tags":[28,29,30],"class_list":["post-59268","post","type-post","status-publish","format-standard","has-post-thumbnail","hentry","category-educacion","category-local","category-medio-ambiente","category-mexico","category-politica","category-sonora","tag-nogales","tag-nogales-la-gran-frontera","tag-sonora-tierra-de-oportunidades"],"_links":{"self":[{"href":"https:\/\/elpajaritonews.com\/index.php?rest_route=\/wp\/v2\/posts\/59268","targetHints":{"allow":["GET"]}}],"collection":[{"href":"https:\/\/elpajaritonews.com\/index.php?rest_route=\/wp\/v2\/posts"}],"about":[{"href":"https:\/\/elpajaritonews.com\/index.php?rest_route=\/wp\/v2\/types\/post"}],"author":[{"embeddable":true,"href":"https:\/\/elpajaritonews.com\/index.php?rest_route=\/wp\/v2\/users\/2"}],"replies":[{"embeddable":true,"href":"https:\/\/elpajaritonews.com\/index.php?rest_route=%2Fwp%2Fv2%2Fcomments&post=59268"}],"version-history":[{"count":1,"href":"https:\/\/elpajaritonews.com\/index.php?rest_route=\/wp\/v2\/posts\/59268\/revisions"}],"predecessor-version":[{"id":59272,"href":"https:\/\/elpajaritonews.com\/index.php?rest_route=\/wp\/v2\/posts\/59268\/revisions\/59272"}],"wp:featuredmedia":[{"embeddable":true,"href":"https:\/\/elpajaritonews.com\/index.php?rest_route=\/wp\/v2\/media\/59269"}],"wp:attachment":[{"href":"https:\/\/elpajaritonews.com\/index.php?rest_route=%2Fwp%2Fv2%2Fmedia&parent=59268"}],"wp:term":[{"taxonomy":"category","embeddable":true,"href":"https:\/\/elpajaritonews.com\/index.php?rest_route=%2Fwp%2Fv2%2Fcategories&post=59268"},{"taxonomy":"post_tag","embeddable":true,"href":"https:\/\/elpajaritonews.com\/index.php?rest_route=%2Fwp%2Fv2%2Ftags&post=59268"}],"curies":[{"name":"wp","href":"https:\/\/api.w.org\/{rel}","templated":true}]}}