{"id":59313,"date":"2024-05-27T22:15:44","date_gmt":"2024-05-27T22:15:44","guid":{"rendered":"https:\/\/elpajaritonews.com\/?p=59313"},"modified":"2024-05-27T22:15:46","modified_gmt":"2024-05-27T22:15:46","slug":"hermosillo-esta-listo-para-que-este-dos-de-junio-llegue-la-transformacion-maria-dolores-del-rio","status":"publish","type":"post","link":"https:\/\/elpajaritonews.com\/?p=59313","title":{"rendered":"HERMOSILLO EST\u00c1 LISTO PARA QUE ESTE DOS DE JUNIO LLEGUE LA TRANSFORMACI\u00d3N: MAR\u00cdA DOLORES DEL R\u00cdO"},"content":{"rendered":"\n<p class=\"wp-block-paragraph\">\u201cEl pr\u00f3ximo dos de junio los hermosillenses decidir\u00e1n el rumbo que le dar\u00e1n a la ciudad; esperamos una jornada tranquila y que sea una fiesta, estamos listos para el d\u00eda de la elecci\u00f3n y estoy lista para gobernar\u201d afirm\u00f3 Mar\u00eda Dolores Del R\u00edo, candidata com\u00fan de \u201cSigamos Haciendo Historia en Sonora\u201d durante rueda de prensa.<\/p>\n\n\n\n<figure class=\"wp-block-image size-large\"><img loading=\"lazy\" decoding=\"async\" width=\"1024\" height=\"576\" src=\"https:\/\/elpajaritonews.com\/wp-content\/uploads\/2024\/05\/c7626eaf-1a18-4713-bd4e-bf36434f6c11-1024x576.jpg\" alt=\"\" class=\"wp-image-59315\" srcset=\"https:\/\/elpajaritonews.com\/wp-content\/uploads\/2024\/05\/c7626eaf-1a18-4713-bd4e-bf36434f6c11-1024x576.jpg 1024w, https:\/\/elpajaritonews.com\/wp-content\/uploads\/2024\/05\/c7626eaf-1a18-4713-bd4e-bf36434f6c11-300x169.jpg 300w, https:\/\/elpajaritonews.com\/wp-content\/uploads\/2024\/05\/c7626eaf-1a18-4713-bd4e-bf36434f6c11-768x432.jpg 768w, https:\/\/elpajaritonews.com\/wp-content\/uploads\/2024\/05\/c7626eaf-1a18-4713-bd4e-bf36434f6c11-1536x864.jpg 1536w, https:\/\/elpajaritonews.com\/wp-content\/uploads\/2024\/05\/c7626eaf-1a18-4713-bd4e-bf36434f6c11-747x420.jpg 747w, https:\/\/elpajaritonews.com\/wp-content\/uploads\/2024\/05\/c7626eaf-1a18-4713-bd4e-bf36434f6c11-640x360.jpg 640w, https:\/\/elpajaritonews.com\/wp-content\/uploads\/2024\/05\/c7626eaf-1a18-4713-bd4e-bf36434f6c11-681x383.jpg 681w, https:\/\/elpajaritonews.com\/wp-content\/uploads\/2024\/05\/c7626eaf-1a18-4713-bd4e-bf36434f6c11.jpg 1600w\" sizes=\"auto, (max-width: 1024px) 100vw, 1024px\" \/><\/figure>\n\n\n\n<p class=\"wp-block-paragraph\">El cierre de campa\u00f1a acompa\u00f1ados por la candidata a la presidencia de M\u00e9xico, la doctora Claudia Sheinbaum, donde acudieron m\u00e1s de 25 mil personas al coraz\u00f3n de la ciudad.<br>El cierre de campa\u00f1a donde se tuvo m\u00e1s de 25 mil asistentes fue un acto que demostr\u00f3 la fuerza del movimiento y el respaldo absoluto que tiene la ciudadan\u00eda con la pr\u00f3xima presidenta y con el municipio.<\/p>\n\n\n\n<p class=\"wp-block-paragraph\">\u201cFue un evento muy emotivo, ya que demostr\u00f3 el respaldo que se tendr\u00e1 por parte de la federaci\u00f3n una vez que lleguemos a la alcald\u00eda, y el entusiasmo de las personas reafirma que la transformaci\u00f3n continuar\u00e1 en el pa\u00eds y llegar\u00e1 a Hermosillo.\u201d<\/p>\n\n\n\n<figure class=\"wp-block-image size-large\"><img loading=\"lazy\" decoding=\"async\" width=\"1024\" height=\"681\" src=\"https:\/\/elpajaritonews.com\/wp-content\/uploads\/2024\/05\/8d7aa53a-eb70-451f-81f9-7034b1e2f8fc-1024x681.jpg\" alt=\"\" class=\"wp-image-59316\" srcset=\"https:\/\/elpajaritonews.com\/wp-content\/uploads\/2024\/05\/8d7aa53a-eb70-451f-81f9-7034b1e2f8fc-1024x681.jpg 1024w, https:\/\/elpajaritonews.com\/wp-content\/uploads\/2024\/05\/8d7aa53a-eb70-451f-81f9-7034b1e2f8fc-300x200.jpg 300w, https:\/\/elpajaritonews.com\/wp-content\/uploads\/2024\/05\/8d7aa53a-eb70-451f-81f9-7034b1e2f8fc-768x511.jpg 768w, https:\/\/elpajaritonews.com\/wp-content\/uploads\/2024\/05\/8d7aa53a-eb70-451f-81f9-7034b1e2f8fc-1536x1022.jpg 1536w, https:\/\/elpajaritonews.com\/wp-content\/uploads\/2024\/05\/8d7aa53a-eb70-451f-81f9-7034b1e2f8fc-632x420.jpg 632w, https:\/\/elpajaritonews.com\/wp-content\/uploads\/2024\/05\/8d7aa53a-eb70-451f-81f9-7034b1e2f8fc-640x426.jpg 640w, https:\/\/elpajaritonews.com\/wp-content\/uploads\/2024\/05\/8d7aa53a-eb70-451f-81f9-7034b1e2f8fc-681x453.jpg 681w, https:\/\/elpajaritonews.com\/wp-content\/uploads\/2024\/05\/8d7aa53a-eb70-451f-81f9-7034b1e2f8fc.jpg 2048w\" sizes=\"auto, (max-width: 1024px) 100vw, 1024px\" \/><\/figure>\n\n\n\n<p class=\"wp-block-paragraph\">Durante la campa\u00f1a se reuni\u00f3 con distintos grupos como empresarios, maestros, jubilados y pensionados, mujeres, j\u00f3venes, organizaciones sociales y vecinos de las colonias; donde los escuch\u00f3 y comparti\u00f3 sus propuestas para resolver las problem\u00e1ticas puntuales de cada grupo.<\/p>\n\n\n\n<p class=\"wp-block-paragraph\">\u201cHemos recorrido todo Hermosillo, llevando nuestras propuestas y escuchando a la gente; lo que quer\u00edamos es que nuestra campa\u00f1a fuera un reflejo de c\u00f3mo ser\u00e1 nuestro gobierno, abierto y cercano a la gente; me compromet\u00ed a volver a las colonias que visit\u00e9, para ponernos de acuerdo qu\u00e9 ser\u00e1 la prioridad de los primeros tres meses de la administraci\u00f3n.\u201d mencion\u00f3 la candidata.<\/p>\n\n\n\n<p class=\"wp-block-paragraph\">Recorriendo las calles, se puede sentir la emoci\u00f3n de las y los ciudadanos porque el proyecto de transformaci\u00f3n llegue a Hermosillo, como resultado se destacan las encuestas que han circulado donde ponen a la candidata de MORENA como la favorita por los ciudadanos para llegar a la alcald\u00eda est\u00e1 pr\u00f3xima jornada electoral.<\/p>\n\n\n\n<figure class=\"wp-block-image size-large\"><img loading=\"lazy\" decoding=\"async\" width=\"1024\" height=\"683\" src=\"https:\/\/elpajaritonews.com\/wp-content\/uploads\/2024\/05\/914ea8fa-3cf7-49bc-92d4-951f61dd0b9f-1024x683.jpg\" alt=\"\" class=\"wp-image-59317\" srcset=\"https:\/\/elpajaritonews.com\/wp-content\/uploads\/2024\/05\/914ea8fa-3cf7-49bc-92d4-951f61dd0b9f-1024x683.jpg 1024w, https:\/\/elpajaritonews.com\/wp-content\/uploads\/2024\/05\/914ea8fa-3cf7-49bc-92d4-951f61dd0b9f-300x200.jpg 300w, https:\/\/elpajaritonews.com\/wp-content\/uploads\/2024\/05\/914ea8fa-3cf7-49bc-92d4-951f61dd0b9f-768x512.jpg 768w, https:\/\/elpajaritonews.com\/wp-content\/uploads\/2024\/05\/914ea8fa-3cf7-49bc-92d4-951f61dd0b9f-1536x1024.jpg 1536w, https:\/\/elpajaritonews.com\/wp-content\/uploads\/2024\/05\/914ea8fa-3cf7-49bc-92d4-951f61dd0b9f-630x420.jpg 630w, https:\/\/elpajaritonews.com\/wp-content\/uploads\/2024\/05\/914ea8fa-3cf7-49bc-92d4-951f61dd0b9f-640x427.jpg 640w, https:\/\/elpajaritonews.com\/wp-content\/uploads\/2024\/05\/914ea8fa-3cf7-49bc-92d4-951f61dd0b9f-681x454.jpg 681w, https:\/\/elpajaritonews.com\/wp-content\/uploads\/2024\/05\/914ea8fa-3cf7-49bc-92d4-951f61dd0b9f.jpg 2048w\" sizes=\"auto, (max-width: 1024px) 100vw, 1024px\" \/><\/figure>\n\n\n\n<p class=\"wp-block-paragraph\">\u201cMe emociona mucho que las encuestas reflejan lo que yo he sentido en campa\u00f1a, he recorrido las calles y la gente me recibe, me invitan a pasar a su casa para platicar.\u201d<\/p>\n\n\n\n<p class=\"wp-block-paragraph\">Concluy\u00f3 con que el llamado es a todas y todos los ciudadanos, para brindar el apoyo a este proyecto, la encuesta principal es la que viviremos el dos de junio y para defender la transformaci\u00f3n, tenemos que salir a ejercer nuestro derecho y votar.<\/p>\n","protected":false},"excerpt":{"rendered":"<p>\u201cEl pr\u00f3ximo dos de junio los hermosillenses decidir\u00e1n el rumbo que le dar\u00e1n a la ciudad; esperamos una jornada tranquila y que sea una fiesta, estamos listos para el d\u00eda de la elecci\u00f3n y estoy lista para gobernar\u201d afirm\u00f3 Mar\u00eda Dolores Del R\u00edo, candidata com\u00fan de \u201cSigamos Haciendo Historia en Sonora\u201d durante rueda de prensa&#8230;.<\/p>\n","protected":false},"author":2,"featured_media":59314,"comment_status":"closed","ping_status":"closed","sticky":false,"template":"","format":"standard","meta":{"_crdt_document":"","_exactmetrics_skip_tracking":false,"_exactmetrics_sitenote_active":false,"_exactmetrics_sitenote_note":"","_exactmetrics_sitenote_category":0,"footnotes":""},"categories":[35,26,31,27],"tags":[28,29,30],"class_list":["post-59313","post","type-post","status-publish","format-standard","has-post-thumbnail","hentry","category-elecciones-2024","category-local","category-politica","category-sonora","tag-nogales","tag-nogales-la-gran-frontera","tag-sonora-tierra-de-oportunidades"],"_links":{"self":[{"href":"https:\/\/elpajaritonews.com\/index.php?rest_route=\/wp\/v2\/posts\/59313","targetHints":{"allow":["GET"]}}],"collection":[{"href":"https:\/\/elpajaritonews.com\/index.php?rest_route=\/wp\/v2\/posts"}],"about":[{"href":"https:\/\/elpajaritonews.com\/index.php?rest_route=\/wp\/v2\/types\/post"}],"author":[{"embeddable":true,"href":"https:\/\/elpajaritonews.com\/index.php?rest_route=\/wp\/v2\/users\/2"}],"replies":[{"embeddable":true,"href":"https:\/\/elpajaritonews.com\/index.php?rest_route=%2Fwp%2Fv2%2Fcomments&post=59313"}],"version-history":[{"count":1,"href":"https:\/\/elpajaritonews.com\/index.php?rest_route=\/wp\/v2\/posts\/59313\/revisions"}],"predecessor-version":[{"id":59318,"href":"https:\/\/elpajaritonews.com\/index.php?rest_route=\/wp\/v2\/posts\/59313\/revisions\/59318"}],"wp:featuredmedia":[{"embeddable":true,"href":"https:\/\/elpajaritonews.com\/index.php?rest_route=\/wp\/v2\/media\/59314"}],"wp:attachment":[{"href":"https:\/\/elpajaritonews.com\/index.php?rest_route=%2Fwp%2Fv2%2Fmedia&parent=59313"}],"wp:term":[{"taxonomy":"category","embeddable":true,"href":"https:\/\/elpajaritonews.com\/index.php?rest_route=%2Fwp%2Fv2%2Fcategories&post=59313"},{"taxonomy":"post_tag","embeddable":true,"href":"https:\/\/elpajaritonews.com\/index.php?rest_route=%2Fwp%2Fv2%2Ftags&post=59313"}],"curies":[{"name":"wp","href":"https:\/\/api.w.org\/{rel}","templated":true}]}}