{"id":59319,"date":"2024-05-27T22:31:52","date_gmt":"2024-05-27T22:31:52","guid":{"rendered":"https:\/\/elpajaritonews.com\/?p=59319"},"modified":"2024-05-27T22:31:53","modified_gmt":"2024-05-27T22:31:53","slug":"votar-por-la-cuarta-transformacion-es-apoyar-a-los-que-menos-tienen-diana-karina-barreras","status":"publish","type":"post","link":"https:\/\/elpajaritonews.com\/?p=59319","title":{"rendered":"VOTAR POR LA CUARTA TRANSFORMACI\u00d3N ES APOYAR A LOS QUE MENOS TIENEN: DIANA KARINA BARRERAS"},"content":{"rendered":"\n<p class=\"wp-block-paragraph\">&#8211; Diana Karina Barreras, candidata a diputada federal por el distrito 3 de Sonora, afirm\u00f3 que votar por los candidatos de la 4T es continuar con la justicia social que ha caracterizado a la Cuarta Transformaci\u00f3n, como ayudar a los m\u00e1s necesitados y elevar los salarios m\u00ednimos.<\/p>\n\n\n\n<figure class=\"wp-block-image size-large\"><img loading=\"lazy\" decoding=\"async\" width=\"1024\" height=\"683\" src=\"https:\/\/elpajaritonews.com\/wp-content\/uploads\/2024\/05\/e5d34673-e69a-4fa7-84b8-17f2a3ace93c-1024x683.jpg\" alt=\"\" class=\"wp-image-59321\" srcset=\"https:\/\/elpajaritonews.com\/wp-content\/uploads\/2024\/05\/e5d34673-e69a-4fa7-84b8-17f2a3ace93c-1024x683.jpg 1024w, https:\/\/elpajaritonews.com\/wp-content\/uploads\/2024\/05\/e5d34673-e69a-4fa7-84b8-17f2a3ace93c-300x200.jpg 300w, https:\/\/elpajaritonews.com\/wp-content\/uploads\/2024\/05\/e5d34673-e69a-4fa7-84b8-17f2a3ace93c-768x512.jpg 768w, https:\/\/elpajaritonews.com\/wp-content\/uploads\/2024\/05\/e5d34673-e69a-4fa7-84b8-17f2a3ace93c-1536x1024.jpg 1536w, https:\/\/elpajaritonews.com\/wp-content\/uploads\/2024\/05\/e5d34673-e69a-4fa7-84b8-17f2a3ace93c-2048x1365.jpg 2048w, https:\/\/elpajaritonews.com\/wp-content\/uploads\/2024\/05\/e5d34673-e69a-4fa7-84b8-17f2a3ace93c-630x420.jpg 630w, https:\/\/elpajaritonews.com\/wp-content\/uploads\/2024\/05\/e5d34673-e69a-4fa7-84b8-17f2a3ace93c-640x427.jpg 640w, https:\/\/elpajaritonews.com\/wp-content\/uploads\/2024\/05\/e5d34673-e69a-4fa7-84b8-17f2a3ace93c-681x454.jpg 681w\" sizes=\"auto, (max-width: 1024px) 100vw, 1024px\" \/><\/figure>\n\n\n\n<p class=\"wp-block-paragraph\">&#8211; La candidata de Morena, PT y PVEM, invit\u00f3 a salir a votar el 2 de junio para asegurar que la f\u00f3rmula de la transformaci\u00f3n llegue a todos los niveles de gobierno para garantizar un futuro de justicia social y equidad.<\/p>\n\n\n\n<p class=\"wp-block-paragraph\">Porque la Cuarta Transformaci\u00f3n ha tra\u00eddo justicia social a los grupos m\u00e1s olvidados por los gobiernos de antes, votar por las y los candidatos de la 4T es apoyar a los que menos tienen, consider\u00f3 Dina Karina Barreras Samaniego.<\/p>\n\n\n\n<p class=\"wp-block-paragraph\">Gracias a la 4T, se\u00f1al\u00f3 la candidata a diputada federal por el distrito 3 de Sonora, hoy se sabe que ayudar a los que menos tienen o elevar los salarios m\u00ednimos ha tenido efectos ben\u00e9ficos para todos, y no como dec\u00edan aquellos que mantuvieron el salario m\u00ednimo perdiendo poder adquisitivo por d\u00e9cadas.<\/p>\n\n\n\n<p class=\"wp-block-paragraph\">Es por esto, subray\u00f3, que hay que votar por las y los candidatos de la Cuarta Transformaci\u00f3n para que se conserven los actuales apoyos sociales, y para que se hagan realidad los nuevos beneficios que ha propuesto la pr\u00f3xima presidenta, la doctora Claudia Sheinbaum Pardo.<\/p>\n\n\n\n<figure class=\"wp-block-image size-large\"><img loading=\"lazy\" decoding=\"async\" width=\"1024\" height=\"683\" src=\"https:\/\/elpajaritonews.com\/wp-content\/uploads\/2024\/05\/1b203152-1559-471e-a6be-dee2613965d2-1024x683.jpg\" alt=\"\" class=\"wp-image-59322\" srcset=\"https:\/\/elpajaritonews.com\/wp-content\/uploads\/2024\/05\/1b203152-1559-471e-a6be-dee2613965d2-1024x683.jpg 1024w, https:\/\/elpajaritonews.com\/wp-content\/uploads\/2024\/05\/1b203152-1559-471e-a6be-dee2613965d2-300x200.jpg 300w, https:\/\/elpajaritonews.com\/wp-content\/uploads\/2024\/05\/1b203152-1559-471e-a6be-dee2613965d2-768x512.jpg 768w, https:\/\/elpajaritonews.com\/wp-content\/uploads\/2024\/05\/1b203152-1559-471e-a6be-dee2613965d2-1536x1024.jpg 1536w, https:\/\/elpajaritonews.com\/wp-content\/uploads\/2024\/05\/1b203152-1559-471e-a6be-dee2613965d2-2048x1365.jpg 2048w, https:\/\/elpajaritonews.com\/wp-content\/uploads\/2024\/05\/1b203152-1559-471e-a6be-dee2613965d2-630x420.jpg 630w, https:\/\/elpajaritonews.com\/wp-content\/uploads\/2024\/05\/1b203152-1559-471e-a6be-dee2613965d2-640x427.jpg 640w, https:\/\/elpajaritonews.com\/wp-content\/uploads\/2024\/05\/1b203152-1559-471e-a6be-dee2613965d2-681x454.jpg 681w\" sizes=\"auto, (max-width: 1024px) 100vw, 1024px\" \/><\/figure>\n\n\n\n<p class=\"wp-block-paragraph\">\u201cEste dos de junio se decide si dejamos que vuelvan los gobiernos corruptos del pasado o si seguimos transformando este pa\u00eds aumentando los salarios m\u00ednimos, y si seguimos rescatando a los que menos tienen, porque todos tenemos por lo menos un familiar o un conocido que recibe la pensi\u00f3n universal para adultos mayores, y ese es solo uno de los programas\u201d, indic\u00f3.<\/p>\n\n\n\n<p class=\"wp-block-paragraph\">Diana Karina Barreras invit\u00f3 a todas las personas que est\u00e1n a favor de seguir ayudando al pueblo a que salgan a votar este 2 de junio para que la f\u00f3rmula de la transformaci\u00f3n llegue al ayuntamiento de Hermosillo, al Congreso del Estado, a las c\u00e1maras de Diputados y de Senadores, y a la Presidencia de la Rep\u00fablica.<\/p>\n\n\n\n<p class=\"wp-block-paragraph\">\u201cSe trata de escoger entre volver al pasado o seguir transformando M\u00e9xico con una beca universal para ni\u00f1as y ni\u00f1os de preescolar a secundaria p\u00fablica, de extender la pensi\u00f3n a personas con discapacidad hasta los 64 a\u00f1os, de aumentar el salario m\u00ednimo, de m\u00e1s derechos para las mujeres, y de muchos otros beneficios que nos esperan en el segundo piso de la Cuarta Transformaci\u00f3n\u201d, apunt\u00f3.<\/p>\n\n\n\n<p class=\"wp-block-paragraph\">Como parte de su agenda en esta recta final de su campa\u00f1a electoral, la candidata de Morena, Partido del Trabajo y Partido Verde, continu\u00f3 recorriendo las colonias del norte de Hermosillo.<\/p>\n","protected":false},"excerpt":{"rendered":"<p>&#8211; Diana Karina Barreras, candidata a diputada federal por el distrito 3 de Sonora, afirm\u00f3 que votar por los candidatos de la 4T es continuar con la justicia social que ha caracterizado a la Cuarta Transformaci\u00f3n, como ayudar a los m\u00e1s necesitados y elevar los salarios m\u00ednimos. &#8211; La candidata de Morena, PT y PVEM,&#8230;<\/p>\n","protected":false},"author":2,"featured_media":59320,"comment_status":"closed","ping_status":"closed","sticky":false,"template":"","format":"standard","meta":{"_crdt_document":"","_exactmetrics_skip_tracking":false,"_exactmetrics_sitenote_active":false,"_exactmetrics_sitenote_note":"","_exactmetrics_sitenote_category":0,"footnotes":""},"categories":[35,26,31,27],"tags":[28,29,30],"class_list":["post-59319","post","type-post","status-publish","format-standard","has-post-thumbnail","hentry","category-elecciones-2024","category-local","category-politica","category-sonora","tag-nogales","tag-nogales-la-gran-frontera","tag-sonora-tierra-de-oportunidades"],"_links":{"self":[{"href":"https:\/\/elpajaritonews.com\/index.php?rest_route=\/wp\/v2\/posts\/59319","targetHints":{"allow":["GET"]}}],"collection":[{"href":"https:\/\/elpajaritonews.com\/index.php?rest_route=\/wp\/v2\/posts"}],"about":[{"href":"https:\/\/elpajaritonews.com\/index.php?rest_route=\/wp\/v2\/types\/post"}],"author":[{"embeddable":true,"href":"https:\/\/elpajaritonews.com\/index.php?rest_route=\/wp\/v2\/users\/2"}],"replies":[{"embeddable":true,"href":"https:\/\/elpajaritonews.com\/index.php?rest_route=%2Fwp%2Fv2%2Fcomments&post=59319"}],"version-history":[{"count":1,"href":"https:\/\/elpajaritonews.com\/index.php?rest_route=\/wp\/v2\/posts\/59319\/revisions"}],"predecessor-version":[{"id":59323,"href":"https:\/\/elpajaritonews.com\/index.php?rest_route=\/wp\/v2\/posts\/59319\/revisions\/59323"}],"wp:featuredmedia":[{"embeddable":true,"href":"https:\/\/elpajaritonews.com\/index.php?rest_route=\/wp\/v2\/media\/59320"}],"wp:attachment":[{"href":"https:\/\/elpajaritonews.com\/index.php?rest_route=%2Fwp%2Fv2%2Fmedia&parent=59319"}],"wp:term":[{"taxonomy":"category","embeddable":true,"href":"https:\/\/elpajaritonews.com\/index.php?rest_route=%2Fwp%2Fv2%2Fcategories&post=59319"},{"taxonomy":"post_tag","embeddable":true,"href":"https:\/\/elpajaritonews.com\/index.php?rest_route=%2Fwp%2Fv2%2Ftags&post=59319"}],"curies":[{"name":"wp","href":"https:\/\/api.w.org\/{rel}","templated":true}]}}