{"id":59476,"date":"2024-05-30T00:21:29","date_gmt":"2024-05-30T00:21:29","guid":{"rendered":"https:\/\/elpajaritonews.com\/?p=59476"},"modified":"2024-05-30T00:21:31","modified_gmt":"2024-05-30T00:21:31","slug":"atestigua-gobernador-graduacion-de-la-novena-generacion-del-centro-de-capacitacion-y-talento-empresarial-ccte-tetakawi","status":"publish","type":"post","link":"https:\/\/elpajaritonews.com\/?p=59476","title":{"rendered":"ATESTIGUA GOBERNADOR GRADUACI\u00d3N DE LA NOVENA GENERACI\u00d3N DEL CENTRO DE CAPACITACI\u00d3N Y TALENTO EMPRESARIAL CCTE TETAKAWI"},"content":{"rendered":"\n<p class=\"wp-block-paragraph\">El Gobierno de Sonora y el sector empresarial trabajan en conjunto a favor de la educaci\u00f3n e inclusi\u00f3n de personas con discapacidad en el \u00e1mbito laboral, a trav\u00e9s de cursos de habilitaci\u00f3n para la vida diaria que ofrece el Centro de Capacitaci\u00f3n y Talento Empresarial CCTE Tetakawi, indic\u00f3 el gobernador Alfonso Durazo Monta\u00f1o.<\/p>\n\n\n\n<figure class=\"wp-block-image size-large\"><img loading=\"lazy\" decoding=\"async\" width=\"1024\" height=\"698\" src=\"https:\/\/elpajaritonews.com\/wp-content\/uploads\/2024\/05\/d98bc958-5d39-4f02-8d76-380aab6029d8-1024x698.jpg\" alt=\"\" class=\"wp-image-59478\" srcset=\"https:\/\/elpajaritonews.com\/wp-content\/uploads\/2024\/05\/d98bc958-5d39-4f02-8d76-380aab6029d8-1024x698.jpg 1024w, https:\/\/elpajaritonews.com\/wp-content\/uploads\/2024\/05\/d98bc958-5d39-4f02-8d76-380aab6029d8-300x205.jpg 300w, https:\/\/elpajaritonews.com\/wp-content\/uploads\/2024\/05\/d98bc958-5d39-4f02-8d76-380aab6029d8-768x524.jpg 768w, https:\/\/elpajaritonews.com\/wp-content\/uploads\/2024\/05\/d98bc958-5d39-4f02-8d76-380aab6029d8-616x420.jpg 616w, https:\/\/elpajaritonews.com\/wp-content\/uploads\/2024\/05\/d98bc958-5d39-4f02-8d76-380aab6029d8-640x437.jpg 640w, https:\/\/elpajaritonews.com\/wp-content\/uploads\/2024\/05\/d98bc958-5d39-4f02-8d76-380aab6029d8-681x464.jpg 681w, https:\/\/elpajaritonews.com\/wp-content\/uploads\/2024\/05\/d98bc958-5d39-4f02-8d76-380aab6029d8.jpg 1280w\" sizes=\"auto, (max-width: 1024px) 100vw, 1024px\" \/><\/figure>\n\n\n\n<p class=\"wp-block-paragraph\">Durante la ceremonia de graduaci\u00f3n de la novena generaci\u00f3n del Centro de Capacitaci\u00f3n y Talento Empresarial CCTE Tetakawi, el mandatario estatal resalt\u00f3 el esfuerzo del empresariado sonorense, as\u00ed como de las personas con alguna discapacidad para integrarse al sector laboral dentro de la empresa maquiladora.<\/p>\n\n\n\n<p class=\"wp-block-paragraph\">En los \u00faltimos cinco a\u00f1os este programa ha capacitado a 90 personas, y se han incluido laboralmente al CCTE 100 personas con y sin discapacidad.<\/p>\n\n\n\n<figure class=\"wp-block-image size-large\"><img loading=\"lazy\" decoding=\"async\" width=\"1024\" height=\"682\" src=\"https:\/\/elpajaritonews.com\/wp-content\/uploads\/2024\/05\/4af7324b-83a5-4dea-b4cf-09a96810524f-1024x682.jpg\" alt=\"\" class=\"wp-image-59479\" srcset=\"https:\/\/elpajaritonews.com\/wp-content\/uploads\/2024\/05\/4af7324b-83a5-4dea-b4cf-09a96810524f-1024x682.jpg 1024w, https:\/\/elpajaritonews.com\/wp-content\/uploads\/2024\/05\/4af7324b-83a5-4dea-b4cf-09a96810524f-300x200.jpg 300w, https:\/\/elpajaritonews.com\/wp-content\/uploads\/2024\/05\/4af7324b-83a5-4dea-b4cf-09a96810524f-768x511.jpg 768w, https:\/\/elpajaritonews.com\/wp-content\/uploads\/2024\/05\/4af7324b-83a5-4dea-b4cf-09a96810524f-631x420.jpg 631w, https:\/\/elpajaritonews.com\/wp-content\/uploads\/2024\/05\/4af7324b-83a5-4dea-b4cf-09a96810524f-640x426.jpg 640w, https:\/\/elpajaritonews.com\/wp-content\/uploads\/2024\/05\/4af7324b-83a5-4dea-b4cf-09a96810524f-681x453.jpg 681w, https:\/\/elpajaritonews.com\/wp-content\/uploads\/2024\/05\/4af7324b-83a5-4dea-b4cf-09a96810524f.jpg 1280w\" sizes=\"auto, (max-width: 1024px) 100vw, 1024px\" \/><\/figure>\n\n\n\n<p class=\"wp-block-paragraph\">El objetivo de estas capacitaciones es lograr que las personas con discapacidad motriz sean independientes en su vida diaria y se incorporen al campo laboral en Tetakawi, permitiendo que hombres y mujeres puedan movilizarse en el entorno.<\/p>\n\n\n\n<p class=\"wp-block-paragraph\">El CCTE est\u00e1 conformado por talleres con temas como salud, actividades de la vida diaria, y traslados; capacitaci\u00f3n laboral con entrevista de trabajo, reglamento interno y conocimientos b\u00e1sicos sobre manufactura; capacitaci\u00f3n f\u00edsica en el uso de la silla de ruedas adecuada, superar barreras arquitect\u00f3nicas como banquetas y escaleras; as\u00ed como lineamientos del CCTE, desarrollo personal y proyecto de vida.<\/p>\n","protected":false},"excerpt":{"rendered":"<p>El Gobierno de Sonora y el sector empresarial trabajan en conjunto a favor de la educaci\u00f3n e inclusi\u00f3n de personas con discapacidad en el \u00e1mbito laboral, a trav\u00e9s de cursos de habilitaci\u00f3n para la vida diaria que ofrece el Centro de Capacitaci\u00f3n y Talento Empresarial CCTE Tetakawi, indic\u00f3 el gobernador Alfonso Durazo Monta\u00f1o. Durante la&#8230;<\/p>\n","protected":false},"author":2,"featured_media":59477,"comment_status":"closed","ping_status":"closed","sticky":false,"template":"","format":"standard","meta":{"_crdt_document":"","_exactmetrics_skip_tracking":false,"_exactmetrics_sitenote_active":false,"_exactmetrics_sitenote_note":"","_exactmetrics_sitenote_category":0,"footnotes":""},"categories":[33,26,31,32,27],"tags":[28,29,30],"class_list":["post-59476","post","type-post","status-publish","format-standard","has-post-thumbnail","hentry","category-educacion","category-local","category-politica","category-salud","category-sonora","tag-nogales","tag-nogales-la-gran-frontera","tag-sonora-tierra-de-oportunidades"],"_links":{"self":[{"href":"https:\/\/elpajaritonews.com\/index.php?rest_route=\/wp\/v2\/posts\/59476","targetHints":{"allow":["GET"]}}],"collection":[{"href":"https:\/\/elpajaritonews.com\/index.php?rest_route=\/wp\/v2\/posts"}],"about":[{"href":"https:\/\/elpajaritonews.com\/index.php?rest_route=\/wp\/v2\/types\/post"}],"author":[{"embeddable":true,"href":"https:\/\/elpajaritonews.com\/index.php?rest_route=\/wp\/v2\/users\/2"}],"replies":[{"embeddable":true,"href":"https:\/\/elpajaritonews.com\/index.php?rest_route=%2Fwp%2Fv2%2Fcomments&post=59476"}],"version-history":[{"count":1,"href":"https:\/\/elpajaritonews.com\/index.php?rest_route=\/wp\/v2\/posts\/59476\/revisions"}],"predecessor-version":[{"id":59480,"href":"https:\/\/elpajaritonews.com\/index.php?rest_route=\/wp\/v2\/posts\/59476\/revisions\/59480"}],"wp:featuredmedia":[{"embeddable":true,"href":"https:\/\/elpajaritonews.com\/index.php?rest_route=\/wp\/v2\/media\/59477"}],"wp:attachment":[{"href":"https:\/\/elpajaritonews.com\/index.php?rest_route=%2Fwp%2Fv2%2Fmedia&parent=59476"}],"wp:term":[{"taxonomy":"category","embeddable":true,"href":"https:\/\/elpajaritonews.com\/index.php?rest_route=%2Fwp%2Fv2%2Fcategories&post=59476"},{"taxonomy":"post_tag","embeddable":true,"href":"https:\/\/elpajaritonews.com\/index.php?rest_route=%2Fwp%2Fv2%2Ftags&post=59476"}],"curies":[{"name":"wp","href":"https:\/\/api.w.org\/{rel}","templated":true}]}}