{"id":59520,"date":"2024-05-30T23:09:36","date_gmt":"2024-05-30T23:09:36","guid":{"rendered":"https:\/\/elpajaritonews.com\/?p=59520"},"modified":"2024-05-30T23:12:26","modified_gmt":"2024-05-30T23:12:26","slug":"rafael-caro-quintero-tramita-nuevo-amparo-contra-extradicion-a-eu","status":"publish","type":"post","link":"https:\/\/elpajaritonews.com\/?p=59520","title":{"rendered":"RAFAEL CARO QUINTERO TRAMITA NUEVO AMPARO CONTRA EXTRADICI\u00d3N A EU"},"content":{"rendered":"\n<p class=\"wp-block-paragraph\">El \u00abnarco de narcos\u00bb, preso en el penal de m\u00e1xima seguridad del Altiplano, ha interpuesto desde su detenci\u00f3n en julio de 2022 varios amparos contra su extradici\u00f3n a Estados Unidos<\/p>\n\n\n\n<p class=\"wp-block-paragraph\">Un juez concedi\u00f3 al capo Rafael Caro Quintero una suspensi\u00f3n de plano para efecto de que el gobierno de M\u00e9xico se abstenga de ejecutar su extradici\u00f3n a Estados Unidos, pa\u00eds que lo requiere por el asesinato del agente de la DEA, Enrique Camarena Salazar.<\/p>\n\n\n\n<p class=\"wp-block-paragraph\">Luego del traslado a Nueva York del jefe de seguridad de \u201cLos Chapitos\u201d, N\u00e9stor Isidro P\u00e9rez Salas \u201cEl Nini\u201d, el fundador del extinto C\u00e1rtel de Guadalajara tramit\u00f3, el pasado 17 de mayo, un nuevo amparo para evitar su entrega a las autoridades estadounidenses.<\/p>\n\n\n\n<p class=\"wp-block-paragraph\">A fin de salvaguardar sus derechos fundamentales, el titular del Juzgado Octavo de Distrito en Materia de Amparo y Juicios Federales en el Estado de M\u00e9xico, Jos\u00e9 Fernando Garc\u00eda Quiroz, le otorg\u00f3 al llamado \u201cNarco de Narcos\u201d la suspensi\u00f3n de plano para que no se ejecute su extradici\u00f3n, y quede a disposici\u00f3n del mencionado Juzgado por cuanto hace a su libertad personal, en el lugar en que se encuentra recluido.<\/p>\n\n\n\n<p class=\"wp-block-paragraph\">\u201cSe decreta de plano la suspensi\u00f3n para el efecto de cese todo acto prohibido por el art\u00edculo 22 de la Constituci\u00f3n Pol\u00edtica de los Estados Unidos Mexicanos y 15 de la Ley de Amparo; y para el efecto de que la parte quejosa quede a disposici\u00f3n de este Juzgado Federal por cuanto hace a su libertad personal, en el lugar en que se encuentra recluido y para que se abstengan de ejecutar contra el quejoso la petici\u00f3n de extradici\u00f3n, que dice, existe en su contra\u201d, determin\u00f3 el juzgador.<\/p>\n\n\n\n<p class=\"wp-block-paragraph\">Ante el escrito de demanda que no conten\u00eda la firma de Caro Quintero, el juez de amparo previno al capo para que manifestara si ratificaba la demanda de amparo, misma que ratific\u00f3 el mi\u00e9rcoles v\u00eda electr\u00f3nica.<\/p>\n\n\n\n<p class=\"wp-block-paragraph\">En consecuencia, el juez admiti\u00f3 a tr\u00e1mite la demanda y fij\u00f3 para el 26 de junio la audiencia constitucional en la que resolver\u00e1 sobre la misma.<\/p>\n\n\n\n<p class=\"wp-block-paragraph\">Rafael Caro Quintero sigue preso en el penal de m\u00e1xima seguridad del Altiplano, Estado de M\u00e9xico, y desde su detenci\u00f3n en julio de 2022 ha interpuesto varios amparos contra su extradici\u00f3n a Estados Unidos.<\/p>\n","protected":false},"excerpt":{"rendered":"<p>El \u00abnarco de narcos\u00bb, preso en el penal de m\u00e1xima seguridad del Altiplano, ha interpuesto desde su detenci\u00f3n en julio de 2022 varios amparos contra su extradici\u00f3n a Estados Unidos Un juez concedi\u00f3 al capo Rafael Caro Quintero una suspensi\u00f3n de plano para efecto de que el gobierno de M\u00e9xico se abstenga de ejecutar su&#8230;<\/p>\n","protected":false},"author":2,"featured_media":59521,"comment_status":"closed","ping_status":"closed","sticky":false,"template":"","format":"standard","meta":{"_crdt_document":"","_exactmetrics_skip_tracking":false,"_exactmetrics_sitenote_active":false,"_exactmetrics_sitenote_note":"","_exactmetrics_sitenote_category":0,"footnotes":""},"categories":[23,31,1,27],"tags":[28,29,30],"class_list":["post-59520","post","type-post","status-publish","format-standard","has-post-thumbnail","hentry","category-mexico","category-politica","category-seguridad","category-sonora","tag-nogales","tag-nogales-la-gran-frontera","tag-sonora-tierra-de-oportunidades"],"_links":{"self":[{"href":"https:\/\/elpajaritonews.com\/index.php?rest_route=\/wp\/v2\/posts\/59520","targetHints":{"allow":["GET"]}}],"collection":[{"href":"https:\/\/elpajaritonews.com\/index.php?rest_route=\/wp\/v2\/posts"}],"about":[{"href":"https:\/\/elpajaritonews.com\/index.php?rest_route=\/wp\/v2\/types\/post"}],"author":[{"embeddable":true,"href":"https:\/\/elpajaritonews.com\/index.php?rest_route=\/wp\/v2\/users\/2"}],"replies":[{"embeddable":true,"href":"https:\/\/elpajaritonews.com\/index.php?rest_route=%2Fwp%2Fv2%2Fcomments&post=59520"}],"version-history":[{"count":1,"href":"https:\/\/elpajaritonews.com\/index.php?rest_route=\/wp\/v2\/posts\/59520\/revisions"}],"predecessor-version":[{"id":59522,"href":"https:\/\/elpajaritonews.com\/index.php?rest_route=\/wp\/v2\/posts\/59520\/revisions\/59522"}],"wp:featuredmedia":[{"embeddable":true,"href":"https:\/\/elpajaritonews.com\/index.php?rest_route=\/wp\/v2\/media\/59521"}],"wp:attachment":[{"href":"https:\/\/elpajaritonews.com\/index.php?rest_route=%2Fwp%2Fv2%2Fmedia&parent=59520"}],"wp:term":[{"taxonomy":"category","embeddable":true,"href":"https:\/\/elpajaritonews.com\/index.php?rest_route=%2Fwp%2Fv2%2Fcategories&post=59520"},{"taxonomy":"post_tag","embeddable":true,"href":"https:\/\/elpajaritonews.com\/index.php?rest_route=%2Fwp%2Fv2%2Ftags&post=59520"}],"curies":[{"name":"wp","href":"https:\/\/api.w.org\/{rel}","templated":true}]}}