{"id":59550,"date":"2024-06-01T01:06:10","date_gmt":"2024-06-01T01:06:10","guid":{"rendered":"https:\/\/elpajaritonews.com\/?p=59550"},"modified":"2024-06-01T01:06:12","modified_gmt":"2024-06-01T01:06:12","slug":"biden-tacha-de-imprudente-y-peligroso-que-trump-afirme-que-el-veredicto-estuvo-amanado","status":"publish","type":"post","link":"https:\/\/elpajaritonews.com\/?p=59550","title":{"rendered":"BIDEN TACHA DE IMPRUDENTE Y PELIGROSO QUE TRUMP AFIRME QUE EL VEREDICTO ESTUVO AMA\u00d1ADO"},"content":{"rendered":"\n<p class=\"wp-block-paragraph\">\u00abEs imprudente, peligroso e irresponsable que cualquiera diga que esto fue ama\u00f1ado, s\u00f3lo porque no le gusta el veredicto\u00bb, dijo<\/p>\n\n\n\n<p class=\"wp-block-paragraph\">El presidente de Estados Unidos, Joe Biden, sostuvo en referencia al veredicto de culpabilidad recibido por el exmanandatario Donald Trump que \u00abnadie est\u00e1 por encima de la ley\u00bb y consider\u00f3 \u00abimprudente y peligroso\u00bb que este sugiera que la decisi\u00f3n estuvo ama\u00f1ada.<\/p>\n\n\n\n<p class=\"wp-block-paragraph\">\u00abEs imprudente, peligroso e irresponsable que cualquiera diga que esto fue ama\u00f1ado, s\u00f3lo porque no le gusta el veredicto\u00bb, dijo desde la Casa Blanca en una intervenci\u00f3n anunciada este mismo viernes y que ten\u00eda como objetivo hablar sobre la situaci\u00f3n en Medio Oriente.<\/p>\n","protected":false},"excerpt":{"rendered":"<p>\u00abEs imprudente, peligroso e irresponsable que cualquiera diga que esto fue ama\u00f1ado, s\u00f3lo porque no le gusta el veredicto\u00bb, dijo El presidente de Estados Unidos, Joe Biden, sostuvo en referencia al veredicto de culpabilidad recibido por el exmanandatario Donald Trump que \u00abnadie est\u00e1 por encima de la ley\u00bb y consider\u00f3 \u00abimprudente y peligroso\u00bb que este&#8230;<\/p>\n","protected":false},"author":2,"featured_media":59551,"comment_status":"closed","ping_status":"closed","sticky":false,"template":"","format":"standard","meta":{"_crdt_document":"","_exactmetrics_skip_tracking":false,"_exactmetrics_sitenote_active":false,"_exactmetrics_sitenote_note":"","_exactmetrics_sitenote_category":0,"footnotes":""},"categories":[35,24,31],"tags":[28,29,30],"class_list":["post-59550","post","type-post","status-publish","format-standard","has-post-thumbnail","hentry","category-elecciones-2024","category-mundo","category-politica","tag-nogales","tag-nogales-la-gran-frontera","tag-sonora-tierra-de-oportunidades"],"_links":{"self":[{"href":"https:\/\/elpajaritonews.com\/index.php?rest_route=\/wp\/v2\/posts\/59550","targetHints":{"allow":["GET"]}}],"collection":[{"href":"https:\/\/elpajaritonews.com\/index.php?rest_route=\/wp\/v2\/posts"}],"about":[{"href":"https:\/\/elpajaritonews.com\/index.php?rest_route=\/wp\/v2\/types\/post"}],"author":[{"embeddable":true,"href":"https:\/\/elpajaritonews.com\/index.php?rest_route=\/wp\/v2\/users\/2"}],"replies":[{"embeddable":true,"href":"https:\/\/elpajaritonews.com\/index.php?rest_route=%2Fwp%2Fv2%2Fcomments&post=59550"}],"version-history":[{"count":1,"href":"https:\/\/elpajaritonews.com\/index.php?rest_route=\/wp\/v2\/posts\/59550\/revisions"}],"predecessor-version":[{"id":59552,"href":"https:\/\/elpajaritonews.com\/index.php?rest_route=\/wp\/v2\/posts\/59550\/revisions\/59552"}],"wp:featuredmedia":[{"embeddable":true,"href":"https:\/\/elpajaritonews.com\/index.php?rest_route=\/wp\/v2\/media\/59551"}],"wp:attachment":[{"href":"https:\/\/elpajaritonews.com\/index.php?rest_route=%2Fwp%2Fv2%2Fmedia&parent=59550"}],"wp:term":[{"taxonomy":"category","embeddable":true,"href":"https:\/\/elpajaritonews.com\/index.php?rest_route=%2Fwp%2Fv2%2Fcategories&post=59550"},{"taxonomy":"post_tag","embeddable":true,"href":"https:\/\/elpajaritonews.com\/index.php?rest_route=%2Fwp%2Fv2%2Ftags&post=59550"}],"curies":[{"name":"wp","href":"https:\/\/api.w.org\/{rel}","templated":true}]}}