{"id":59585,"date":"2024-06-02T20:48:18","date_gmt":"2024-06-02T20:48:18","guid":{"rendered":"https:\/\/elpajaritonews.com\/?p=59585"},"modified":"2024-06-02T20:48:19","modified_gmt":"2024-06-02T20:48:19","slug":"oscar-ortiz-arvayo-emite-su-voto-y-llama-a-la-participacion-ciudadana","status":"publish","type":"post","link":"https:\/\/elpajaritonews.com\/?p=59585","title":{"rendered":"OSCAR ORTIZ ARVAYO EMITE SU VOTO Y LLAMA A LA PARTICIPACI\u00d3N CIUDADANA"},"content":{"rendered":"\n<p class=\"wp-block-paragraph\">En cumplimiento de su deber c\u00edvico, Oscar Ortiz Arvayo, candidato a diputado local por el distrito 9 correspondiente al sur de Hermosillo, emiti\u00f3 su voto esta ma\u00f1ana. Tras este acto, Ortiz Arvayo hizo un en\u00e9rgico llamado a los hermosillenses para que participen de manera masiva y pac\u00edfica en esta jornada electoral.<\/p>\n\n\n\n<p class=\"wp-block-paragraph\">\u00abInvitamos a todos los ciudadanos y sus familias, especialmente a los del sur de Hermosillo, a salir a votar. Hoy tenemos la oportunidad de hacer historia y definir el rumbo de nuestro pa\u00eds\u00bb, expres\u00f3 Ortiz Arvayo.<\/p>\n\n\n\n<figure class=\"wp-block-image size-large\"><img loading=\"lazy\" decoding=\"async\" width=\"682\" height=\"1024\" src=\"https:\/\/elpajaritonews.com\/wp-content\/uploads\/2024\/06\/bfd370fa-164d-47ea-a1aa-3e4c35f10909-682x1024.jpg\" alt=\"\" class=\"wp-image-59587\" srcset=\"https:\/\/elpajaritonews.com\/wp-content\/uploads\/2024\/06\/bfd370fa-164d-47ea-a1aa-3e4c35f10909-682x1024.jpg 682w, https:\/\/elpajaritonews.com\/wp-content\/uploads\/2024\/06\/bfd370fa-164d-47ea-a1aa-3e4c35f10909-200x300.jpg 200w, https:\/\/elpajaritonews.com\/wp-content\/uploads\/2024\/06\/bfd370fa-164d-47ea-a1aa-3e4c35f10909-768x1154.jpg 768w, https:\/\/elpajaritonews.com\/wp-content\/uploads\/2024\/06\/bfd370fa-164d-47ea-a1aa-3e4c35f10909-280x420.jpg 280w, https:\/\/elpajaritonews.com\/wp-content\/uploads\/2024\/06\/bfd370fa-164d-47ea-a1aa-3e4c35f10909-640x962.jpg 640w, https:\/\/elpajaritonews.com\/wp-content\/uploads\/2024\/06\/bfd370fa-164d-47ea-a1aa-3e4c35f10909-681x1023.jpg 681w, https:\/\/elpajaritonews.com\/wp-content\/uploads\/2024\/06\/bfd370fa-164d-47ea-a1aa-3e4c35f10909.jpg 1001w\" sizes=\"auto, (max-width: 682px) 100vw, 682px\" \/><\/figure>\n\n\n\n<p class=\"wp-block-paragraph\">El candidato resalt\u00f3 la importancia de la participaci\u00f3n ciudadana para fortalecer la democracia y garantizar un futuro con m\u00e1s bienestar para todos. \u00abEl voto de todos cuenta, cada voz es crucial para construir el pa\u00eds que deseamos. Este momento es decisivo y necesitamos la participaci\u00f3n de todos\u00bb, enfatiz\u00f3.<\/p>\n\n\n\n<p class=\"wp-block-paragraph\">Ortiz Arvayo tambi\u00e9n destac\u00f3 como positivo que, hasta el momento, las elecciones se est\u00e9n desarrollando sin problemas, agradeciendo a las autoridades electorales y a los ciudadanos por su participaci\u00f3n para que este proceso se lleve a cabo de manera ordenada y segura.<\/p>\n\n\n\n<figure class=\"wp-block-image size-full\"><img loading=\"lazy\" decoding=\"async\" width=\"852\" height=\"762\" src=\"https:\/\/elpajaritonews.com\/wp-content\/uploads\/2024\/06\/79241480-db8f-4a79-980b-654b5b519207.jpg\" alt=\"\" class=\"wp-image-59588\" srcset=\"https:\/\/elpajaritonews.com\/wp-content\/uploads\/2024\/06\/79241480-db8f-4a79-980b-654b5b519207.jpg 852w, https:\/\/elpajaritonews.com\/wp-content\/uploads\/2024\/06\/79241480-db8f-4a79-980b-654b5b519207-300x268.jpg 300w, https:\/\/elpajaritonews.com\/wp-content\/uploads\/2024\/06\/79241480-db8f-4a79-980b-654b5b519207-768x687.jpg 768w, https:\/\/elpajaritonews.com\/wp-content\/uploads\/2024\/06\/79241480-db8f-4a79-980b-654b5b519207-470x420.jpg 470w, https:\/\/elpajaritonews.com\/wp-content\/uploads\/2024\/06\/79241480-db8f-4a79-980b-654b5b519207-640x572.jpg 640w, https:\/\/elpajaritonews.com\/wp-content\/uploads\/2024\/06\/79241480-db8f-4a79-980b-654b5b519207-681x609.jpg 681w\" sizes=\"auto, (max-width: 852px) 100vw, 852px\" \/><\/figure>\n\n\n\n<p class=\"wp-block-paragraph\">La campa\u00f1a de Oscar Ortiz Arvayo estuvo marcada por su compromiso con el sur de Hermosillo, enfoc\u00e1ndose en temas como la seguridad, el deporte y el bienestar social. Su llamado a votar refuerza su visi\u00f3n de un proyecto de puertas abiertas y cercano a la gente.<\/p>\n","protected":false},"excerpt":{"rendered":"<p>En cumplimiento de su deber c\u00edvico, Oscar Ortiz Arvayo, candidato a diputado local por el distrito 9 correspondiente al sur de Hermosillo, emiti\u00f3 su voto esta ma\u00f1ana. Tras este acto, Ortiz Arvayo hizo un en\u00e9rgico llamado a los hermosillenses para que participen de manera masiva y pac\u00edfica en esta jornada electoral. \u00abInvitamos a todos los&#8230;<\/p>\n","protected":false},"author":2,"featured_media":59586,"comment_status":"closed","ping_status":"closed","sticky":false,"template":"","format":"standard","meta":{"_crdt_document":"","_exactmetrics_skip_tracking":false,"_exactmetrics_sitenote_active":false,"_exactmetrics_sitenote_note":"","_exactmetrics_sitenote_category":0,"footnotes":""},"categories":[35,26,31,27],"tags":[28,29,30],"class_list":["post-59585","post","type-post","status-publish","format-standard","has-post-thumbnail","hentry","category-elecciones-2024","category-local","category-politica","category-sonora","tag-nogales","tag-nogales-la-gran-frontera","tag-sonora-tierra-de-oportunidades"],"_links":{"self":[{"href":"https:\/\/elpajaritonews.com\/index.php?rest_route=\/wp\/v2\/posts\/59585","targetHints":{"allow":["GET"]}}],"collection":[{"href":"https:\/\/elpajaritonews.com\/index.php?rest_route=\/wp\/v2\/posts"}],"about":[{"href":"https:\/\/elpajaritonews.com\/index.php?rest_route=\/wp\/v2\/types\/post"}],"author":[{"embeddable":true,"href":"https:\/\/elpajaritonews.com\/index.php?rest_route=\/wp\/v2\/users\/2"}],"replies":[{"embeddable":true,"href":"https:\/\/elpajaritonews.com\/index.php?rest_route=%2Fwp%2Fv2%2Fcomments&post=59585"}],"version-history":[{"count":1,"href":"https:\/\/elpajaritonews.com\/index.php?rest_route=\/wp\/v2\/posts\/59585\/revisions"}],"predecessor-version":[{"id":59589,"href":"https:\/\/elpajaritonews.com\/index.php?rest_route=\/wp\/v2\/posts\/59585\/revisions\/59589"}],"wp:featuredmedia":[{"embeddable":true,"href":"https:\/\/elpajaritonews.com\/index.php?rest_route=\/wp\/v2\/media\/59586"}],"wp:attachment":[{"href":"https:\/\/elpajaritonews.com\/index.php?rest_route=%2Fwp%2Fv2%2Fmedia&parent=59585"}],"wp:term":[{"taxonomy":"category","embeddable":true,"href":"https:\/\/elpajaritonews.com\/index.php?rest_route=%2Fwp%2Fv2%2Fcategories&post=59585"},{"taxonomy":"post_tag","embeddable":true,"href":"https:\/\/elpajaritonews.com\/index.php?rest_route=%2Fwp%2Fv2%2Ftags&post=59585"}],"curies":[{"name":"wp","href":"https:\/\/api.w.org\/{rel}","templated":true}]}}