{"id":59613,"date":"2024-06-03T09:33:42","date_gmt":"2024-06-03T09:33:42","guid":{"rendered":"https:\/\/elpajaritonews.com\/?p=59613"},"modified":"2024-06-03T09:33:44","modified_gmt":"2024-06-03T09:33:44","slug":"obrero-cetemista-conquista-escano-en-el-congreso-del-estado","status":"publish","type":"post","link":"https:\/\/elpajaritonews.com\/?p=59613","title":{"rendered":"OBRERO CETEMISTA CONQUISTA ESCA\u00d1O EN EL CONGRESO DEL ESTADO"},"content":{"rendered":"\n<p class=\"wp-block-paragraph\">Oscar Ortiz es electo por abrumadora mayor\u00eda como diputado local por el Sur de Hermosillo<\/p>\n\n\n\n<p class=\"wp-block-paragraph\">Hermosillo, Sonora. \u2013 Concluida la jornada electoral, los ciudadanos del sur de Hermosillo han depositado su confianza en la Coalici\u00f3n Sigamos Haciendo Historia, conformada por Morena y sus aliados. Oscar Ortiz Arvayo dirigente de la CTM Hermosillo ha sido electo como diputado local con un apabullante porcentaje de votos, lo que otorga legitimidad al proyecto legislativo que llevar\u00e1 a cabo en el Congreso del Estado de Sonora.<\/p>\n\n\n\n<figure class=\"wp-block-image size-large\"><img loading=\"lazy\" decoding=\"async\" width=\"1024\" height=\"723\" src=\"https:\/\/elpajaritonews.com\/wp-content\/uploads\/2024\/06\/19cc714d-414b-487c-a191-1509e73dfe4c-1024x723.jpg\" alt=\"\" class=\"wp-image-59615\" srcset=\"https:\/\/elpajaritonews.com\/wp-content\/uploads\/2024\/06\/19cc714d-414b-487c-a191-1509e73dfe4c-1024x723.jpg 1024w, https:\/\/elpajaritonews.com\/wp-content\/uploads\/2024\/06\/19cc714d-414b-487c-a191-1509e73dfe4c-300x212.jpg 300w, https:\/\/elpajaritonews.com\/wp-content\/uploads\/2024\/06\/19cc714d-414b-487c-a191-1509e73dfe4c-768x542.jpg 768w, https:\/\/elpajaritonews.com\/wp-content\/uploads\/2024\/06\/19cc714d-414b-487c-a191-1509e73dfe4c-595x420.jpg 595w, https:\/\/elpajaritonews.com\/wp-content\/uploads\/2024\/06\/19cc714d-414b-487c-a191-1509e73dfe4c-640x452.jpg 640w, https:\/\/elpajaritonews.com\/wp-content\/uploads\/2024\/06\/19cc714d-414b-487c-a191-1509e73dfe4c-681x481.jpg 681w, https:\/\/elpajaritonews.com\/wp-content\/uploads\/2024\/06\/19cc714d-414b-487c-a191-1509e73dfe4c.jpg 1040w\" sizes=\"auto, (max-width: 1024px) 100vw, 1024px\" \/><\/figure>\n\n\n\n<p class=\"wp-block-paragraph\">\u201cGracias, gracias, gracias mi gente del sur de Hermosillo, trabajadores, j\u00f3venes, amas de casa, deportistas, adultos mayores, maestros, a mi equipo de trabajo y a mi familia. Han sido el motor que impuls\u00f3 este proyecto pol\u00edtico-legislativo que no es m\u00e1s que de la gente\u201d, expres\u00f3 Ortiz Arvayo en su primer discurso como diputado electo.<\/p>\n\n\n\n<p class=\"wp-block-paragraph\">El obrero Cetemista, ahora representante electo del Distrito local 9 en el Congreso estatal, afirm\u00f3 estar listo, no solo para legislar, sino tambi\u00e9n para llevar a cabo una gesti\u00f3n permanente en favor de sus representados.<\/p>\n\n\n\n<figure class=\"wp-block-image size-large\"><img loading=\"lazy\" decoding=\"async\" width=\"1024\" height=\"682\" src=\"https:\/\/elpajaritonews.com\/wp-content\/uploads\/2024\/06\/da64c0b3-f230-4971-96d1-c37e4f45faea-1024x682.jpg\" alt=\"\" class=\"wp-image-59616\" srcset=\"https:\/\/elpajaritonews.com\/wp-content\/uploads\/2024\/06\/da64c0b3-f230-4971-96d1-c37e4f45faea-1024x682.jpg 1024w, https:\/\/elpajaritonews.com\/wp-content\/uploads\/2024\/06\/da64c0b3-f230-4971-96d1-c37e4f45faea-300x200.jpg 300w, https:\/\/elpajaritonews.com\/wp-content\/uploads\/2024\/06\/da64c0b3-f230-4971-96d1-c37e4f45faea-768x512.jpg 768w, https:\/\/elpajaritonews.com\/wp-content\/uploads\/2024\/06\/da64c0b3-f230-4971-96d1-c37e4f45faea-1536x1023.jpg 1536w, https:\/\/elpajaritonews.com\/wp-content\/uploads\/2024\/06\/da64c0b3-f230-4971-96d1-c37e4f45faea-630x420.jpg 630w, https:\/\/elpajaritonews.com\/wp-content\/uploads\/2024\/06\/da64c0b3-f230-4971-96d1-c37e4f45faea-640x426.jpg 640w, https:\/\/elpajaritonews.com\/wp-content\/uploads\/2024\/06\/da64c0b3-f230-4971-96d1-c37e4f45faea-681x454.jpg 681w, https:\/\/elpajaritonews.com\/wp-content\/uploads\/2024\/06\/da64c0b3-f230-4971-96d1-c37e4f45faea.jpg 1600w\" sizes=\"auto, (max-width: 1024px) 100vw, 1024px\" \/><\/figure>\n\n\n\n<p class=\"wp-block-paragraph\">\u201cA lo largo de 40 d\u00edas, los ciudadanos nos han hecho saber sus necesidades m\u00e1s sentidas, tales como la pavimentaci\u00f3n y la rehabilitaci\u00f3n de parques, por mencionar algunas, y aunque la labor del diputado no es precisamente resolver esos temas, ser\u00e9 una voz fuerte y firme en las gestiones que tanto le duelen al sur de Hermosillo\u201d, Afirm\u00f3.<\/p>\n\n\n\n<p class=\"wp-block-paragraph\">Ortiz Arvayo tambi\u00e9n agradeci\u00f3 el apoyo de su central obrera, la CTM de Sonora y Hermosillo en esta contienda electoral. Adem\u00e1s, asegur\u00f3 que no decepcionar\u00e1 a nadie, pues sus familia lo form\u00f3 como un hombre de trabajo y de principios.<\/p>\n\n\n\n<p class=\"wp-block-paragraph\">\u201cMis padres me educaron para cumplir mis promesas y honrar mi palabra. Con mi am\u00e1 como testigo de honor les digo, no les voy a fallar\u201d.<\/p>\n\n\n\n<figure class=\"wp-block-image size-large\"><img loading=\"lazy\" decoding=\"async\" width=\"1024\" height=\"683\" src=\"https:\/\/elpajaritonews.com\/wp-content\/uploads\/2024\/06\/58b42412-8239-433f-8511-110c33a8bab3-1024x683.jpg\" alt=\"\" class=\"wp-image-59617\" srcset=\"https:\/\/elpajaritonews.com\/wp-content\/uploads\/2024\/06\/58b42412-8239-433f-8511-110c33a8bab3-1024x683.jpg 1024w, https:\/\/elpajaritonews.com\/wp-content\/uploads\/2024\/06\/58b42412-8239-433f-8511-110c33a8bab3-300x200.jpg 300w, https:\/\/elpajaritonews.com\/wp-content\/uploads\/2024\/06\/58b42412-8239-433f-8511-110c33a8bab3-768x512.jpg 768w, https:\/\/elpajaritonews.com\/wp-content\/uploads\/2024\/06\/58b42412-8239-433f-8511-110c33a8bab3-1536x1024.jpg 1536w, https:\/\/elpajaritonews.com\/wp-content\/uploads\/2024\/06\/58b42412-8239-433f-8511-110c33a8bab3-2048x1365.jpg 2048w, https:\/\/elpajaritonews.com\/wp-content\/uploads\/2024\/06\/58b42412-8239-433f-8511-110c33a8bab3-630x420.jpg 630w, https:\/\/elpajaritonews.com\/wp-content\/uploads\/2024\/06\/58b42412-8239-433f-8511-110c33a8bab3-640x427.jpg 640w, https:\/\/elpajaritonews.com\/wp-content\/uploads\/2024\/06\/58b42412-8239-433f-8511-110c33a8bab3-681x454.jpg 681w\" sizes=\"auto, (max-width: 1024px) 100vw, 1024px\" \/><\/figure>\n\n\n\n<p class=\"wp-block-paragraph\">Este triunfo no solo refleja la confianza de los ciudadanos en Oscar Ortiz y la cuarta transformaci\u00f3n que encabeza la Dra. Claudia Sheinbaum en el pa\u00eds, sino tambi\u00e9n en el compromiso de la Coalici\u00f3n Sigamos Haciendo Historia para trabajar por m\u00e1s bienestar, prosperidad compartida y el progreso del sur de Hermosillo.<\/p>\n","protected":false},"excerpt":{"rendered":"<p>Oscar Ortiz es electo por abrumadora mayor\u00eda como diputado local por el Sur de Hermosillo Hermosillo, Sonora. \u2013 Concluida la jornada electoral, los ciudadanos del sur de Hermosillo han depositado su confianza en la Coalici\u00f3n Sigamos Haciendo Historia, conformada por Morena y sus aliados. Oscar Ortiz Arvayo dirigente de la CTM Hermosillo ha sido electo&#8230;<\/p>\n","protected":false},"author":2,"featured_media":59614,"comment_status":"closed","ping_status":"closed","sticky":false,"template":"","format":"standard","meta":{"_crdt_document":"","_exactmetrics_skip_tracking":false,"_exactmetrics_sitenote_active":false,"_exactmetrics_sitenote_note":"","_exactmetrics_sitenote_category":0,"footnotes":""},"categories":[35,26,23,31,27],"tags":[28,29,30],"class_list":["post-59613","post","type-post","status-publish","format-standard","has-post-thumbnail","hentry","category-elecciones-2024","category-local","category-mexico","category-politica","category-sonora","tag-nogales","tag-nogales-la-gran-frontera","tag-sonora-tierra-de-oportunidades"],"_links":{"self":[{"href":"https:\/\/elpajaritonews.com\/index.php?rest_route=\/wp\/v2\/posts\/59613","targetHints":{"allow":["GET"]}}],"collection":[{"href":"https:\/\/elpajaritonews.com\/index.php?rest_route=\/wp\/v2\/posts"}],"about":[{"href":"https:\/\/elpajaritonews.com\/index.php?rest_route=\/wp\/v2\/types\/post"}],"author":[{"embeddable":true,"href":"https:\/\/elpajaritonews.com\/index.php?rest_route=\/wp\/v2\/users\/2"}],"replies":[{"embeddable":true,"href":"https:\/\/elpajaritonews.com\/index.php?rest_route=%2Fwp%2Fv2%2Fcomments&post=59613"}],"version-history":[{"count":1,"href":"https:\/\/elpajaritonews.com\/index.php?rest_route=\/wp\/v2\/posts\/59613\/revisions"}],"predecessor-version":[{"id":59618,"href":"https:\/\/elpajaritonews.com\/index.php?rest_route=\/wp\/v2\/posts\/59613\/revisions\/59618"}],"wp:featuredmedia":[{"embeddable":true,"href":"https:\/\/elpajaritonews.com\/index.php?rest_route=\/wp\/v2\/media\/59614"}],"wp:attachment":[{"href":"https:\/\/elpajaritonews.com\/index.php?rest_route=%2Fwp%2Fv2%2Fmedia&parent=59613"}],"wp:term":[{"taxonomy":"category","embeddable":true,"href":"https:\/\/elpajaritonews.com\/index.php?rest_route=%2Fwp%2Fv2%2Fcategories&post=59613"},{"taxonomy":"post_tag","embeddable":true,"href":"https:\/\/elpajaritonews.com\/index.php?rest_route=%2Fwp%2Fv2%2Ftags&post=59613"}],"curies":[{"name":"wp","href":"https:\/\/api.w.org\/{rel}","templated":true}]}}