{"id":59690,"date":"2024-06-05T23:14:22","date_gmt":"2024-06-05T23:14:22","guid":{"rendered":"https:\/\/elpajaritonews.com\/?p=59690"},"modified":"2024-06-05T23:14:24","modified_gmt":"2024-06-05T23:14:24","slug":"oms-anuncia-primera-muerte-por-gripe-aviar-h5n2-en-mexico-primer-caso-a-nivel-mundial","status":"publish","type":"post","link":"https:\/\/elpajaritonews.com\/?p=59690","title":{"rendered":"OMS ANUNCIA PRIMERA MUERTE POR GRIPE AVIAR H5N2 EN M\u00c9XICO, PRIMER CASO A NIVEL MUNDIAL"},"content":{"rendered":"\n<p class=\"wp-block-paragraph\">La Organizaci\u00f3n Mundial de la Salud anunci\u00f3 hoy la primera muerte por gripe aviar H5N2 en M\u00e9xico.<\/p>\n\n\n\n<p class=\"wp-block-paragraph\">El fallecido era un hombre de 59 a\u00f1os; se le detect\u00f3 la gripe aviar H5N2 y \u00abno ten\u00eda antecedentes de exposici\u00f3n a aves de corral u otros animales\u00bb, se\u00f1al\u00f3 la OMS, que detall\u00f3 que el hombre era del Estado de M\u00e9xico.<\/p>\n\n\n\n<p class=\"wp-block-paragraph\">De acuerdo con un comunicado de la OMS, el pasado 23 de mayo la OPS\/OMS recibi\u00f3 una notificaci\u00f3n de un caso mortal confirmado de infecci\u00f3n humana por el virus de la gripe aviar A(H5N2) detectado en un residente del Estado de M\u00e9xico que se encontraba hospitalizado en la Ciudad de M\u00e9xico.<\/p>\n\n\n\n<p class=\"wp-block-paragraph\">Se trata del primer caso humano confirmado en laboratorio de infecci\u00f3n por el virus de la gripe A(H5N2) notificado a nivel mundial y de la primera infecci\u00f3n por el virus H5 aviar en una persona notificada en M\u00e9xico.<\/p>\n\n\n\n<p class=\"wp-block-paragraph\">El paciente no ten\u00eda antecedentes de exposici\u00f3n a aves de corral u otros animales. Sin embargo, presentaba m\u00faltiples afecciones m\u00e9dicas subyacentes. Los familiares del paciente informaron que \u00e9ste llevaba ya tres semanas postrado en cama, por otros motivos, antes de la aparici\u00f3n de los s\u00edntomas agudos.<\/p>\n\n\n\n<p class=\"wp-block-paragraph\">Seg\u00fan lo que explicaron, el 17 de abril, el paciente present\u00f3 fiebre, dificultad respiratoria, diarrea, n\u00e1useas y malestar general. El 24 de abril, el paciente busc\u00f3 atenci\u00f3n m\u00e9dica, fue hospitalizado en el Instituto Nacional de Enfermedades Respiratorias \u00abIsmael Cos\u00edo Villegas\u00bb (INER) y falleci\u00f3 el mismo d\u00eda debido a complicaciones de su estado.<\/p>\n\n\n\n<p class=\"wp-block-paragraph\">En el INER se tomaron muestras y el paciente dio positivo a influenza A(H5N2). No se notificaron m\u00e1s casos durante la investigaci\u00f3n epidemiol\u00f3gica. De los 17 contactos identificados y controlados en el hospital donde falleci\u00f3 el paciente, uno declar\u00f3 rinorrea entre el 28 y el 29 de abril.<\/p>\n\n\n\n<p class=\"wp-block-paragraph\">Las muestras tomadas a estos contactos hospitalarios entre el 27 y el 29 de mayo dieron negativo para la gripe y el SARS-CoV 2. Se identificaron otros 12 contactos (siete sintom\u00e1ticos y cinco asintom\u00e1ticos) cerca de la residencia del paciente.<\/p>\n\n\n\n<p class=\"wp-block-paragraph\">De acuerdo con el comunicado, se obtuvieron muestras de exudado far\u00edngeo, hisopos nasofar\u00edngeos y suero de estas personas. El 28 de mayo, el InDRE inform\u00f3 de que las 12 muestras procedentes de contactos cercanos a la residencia del paciente dieron negativo para el SARS-CoV-2, la gripe A y la gripe B, seg\u00fan se determin\u00f3 mediante RT-PCR. Los resultados de las muestras serol\u00f3gicas est\u00e1n pendientes.<\/p>\n\n\n\n<p class=\"wp-block-paragraph\">Aunque se desconoce por ahora la fuente de exposici\u00f3n al virus en este caso, el comunicado se\u00f1ala que en marzo de 2024, se detect\u00f3 un brote de influenza aviar A(H5N2) de alta patogenicidad en una granja av\u00edcola de traspatio en el estado de Michoac\u00e1n, que limita con el Estado de M\u00e9xico donde resid\u00eda el paciente.<\/p>\n\n\n\n<p class=\"wp-block-paragraph\">Con base en la informaci\u00f3n disponible, la OMS determin\u00f3 que el riesgo que este virus representa actualmente para la poblaci\u00f3n en general es bajo.<\/p>\n","protected":false},"excerpt":{"rendered":"<p>La Organizaci\u00f3n Mundial de la Salud anunci\u00f3 hoy la primera muerte por gripe aviar H5N2 en M\u00e9xico. El fallecido era un hombre de 59 a\u00f1os; se le detect\u00f3 la gripe aviar H5N2 y \u00abno ten\u00eda antecedentes de exposici\u00f3n a aves de corral u otros animales\u00bb, se\u00f1al\u00f3 la OMS, que detall\u00f3 que el hombre era del&#8230;<\/p>\n","protected":false},"author":2,"featured_media":59691,"comment_status":"closed","ping_status":"closed","sticky":false,"template":"","format":"standard","meta":{"_crdt_document":"","_exactmetrics_skip_tracking":false,"_exactmetrics_sitenote_active":false,"_exactmetrics_sitenote_note":"","_exactmetrics_sitenote_category":0,"footnotes":""},"categories":[23,32,1],"tags":[28,29,30],"class_list":["post-59690","post","type-post","status-publish","format-standard","has-post-thumbnail","hentry","category-mexico","category-salud","category-seguridad","tag-nogales","tag-nogales-la-gran-frontera","tag-sonora-tierra-de-oportunidades"],"_links":{"self":[{"href":"https:\/\/elpajaritonews.com\/index.php?rest_route=\/wp\/v2\/posts\/59690","targetHints":{"allow":["GET"]}}],"collection":[{"href":"https:\/\/elpajaritonews.com\/index.php?rest_route=\/wp\/v2\/posts"}],"about":[{"href":"https:\/\/elpajaritonews.com\/index.php?rest_route=\/wp\/v2\/types\/post"}],"author":[{"embeddable":true,"href":"https:\/\/elpajaritonews.com\/index.php?rest_route=\/wp\/v2\/users\/2"}],"replies":[{"embeddable":true,"href":"https:\/\/elpajaritonews.com\/index.php?rest_route=%2Fwp%2Fv2%2Fcomments&post=59690"}],"version-history":[{"count":1,"href":"https:\/\/elpajaritonews.com\/index.php?rest_route=\/wp\/v2\/posts\/59690\/revisions"}],"predecessor-version":[{"id":59692,"href":"https:\/\/elpajaritonews.com\/index.php?rest_route=\/wp\/v2\/posts\/59690\/revisions\/59692"}],"wp:featuredmedia":[{"embeddable":true,"href":"https:\/\/elpajaritonews.com\/index.php?rest_route=\/wp\/v2\/media\/59691"}],"wp:attachment":[{"href":"https:\/\/elpajaritonews.com\/index.php?rest_route=%2Fwp%2Fv2%2Fmedia&parent=59690"}],"wp:term":[{"taxonomy":"category","embeddable":true,"href":"https:\/\/elpajaritonews.com\/index.php?rest_route=%2Fwp%2Fv2%2Fcategories&post=59690"},{"taxonomy":"post_tag","embeddable":true,"href":"https:\/\/elpajaritonews.com\/index.php?rest_route=%2Fwp%2Fv2%2Ftags&post=59690"}],"curies":[{"name":"wp","href":"https:\/\/api.w.org\/{rel}","templated":true}]}}