{"id":59693,"date":"2024-06-05T23:23:45","date_gmt":"2024-06-05T23:23:45","guid":{"rendered":"https:\/\/elpajaritonews.com\/?p=59693"},"modified":"2024-06-05T23:23:48","modified_gmt":"2024-06-05T23:23:48","slug":"que-se-abran-todos-los-paquetes-electorales-sheinbaum","status":"publish","type":"post","link":"https:\/\/elpajaritonews.com\/?p=59693","title":{"rendered":"QUE SE ABRAN TODOS LOS PAQUETES ELECTORALES: SHEINBAUM"},"content":{"rendered":"\n<p class=\"wp-block-paragraph\">Claudia Sheinbaum Pardo asegur\u00f3 que est\u00e1 de acuerdo en que \u201cse abran todos los paquetes electorales que se tengan que abrir\u201d, porque est\u00e1 segura de su triunfo en la elecci\u00f3n del domingo que, dijo, fue pac\u00edfica, libre y democr\u00e1tica.<\/p>\n\n\n\n<p class=\"wp-block-paragraph\">En un video mensaje, resalt\u00f3 que la diferencia es de m\u00e1s 30 puntos sobre el segundo lugar (X\u00f3chitl G\u00e1lvez, la ex candidata de la oposici\u00f3n), y fue certificada por los observadores electorales, incluso de la OEA. Tambi\u00e9n dijo que se encuentra trabajando en la integraci\u00f3n de su gabinete y programa de gobierno, adem\u00e1s de estar \u201canimosa y esperando\u201d para recorrer con el presidente Andr\u00e9s Manuel L\u00f3pez Obrador, diferentes proyectos. Con \u00e9l se reunier\u00e1, confirm\u00f3, cuando concluyan los c\u00f3mputos finales.<\/p>\n\n\n\n<figure class=\"wp-block-embed is-type-rich is-provider-twitter wp-block-embed-twitter\"><div class=\"wp-block-embed__wrapper\">\n<blockquote class=\"twitter-tweet\" data-width=\"550\" data-dnt=\"true\"><p lang=\"es\" dir=\"ltr\">Mensaje importante. <a href=\"https:\/\/t.co\/j6YafRrnvN\">pic.twitter.com\/j6YafRrnvN<\/a><\/p>&mdash; Dra. Claudia Sheinbaum (@Claudiashein) <a href=\"https:\/\/twitter.com\/Claudiashein\/status\/1798469171157811275?ref_src=twsrc%5Etfw\">June 5, 2024<\/a><\/blockquote><script async src=\"https:\/\/platform.twitter.com\/widgets.js\" charset=\"utf-8\"><\/script>\n<\/div><\/figure>\n","protected":false},"excerpt":{"rendered":"<p>Claudia Sheinbaum Pardo asegur\u00f3 que est\u00e1 de acuerdo en que \u201cse abran todos los paquetes electorales que se tengan que abrir\u201d, porque est\u00e1 segura de su triunfo en la elecci\u00f3n del domingo que, dijo, fue pac\u00edfica, libre y democr\u00e1tica. En un video mensaje, resalt\u00f3 que la diferencia es de m\u00e1s 30 puntos sobre el segundo&#8230;<\/p>\n","protected":false},"author":2,"featured_media":59694,"comment_status":"closed","ping_status":"closed","sticky":false,"template":"","format":"standard","meta":{"_crdt_document":"","_exactmetrics_skip_tracking":false,"_exactmetrics_sitenote_active":false,"_exactmetrics_sitenote_note":"","_exactmetrics_sitenote_category":0,"footnotes":""},"categories":[35,22,26,37,23,38,31,27],"tags":[28,29,30],"class_list":["post-59693","post","type-post","status-publish","format-standard","has-post-thumbnail","hentry","category-elecciones-2024","category-escena","category-local","category-medio-ambiente","category-mexico","category-migracion","category-politica","category-sonora","tag-nogales","tag-nogales-la-gran-frontera","tag-sonora-tierra-de-oportunidades"],"_links":{"self":[{"href":"https:\/\/elpajaritonews.com\/index.php?rest_route=\/wp\/v2\/posts\/59693","targetHints":{"allow":["GET"]}}],"collection":[{"href":"https:\/\/elpajaritonews.com\/index.php?rest_route=\/wp\/v2\/posts"}],"about":[{"href":"https:\/\/elpajaritonews.com\/index.php?rest_route=\/wp\/v2\/types\/post"}],"author":[{"embeddable":true,"href":"https:\/\/elpajaritonews.com\/index.php?rest_route=\/wp\/v2\/users\/2"}],"replies":[{"embeddable":true,"href":"https:\/\/elpajaritonews.com\/index.php?rest_route=%2Fwp%2Fv2%2Fcomments&post=59693"}],"version-history":[{"count":1,"href":"https:\/\/elpajaritonews.com\/index.php?rest_route=\/wp\/v2\/posts\/59693\/revisions"}],"predecessor-version":[{"id":59695,"href":"https:\/\/elpajaritonews.com\/index.php?rest_route=\/wp\/v2\/posts\/59693\/revisions\/59695"}],"wp:featuredmedia":[{"embeddable":true,"href":"https:\/\/elpajaritonews.com\/index.php?rest_route=\/wp\/v2\/media\/59694"}],"wp:attachment":[{"href":"https:\/\/elpajaritonews.com\/index.php?rest_route=%2Fwp%2Fv2%2Fmedia&parent=59693"}],"wp:term":[{"taxonomy":"category","embeddable":true,"href":"https:\/\/elpajaritonews.com\/index.php?rest_route=%2Fwp%2Fv2%2Fcategories&post=59693"},{"taxonomy":"post_tag","embeddable":true,"href":"https:\/\/elpajaritonews.com\/index.php?rest_route=%2Fwp%2Fv2%2Ftags&post=59693"}],"curies":[{"name":"wp","href":"https:\/\/api.w.org\/{rel}","templated":true}]}}