{"id":59715,"date":"2024-06-06T22:46:14","date_gmt":"2024-06-06T22:46:14","guid":{"rendered":"https:\/\/elpajaritonews.com\/?p=59715"},"modified":"2024-06-06T22:46:16","modified_gmt":"2024-06-06T22:46:16","slug":"tras-contundente-triunfo-recibe-oscar-ortiz-constancia-de-mayoria-al-obtener-el-65-21-de-los-votos-emitidos","status":"publish","type":"post","link":"https:\/\/elpajaritonews.com\/?p=59715","title":{"rendered":"TRAS CONTUNDENTE TRIUNFO, RECIBE OSCAR ORTIZ CONSTANCIA DE MAYOR\u00cdA AL OBTENER EL 65.21 % DE LOS VOTOS EMITIDOS"},"content":{"rendered":"\n<p class=\"wp-block-paragraph\">Tras una jornada electoral hist\u00f3rica, Oscar Ortiz Arvayo recibi\u00f3 en el Consejo Distrital la constancia que lo acredita oficialmente como Diputado Local electo del Distrito 9 representando al sur de Hermosillo en el Congreso del Estado.<\/p>\n\n\n\n<figure class=\"wp-block-image size-large\"><img loading=\"lazy\" decoding=\"async\" width=\"1024\" height=\"943\" src=\"https:\/\/elpajaritonews.com\/wp-content\/uploads\/2024\/06\/371f7ffd-6f39-42ca-9fa7-3b5f233085b1-1024x943.jpg\" alt=\"\" class=\"wp-image-59716\" srcset=\"https:\/\/elpajaritonews.com\/wp-content\/uploads\/2024\/06\/371f7ffd-6f39-42ca-9fa7-3b5f233085b1-1024x943.jpg 1024w, https:\/\/elpajaritonews.com\/wp-content\/uploads\/2024\/06\/371f7ffd-6f39-42ca-9fa7-3b5f233085b1-300x276.jpg 300w, https:\/\/elpajaritonews.com\/wp-content\/uploads\/2024\/06\/371f7ffd-6f39-42ca-9fa7-3b5f233085b1-768x707.jpg 768w, https:\/\/elpajaritonews.com\/wp-content\/uploads\/2024\/06\/371f7ffd-6f39-42ca-9fa7-3b5f233085b1-456x420.jpg 456w, https:\/\/elpajaritonews.com\/wp-content\/uploads\/2024\/06\/371f7ffd-6f39-42ca-9fa7-3b5f233085b1-640x590.jpg 640w, https:\/\/elpajaritonews.com\/wp-content\/uploads\/2024\/06\/371f7ffd-6f39-42ca-9fa7-3b5f233085b1-681x627.jpg 681w, https:\/\/elpajaritonews.com\/wp-content\/uploads\/2024\/06\/371f7ffd-6f39-42ca-9fa7-3b5f233085b1.jpg 1280w\" sizes=\"auto, (max-width: 1024px) 100vw, 1024px\" \/><\/figure>\n\n\n\n<p class=\"wp-block-paragraph\"><br>Con un contundente apoyo popular, Ortiz Arvayo obtuvo m\u00e1s de 30,000 votos, lo que equivale a m\u00e1s del 65% de la votaci\u00f3n total del distrito, una haza\u00f1a que marca un inicio promisorio en la pol\u00edtica para el obrero cetemista.<\/p>\n\n\n\n<p class=\"wp-block-paragraph\">Este triunfo no solo destaca la voluntad del electorado del sur de la ciudad, sino que tambi\u00e9n subraya la importancia de la representaci\u00f3n de los trabajadores en el \u00e1mbito legislativo. Como l\u00edder obrero, Ortiz Arvayo ha trabajado incansablemente en la defensa de los derechos laborales y ha sido una voz constante en la lucha por mejores condiciones para los trabajadores del municipio.<\/p>\n\n\n\n<figure class=\"wp-block-image size-large\"><img loading=\"lazy\" decoding=\"async\" width=\"738\" height=\"1024\" src=\"https:\/\/elpajaritonews.com\/wp-content\/uploads\/2024\/06\/cb40e7a1-6baa-4756-a2fc-310221e7e60f-738x1024.jpg\" alt=\"\" class=\"wp-image-59718\" srcset=\"https:\/\/elpajaritonews.com\/wp-content\/uploads\/2024\/06\/cb40e7a1-6baa-4756-a2fc-310221e7e60f-738x1024.jpg 738w, https:\/\/elpajaritonews.com\/wp-content\/uploads\/2024\/06\/cb40e7a1-6baa-4756-a2fc-310221e7e60f-216x300.jpg 216w, https:\/\/elpajaritonews.com\/wp-content\/uploads\/2024\/06\/cb40e7a1-6baa-4756-a2fc-310221e7e60f-768x1066.jpg 768w, https:\/\/elpajaritonews.com\/wp-content\/uploads\/2024\/06\/cb40e7a1-6baa-4756-a2fc-310221e7e60f-303x420.jpg 303w, https:\/\/elpajaritonews.com\/wp-content\/uploads\/2024\/06\/cb40e7a1-6baa-4756-a2fc-310221e7e60f-640x889.jpg 640w, https:\/\/elpajaritonews.com\/wp-content\/uploads\/2024\/06\/cb40e7a1-6baa-4756-a2fc-310221e7e60f-681x945.jpg 681w, https:\/\/elpajaritonews.com\/wp-content\/uploads\/2024\/06\/cb40e7a1-6baa-4756-a2fc-310221e7e60f.jpg 922w\" sizes=\"auto, (max-width: 738px) 100vw, 738px\" \/><\/figure>\n\n\n\n<p class=\"wp-block-paragraph\">El fen\u00f3meno electoral que ha llevado a Oscar Ortiz al Congreso Local es testimonio del deseo de cambio y de una representaci\u00f3n aut\u00e9ntica por parte de los ciudadanos del sur de Hermosillo. Su victoria con una mayor\u00eda tan contundente es un reflejo claro de la confianza que la comunidad ha depositado en su liderazgo y en su visi\u00f3n de futuro.<\/p>\n\n\n\n<p class=\"wp-block-paragraph\">Ortiz Arvayo se ha comprometido a trabajar incansablemente para llevar las demandas y necesidades de su distrito al Congreso, enfoc\u00e1ndose en mejorar las condiciones laborales, los espacios deportivos y culturales, promover el desarrollo y garantizar una mejor calidad de vida para todos los hermosillenses del sector sur de la ciudad. Su compromiso con la justicia social y el bienestar de la clase trabajadora ser\u00e1 la piedra angular de su labor legislativa.<\/p>\n\n\n\n<figure class=\"wp-block-image size-large\"><img loading=\"lazy\" decoding=\"async\" width=\"777\" height=\"1024\" src=\"https:\/\/elpajaritonews.com\/wp-content\/uploads\/2024\/06\/9e2bf71c-e591-48cf-8108-ae06f2d1540c-777x1024.jpg\" alt=\"\" class=\"wp-image-59719\" srcset=\"https:\/\/elpajaritonews.com\/wp-content\/uploads\/2024\/06\/9e2bf71c-e591-48cf-8108-ae06f2d1540c-777x1024.jpg 777w, https:\/\/elpajaritonews.com\/wp-content\/uploads\/2024\/06\/9e2bf71c-e591-48cf-8108-ae06f2d1540c-228x300.jpg 228w, https:\/\/elpajaritonews.com\/wp-content\/uploads\/2024\/06\/9e2bf71c-e591-48cf-8108-ae06f2d1540c-768x1012.jpg 768w, https:\/\/elpajaritonews.com\/wp-content\/uploads\/2024\/06\/9e2bf71c-e591-48cf-8108-ae06f2d1540c-319x420.jpg 319w, https:\/\/elpajaritonews.com\/wp-content\/uploads\/2024\/06\/9e2bf71c-e591-48cf-8108-ae06f2d1540c-640x844.jpg 640w, https:\/\/elpajaritonews.com\/wp-content\/uploads\/2024\/06\/9e2bf71c-e591-48cf-8108-ae06f2d1540c-681x898.jpg 681w, https:\/\/elpajaritonews.com\/wp-content\/uploads\/2024\/06\/9e2bf71c-e591-48cf-8108-ae06f2d1540c.jpg 971w\" sizes=\"auto, (max-width: 777px) 100vw, 777px\" \/><\/figure>\n\n\n\n<p class=\"wp-block-paragraph\">El nuevo diputado electo expres\u00f3 su gratitud a los votantes, a los partidos que lo postularon y a los miembros de la CTM de Sonora y Hermosillo por el apoyo, y reiter\u00f3 su compromiso de trabajar de la mano con la sociedad para lograr los cambios necesarios que beneficien a todos.<\/p>\n\n\n\n<p class=\"wp-block-paragraph\">\u00abEste triunfo es de todos, de cada trabajador, de cada joven, de cada familia que lucha d\u00eda con d\u00eda por un futuro mejor. Juntos, llevaremos nuestras voces al Congreso y construiremos un mejor entorno para todos en el sur de Hermosillo, m\u00e1s justo y con mayor prosperidad\u00bb, declar\u00f3 Ortiz Arvayo.<\/p>\n\n\n\n<p class=\"wp-block-paragraph\">Con este triunfo, el sur de Hermosillo no solo gana un representante en el Congreso Local, si no tambi\u00e9n un incansable defensor de los derechos y aspiraciones de sus ciudadanos.<\/p>\n\n\n\n<p class=\"wp-block-paragraph\">La elecci\u00f3n de Oscar Ortiz Arvayo marca un nuevo cap\u00edtulo en la historia pol\u00edtica de la regi\u00f3n, ya que con su participaci\u00f3n se increment\u00f3 en 11% la participaci\u00f3n electoral en el Distrito, pasando de 35,210 ciudadanos en la pasada elecci\u00f3n, a 47,199 en el actual proceso electoral.<\/p>\n","protected":false},"excerpt":{"rendered":"<p>Tras una jornada electoral hist\u00f3rica, Oscar Ortiz Arvayo recibi\u00f3 en el Consejo Distrital la constancia que lo acredita oficialmente como Diputado Local electo del Distrito 9 representando al sur de Hermosillo en el Congreso del Estado. Con un contundente apoyo popular, Ortiz Arvayo obtuvo m\u00e1s de 30,000 votos, lo que equivale a m\u00e1s del 65%&#8230;<\/p>\n","protected":false},"author":2,"featured_media":59717,"comment_status":"closed","ping_status":"closed","sticky":false,"template":"","format":"standard","meta":{"_crdt_document":"","_exactmetrics_skip_tracking":false,"_exactmetrics_sitenote_active":false,"_exactmetrics_sitenote_note":"","_exactmetrics_sitenote_category":0,"footnotes":""},"categories":[35,26,23,31,27],"tags":[28,29,30],"class_list":["post-59715","post","type-post","status-publish","format-standard","has-post-thumbnail","hentry","category-elecciones-2024","category-local","category-mexico","category-politica","category-sonora","tag-nogales","tag-nogales-la-gran-frontera","tag-sonora-tierra-de-oportunidades"],"_links":{"self":[{"href":"https:\/\/elpajaritonews.com\/index.php?rest_route=\/wp\/v2\/posts\/59715","targetHints":{"allow":["GET"]}}],"collection":[{"href":"https:\/\/elpajaritonews.com\/index.php?rest_route=\/wp\/v2\/posts"}],"about":[{"href":"https:\/\/elpajaritonews.com\/index.php?rest_route=\/wp\/v2\/types\/post"}],"author":[{"embeddable":true,"href":"https:\/\/elpajaritonews.com\/index.php?rest_route=\/wp\/v2\/users\/2"}],"replies":[{"embeddable":true,"href":"https:\/\/elpajaritonews.com\/index.php?rest_route=%2Fwp%2Fv2%2Fcomments&post=59715"}],"version-history":[{"count":1,"href":"https:\/\/elpajaritonews.com\/index.php?rest_route=\/wp\/v2\/posts\/59715\/revisions"}],"predecessor-version":[{"id":59720,"href":"https:\/\/elpajaritonews.com\/index.php?rest_route=\/wp\/v2\/posts\/59715\/revisions\/59720"}],"wp:featuredmedia":[{"embeddable":true,"href":"https:\/\/elpajaritonews.com\/index.php?rest_route=\/wp\/v2\/media\/59717"}],"wp:attachment":[{"href":"https:\/\/elpajaritonews.com\/index.php?rest_route=%2Fwp%2Fv2%2Fmedia&parent=59715"}],"wp:term":[{"taxonomy":"category","embeddable":true,"href":"https:\/\/elpajaritonews.com\/index.php?rest_route=%2Fwp%2Fv2%2Fcategories&post=59715"},{"taxonomy":"post_tag","embeddable":true,"href":"https:\/\/elpajaritonews.com\/index.php?rest_route=%2Fwp%2Fv2%2Ftags&post=59715"}],"curies":[{"name":"wp","href":"https:\/\/api.w.org\/{rel}","templated":true}]}}