{"id":59746,"date":"2024-06-07T23:54:34","date_gmt":"2024-06-07T23:54:34","guid":{"rendered":"https:\/\/elpajaritonews.com\/?p=59746"},"modified":"2024-06-07T23:54:36","modified_gmt":"2024-06-07T23:54:36","slug":"beneficia-gobernador-durazo-a-navojoenses-con-programa-la-clinica-es-nuestra","status":"publish","type":"post","link":"https:\/\/elpajaritonews.com\/?p=59746","title":{"rendered":"BENEFICIA GOBERNADOR DURAZO A NAVOJOENSES CON PROGRAMA LA CL\u00cdNICA ES NUESTRA"},"content":{"rendered":"\n<p class=\"wp-block-paragraph\">Durante su gira de trabajo llev\u00f3 una ambulancia al Pueblo Yoreme-Mayo<\/p>\n\n\n\n<p class=\"wp-block-paragraph\">Para atender las prioridades de las unidades m\u00e9dicas en Sonora en cuanto a mejora de infraestructura, mobiliario y equipamiento, el gobernador Alfonso Durazo Monta\u00f1o, en gira de trabajo por Navojoa, hizo la entrega de una ambulancia al Pueblo Yoreme-Mayo y 30 tarjetas del Banco Bienestar, que forman parte del programa La Cl\u00ednica es Nuestra.<\/p>\n\n\n\n<figure class=\"wp-block-image size-large\"><img loading=\"lazy\" decoding=\"async\" width=\"1024\" height=\"682\" src=\"https:\/\/elpajaritonews.com\/wp-content\/uploads\/2024\/06\/2279eec3-f570-4d9d-9e9b-38d7fa52378c-1024x682.jpg\" alt=\"\" class=\"wp-image-59748\" srcset=\"https:\/\/elpajaritonews.com\/wp-content\/uploads\/2024\/06\/2279eec3-f570-4d9d-9e9b-38d7fa52378c-1024x682.jpg 1024w, https:\/\/elpajaritonews.com\/wp-content\/uploads\/2024\/06\/2279eec3-f570-4d9d-9e9b-38d7fa52378c-300x200.jpg 300w, https:\/\/elpajaritonews.com\/wp-content\/uploads\/2024\/06\/2279eec3-f570-4d9d-9e9b-38d7fa52378c-768x511.jpg 768w, https:\/\/elpajaritonews.com\/wp-content\/uploads\/2024\/06\/2279eec3-f570-4d9d-9e9b-38d7fa52378c-631x420.jpg 631w, https:\/\/elpajaritonews.com\/wp-content\/uploads\/2024\/06\/2279eec3-f570-4d9d-9e9b-38d7fa52378c-640x426.jpg 640w, https:\/\/elpajaritonews.com\/wp-content\/uploads\/2024\/06\/2279eec3-f570-4d9d-9e9b-38d7fa52378c-681x453.jpg 681w, https:\/\/elpajaritonews.com\/wp-content\/uploads\/2024\/06\/2279eec3-f570-4d9d-9e9b-38d7fa52378c.jpg 1280w\" sizes=\"auto, (max-width: 1024px) 100vw, 1024px\" \/><\/figure>\n\n\n\n<p class=\"wp-block-paragraph\">El mandatario sonorense durante la entrega de los apoyos a integrantes de Comit\u00e9s de Salud y Bienestar de las 30 Cl\u00ednicas de Primer Nivel de Atenci\u00f3n de Navojoa, Huatabampo y Etchojoa, record\u00f3 que se invertir\u00e1 un monto total de 108.8 millones de pesos para 220 Comit\u00e9s de Salud de los 72 municipios del estado, fin de mejorar las condiciones de las unidades m\u00e9dicas en Sonora.<\/p>\n\n\n\n<p class=\"wp-block-paragraph\">\u00abQue cada centro de salud tenga un comit\u00e9 ciudadano responsable de administrar determinada cantidad que se les va a entregar anualmente para el mejoramiento de esas instalaciones seg\u00fan la propia comunidad defina las prioridades\u00bb, detall\u00f3.<\/p>\n\n\n\n<figure class=\"wp-block-image size-large\"><img loading=\"lazy\" decoding=\"async\" width=\"1024\" height=\"711\" src=\"https:\/\/elpajaritonews.com\/wp-content\/uploads\/2024\/06\/883396c0-d40c-4f76-a0fe-0bdc4af9f5ae-1024x711.jpg\" alt=\"\" class=\"wp-image-59749\" srcset=\"https:\/\/elpajaritonews.com\/wp-content\/uploads\/2024\/06\/883396c0-d40c-4f76-a0fe-0bdc4af9f5ae-1024x711.jpg 1024w, https:\/\/elpajaritonews.com\/wp-content\/uploads\/2024\/06\/883396c0-d40c-4f76-a0fe-0bdc4af9f5ae-300x208.jpg 300w, https:\/\/elpajaritonews.com\/wp-content\/uploads\/2024\/06\/883396c0-d40c-4f76-a0fe-0bdc4af9f5ae-768x533.jpg 768w, https:\/\/elpajaritonews.com\/wp-content\/uploads\/2024\/06\/883396c0-d40c-4f76-a0fe-0bdc4af9f5ae-605x420.jpg 605w, https:\/\/elpajaritonews.com\/wp-content\/uploads\/2024\/06\/883396c0-d40c-4f76-a0fe-0bdc4af9f5ae-640x445.jpg 640w, https:\/\/elpajaritonews.com\/wp-content\/uploads\/2024\/06\/883396c0-d40c-4f76-a0fe-0bdc4af9f5ae-681x473.jpg 681w, https:\/\/elpajaritonews.com\/wp-content\/uploads\/2024\/06\/883396c0-d40c-4f76-a0fe-0bdc4af9f5ae.jpg 1280w\" sizes=\"auto, (max-width: 1024px) 100vw, 1024px\" \/><\/figure>\n\n\n\n<p class=\"wp-block-paragraph\">El recurso asignado se destin\u00f3 para unidades m\u00e9dicas de pueblos originarios, pero tambi\u00e9n para los que est\u00e1n en zonas urbanas y tienen una cantidad de importante de poblaci\u00f3n por atender.<\/p>\n\n\n\n<p class=\"wp-block-paragraph\">Adem\u00e1s, el gobernador Durazo Monta\u00f1o hizo entrega de una ambulancia, como parte del Plan de Justicia Yoreme-Mayo, en beneficio de la localidad de El J\u00fapare, la cual tiene mil 362 habitantes.<\/p>\n\n\n\n<figure class=\"wp-block-image size-large\"><img loading=\"lazy\" decoding=\"async\" width=\"1024\" height=\"713\" src=\"https:\/\/elpajaritonews.com\/wp-content\/uploads\/2024\/06\/7b0dcc9c-94c5-41ce-a238-85543019fc54-1024x713.jpg\" alt=\"\" class=\"wp-image-59750\" srcset=\"https:\/\/elpajaritonews.com\/wp-content\/uploads\/2024\/06\/7b0dcc9c-94c5-41ce-a238-85543019fc54-1024x713.jpg 1024w, https:\/\/elpajaritonews.com\/wp-content\/uploads\/2024\/06\/7b0dcc9c-94c5-41ce-a238-85543019fc54-300x209.jpg 300w, https:\/\/elpajaritonews.com\/wp-content\/uploads\/2024\/06\/7b0dcc9c-94c5-41ce-a238-85543019fc54-768x535.jpg 768w, https:\/\/elpajaritonews.com\/wp-content\/uploads\/2024\/06\/7b0dcc9c-94c5-41ce-a238-85543019fc54-603x420.jpg 603w, https:\/\/elpajaritonews.com\/wp-content\/uploads\/2024\/06\/7b0dcc9c-94c5-41ce-a238-85543019fc54-640x446.jpg 640w, https:\/\/elpajaritonews.com\/wp-content\/uploads\/2024\/06\/7b0dcc9c-94c5-41ce-a238-85543019fc54-681x474.jpg 681w, https:\/\/elpajaritonews.com\/wp-content\/uploads\/2024\/06\/7b0dcc9c-94c5-41ce-a238-85543019fc54.jpg 1280w\" sizes=\"auto, (max-width: 1024px) 100vw, 1024px\" \/><\/figure>\n\n\n\n<p class=\"wp-block-paragraph\">Este veh\u00edculo atender\u00e1 de manera oportuna los traslados de personas enfermas de El J\u00fapare y otras comunidades aleda\u00f1as, para que reciban la atenci\u00f3n m\u00e9dica especializada en hospitales de la regi\u00f3n.<\/p>\n","protected":false},"excerpt":{"rendered":"<p>Durante su gira de trabajo llev\u00f3 una ambulancia al Pueblo Yoreme-Mayo Para atender las prioridades de las unidades m\u00e9dicas en Sonora en cuanto a mejora de infraestructura, mobiliario y equipamiento, el gobernador Alfonso Durazo Monta\u00f1o, en gira de trabajo por Navojoa, hizo la entrega de una ambulancia al Pueblo Yoreme-Mayo y 30 tarjetas del Banco&#8230;<\/p>\n","protected":false},"author":2,"featured_media":59747,"comment_status":"closed","ping_status":"closed","sticky":false,"template":"","format":"standard","meta":{"_crdt_document":"","_exactmetrics_skip_tracking":false,"_exactmetrics_sitenote_active":false,"_exactmetrics_sitenote_note":"","_exactmetrics_sitenote_category":0,"footnotes":""},"categories":[31,32,27],"tags":[28,29,30],"class_list":["post-59746","post","type-post","status-publish","format-standard","has-post-thumbnail","hentry","category-politica","category-salud","category-sonora","tag-nogales","tag-nogales-la-gran-frontera","tag-sonora-tierra-de-oportunidades"],"_links":{"self":[{"href":"https:\/\/elpajaritonews.com\/index.php?rest_route=\/wp\/v2\/posts\/59746","targetHints":{"allow":["GET"]}}],"collection":[{"href":"https:\/\/elpajaritonews.com\/index.php?rest_route=\/wp\/v2\/posts"}],"about":[{"href":"https:\/\/elpajaritonews.com\/index.php?rest_route=\/wp\/v2\/types\/post"}],"author":[{"embeddable":true,"href":"https:\/\/elpajaritonews.com\/index.php?rest_route=\/wp\/v2\/users\/2"}],"replies":[{"embeddable":true,"href":"https:\/\/elpajaritonews.com\/index.php?rest_route=%2Fwp%2Fv2%2Fcomments&post=59746"}],"version-history":[{"count":1,"href":"https:\/\/elpajaritonews.com\/index.php?rest_route=\/wp\/v2\/posts\/59746\/revisions"}],"predecessor-version":[{"id":59751,"href":"https:\/\/elpajaritonews.com\/index.php?rest_route=\/wp\/v2\/posts\/59746\/revisions\/59751"}],"wp:featuredmedia":[{"embeddable":true,"href":"https:\/\/elpajaritonews.com\/index.php?rest_route=\/wp\/v2\/media\/59747"}],"wp:attachment":[{"href":"https:\/\/elpajaritonews.com\/index.php?rest_route=%2Fwp%2Fv2%2Fmedia&parent=59746"}],"wp:term":[{"taxonomy":"category","embeddable":true,"href":"https:\/\/elpajaritonews.com\/index.php?rest_route=%2Fwp%2Fv2%2Fcategories&post=59746"},{"taxonomy":"post_tag","embeddable":true,"href":"https:\/\/elpajaritonews.com\/index.php?rest_route=%2Fwp%2Fv2%2Ftags&post=59746"}],"curies":[{"name":"wp","href":"https:\/\/api.w.org\/{rel}","templated":true}]}}