{"id":59759,"date":"2024-06-08T22:04:10","date_gmt":"2024-06-08T22:04:10","guid":{"rendered":"https:\/\/elpajaritonews.com\/?p=59759"},"modified":"2024-06-08T22:04:12","modified_gmt":"2024-06-08T22:04:12","slug":"computo-final-da-el-triunfo-a-mc-en-jalisco","status":"publish","type":"post","link":"https:\/\/elpajaritonews.com\/?p=59759","title":{"rendered":"C\u00d3MPUTO FINAL DA EL TRIUNFO A MC EN JALISCO"},"content":{"rendered":"\n<p class=\"wp-block-paragraph\">El Instituto Electoral de Participaci\u00f3n Ciudadana (IEPC) de Jalisco anunci\u00f3 casi a la medianoche de ayer que Pablo Lemus, candidato de Movimiento Ciudadano (MC), obtuvo el triunfo en los comicios para la gubernatura realizados el pasado domingo, con un mill\u00f3n 626 mil 941 votos, lo que corresponde a 43.47 por ciento de la votaci\u00f3n; este resultado le da una ventaja de 5.26 puntos sobre Claudia Delgadillo, la abanderada de la coalici\u00f3n Sigamos Haciendo Historia, quien obtuvo un mill\u00f3n 440 mil 161 votos, es decir 38.21 por ciento del total de los sufragios.<\/p>\n\n\n\n<p class=\"wp-block-paragraph\">Por la ma\u00f1ana, mientras se realizaban los c\u00f3mputos distritales la coalici\u00f3n que integran Morena y los partidos del Trabajo, Verde Ecologista de M\u00e9xico, Hagamos y Futuro, junto con su abanderada a la gubernatura, Claudia Delgadillo, pidieron la intervenci\u00f3n del Instituto Nacional Electoral (INE) para atraer el conteo de la elecci\u00f3n.<\/p>\n\n\n\n<p class=\"wp-block-paragraph\">Insistieron a que hay una serie de delitos, irregularidades e incidencias con el manejo de la cadena de custodia que se han reportado desde el inicio del Programa de Resultados Electorales Preliminares (PREP).<\/p>\n\n\n\n<p class=\"wp-block-paragraph\">Mario Delgado, presidente de Morena, en rueda de prensa, afirm\u00f3 que era indispensable que alguien m\u00e1s entre a contar por el dolo mostrado por lo menos de la presidenta del IEPC, Paula Ram\u00edrez, quien ha admitido la desaparici\u00f3n de boletas, la falta de actas y la ilegibilidad de ellas, motivo por el cual no se reportaron en el PREP, as\u00ed como la admisi\u00f3n del traslado de documentos oficiales en bolsas negras, rompiendo los procesos legales.<\/p>\n\n\n\n<p class=\"wp-block-paragraph\">En la conferencia tambi\u00e9n estuvo presente el candidato a la alcald\u00eda de Guadalajara, Jos\u00e9 Mar\u00eda Mart\u00ednez, quien dijo que en el distrito 8 tambi\u00e9n hay un c\u00famulo de incidencias por mal manejo de documentos en bolsas negras, el ingreso de personas al consejo distrital sin uniforme o identificaci\u00f3n oficial y el amedrentamiento de polic\u00edas que rodean todas las instalaciones electorales del estado.<\/p>\n\n\n\n<p class=\"wp-block-paragraph\">Por su parte, el aspirante a edil de Zapopan de la coalici\u00f3n, Pedro Kumamoto, indic\u00f3 que el jueves se abrieron paquetes electorales de 100 casillas en donde no hab\u00eda boletas, ni actas, lo que estim\u00f3 representa la ausencia de 77 mil documentos.<\/p>\n\n\n\n<p class=\"wp-block-paragraph\">En Ciudad de M\u00e9xico, cuestionada sobre la petici\u00f3n que hicieron los morenistas en Jalisco sobre atraer el conteo, la titular del INE, Guadalupe Taddei Zavala, dijo que ya no es el momento jur\u00eddicamente oportuno ni viable, as\u00ed es de que es totalmente improcedente.<\/p>\n\n\n\n<p class=\"wp-block-paragraph\">No obstante, reconoci\u00f3 que existe un protocolo legal para el intercambio de boletas, que ha sido una de las quejas recurrentes y por tanto habr\u00eda que hacer uso de ese protocolo con toda la tranquilidad y transparencia posible.<\/p>\n\n\n\n<p class=\"wp-block-paragraph\">Por la ma\u00f1ana, el presidente Andr\u00e9s Manuel L\u00f3pez Obrador, durante su conferencia diaria, respondi\u00f3 a reporteros que le preguntaron por esta situaci\u00f3n: Yo lo que propongo, recomiendo, es que se espere a que se cuenten los votos, que se revisen las actas, pero que no se hagan juicios adelantados; que se esperen a ver cu\u00e1l es el resultado, la transparencia. Y se est\u00e1 llevando a cabo un conteo, entonces ah\u00ed se va a saber.<\/p>\n\n\n\n<p class=\"wp-block-paragraph\">Paula Ram\u00edrez denuncia amenazas de muerte<\/p>\n\n\n\n<p class=\"wp-block-paragraph\">Por la tarde, la presidenta del instituto electoral Paula Ram\u00edrez dijo que fue amenazada de muerte a trav\u00e9s de un mensaje que le enviaron por Facenook a la cuenta del IEPC, por lo cual present\u00f3 dos denuncias.<\/p>\n\n\n\n<p class=\"wp-block-paragraph\">Mostr\u00f3 la amenaza, fechada desde el lunes pasado, en la cual le advierten que va a amanecer muerta por no hacer justicia ni contar bien los votos. Resulta bastante lamentable, es la primera vez que me enfrento a una situaci\u00f3n de esta naturaleza por desempe\u00f1ar mis funciones, reproch\u00f3 Ram\u00edrez, quien trabaj\u00f3 de 2011 a 2018 en el Instituto Federal Electoral.<\/p>\n\n\n\n<p class=\"wp-block-paragraph\">A su paso en el \u00f3rgano electoral federal, de 2015 a 2018 Ram\u00edrez fue coordinadora de asesores del secretario ejecutivo Edmundo Jacobo Molina durante la presidencia de Lorenzo C\u00f3rdova, hasta que en 2021 recibi\u00f3 su actual nombramiento por parte del Consejo General del INE, pese a que qued\u00f3 en cuarto lugar entre las aspirantes que realizaron el examen.<\/p>\n\n\n\n<p class=\"wp-block-paragraph\">Antes de que el IEPC diera los resultados del 100 por ciento de la actas computadas, en sus cuentas en redes sociales, Pablo Lemus se declar\u00f3 listo para recibir la constancia de mayor\u00eda este fin de semana, luego de lo avanzado del conteo, que le dar\u00eda el triunfo con por lo menos 5 puntos de ventaja. Tambi\u00e9n se solidariz\u00f3 con Paula Ram\u00edrez por las amenazas recibidas.<\/p>\n\n\n\n<p class=\"wp-block-paragraph\">Ante la inminencia de la declaratoria de triunfo a favor del candidato de MC, los simpatizantes morenistas anunciaron que estar\u00e1n este fin de semana a la expectativa para evitar un robo electoral y se prev\u00e9 que dicha declaratoria sea impugnada en tribunales.<\/p>\n\n\n\n<p class=\"wp-block-paragraph\">Con informaci\u00f3n de Emir Olivares, Arturo S\u00e1nchez, Fabiola Mart\u00ednez y Jessica Xantomila<\/p>\n","protected":false},"excerpt":{"rendered":"<p>El Instituto Electoral de Participaci\u00f3n Ciudadana (IEPC) de Jalisco anunci\u00f3 casi a la medianoche de ayer que Pablo Lemus, candidato de Movimiento Ciudadano (MC), obtuvo el triunfo en los comicios para la gubernatura realizados el pasado domingo, con un mill\u00f3n 626 mil 941 votos, lo que corresponde a 43.47 por ciento de la votaci\u00f3n; este&#8230;<\/p>\n","protected":false},"author":2,"featured_media":59760,"comment_status":"closed","ping_status":"closed","sticky":false,"template":"","format":"standard","meta":{"_crdt_document":"","_exactmetrics_skip_tracking":false,"_exactmetrics_sitenote_active":false,"_exactmetrics_sitenote_note":"","_exactmetrics_sitenote_category":0,"footnotes":""},"categories":[35,23,31],"tags":[28,29,30],"class_list":["post-59759","post","type-post","status-publish","format-standard","has-post-thumbnail","hentry","category-elecciones-2024","category-mexico","category-politica","tag-nogales","tag-nogales-la-gran-frontera","tag-sonora-tierra-de-oportunidades"],"_links":{"self":[{"href":"https:\/\/elpajaritonews.com\/index.php?rest_route=\/wp\/v2\/posts\/59759","targetHints":{"allow":["GET"]}}],"collection":[{"href":"https:\/\/elpajaritonews.com\/index.php?rest_route=\/wp\/v2\/posts"}],"about":[{"href":"https:\/\/elpajaritonews.com\/index.php?rest_route=\/wp\/v2\/types\/post"}],"author":[{"embeddable":true,"href":"https:\/\/elpajaritonews.com\/index.php?rest_route=\/wp\/v2\/users\/2"}],"replies":[{"embeddable":true,"href":"https:\/\/elpajaritonews.com\/index.php?rest_route=%2Fwp%2Fv2%2Fcomments&post=59759"}],"version-history":[{"count":1,"href":"https:\/\/elpajaritonews.com\/index.php?rest_route=\/wp\/v2\/posts\/59759\/revisions"}],"predecessor-version":[{"id":59761,"href":"https:\/\/elpajaritonews.com\/index.php?rest_route=\/wp\/v2\/posts\/59759\/revisions\/59761"}],"wp:featuredmedia":[{"embeddable":true,"href":"https:\/\/elpajaritonews.com\/index.php?rest_route=\/wp\/v2\/media\/59760"}],"wp:attachment":[{"href":"https:\/\/elpajaritonews.com\/index.php?rest_route=%2Fwp%2Fv2%2Fmedia&parent=59759"}],"wp:term":[{"taxonomy":"category","embeddable":true,"href":"https:\/\/elpajaritonews.com\/index.php?rest_route=%2Fwp%2Fv2%2Fcategories&post=59759"},{"taxonomy":"post_tag","embeddable":true,"href":"https:\/\/elpajaritonews.com\/index.php?rest_route=%2Fwp%2Fv2%2Ftags&post=59759"}],"curies":[{"name":"wp","href":"https:\/\/api.w.org\/{rel}","templated":true}]}}