{"id":60104,"date":"2024-06-12T22:39:13","date_gmt":"2024-06-12T22:39:13","guid":{"rendered":"https:\/\/elpajaritonews.com\/?p=60104"},"modified":"2024-06-12T22:39:15","modified_gmt":"2024-06-12T22:39:15","slug":"destaca-gobernador-durazo-respaldo-de-presidenta-electa-claudia-sheinbaum-al-plan-sonora","status":"publish","type":"post","link":"https:\/\/elpajaritonews.com\/?p=60104","title":{"rendered":"DESTACA GOBERNADOR DURAZO RESPALDO DE PRESIDENTA ELECTA CLAUDIA SHEINBAUM AL PLAN SONORA"},"content":{"rendered":"\n<p class=\"wp-block-paragraph\">El respaldo de Claudia Sheinbaum Pardo, al Plan Sonora de Energ\u00edas Sostenibles, es fundamental para el futuro y desarrollo econ\u00f3mico del estado, por lo que la entidad sonorense se congratula al recibir el apoyo de la virtual presidenta electa de M\u00e9xico para este proyecto, expres\u00f3 el gobernador Alfonso Durazo Monta\u00f1o.<\/p>\n\n\n\n<p class=\"wp-block-paragraph\">El mandatario estatal celebr\u00f3 el compromiso de Sheinbaum Pardo, quien durante su campa\u00f1a manifest\u00f3 su inter\u00e9s a los proyectos, como el Plan Sonora, que ya se cristalizan en la entidad y que al ratificar su encomienda como presidente electa, de contribuir en el establecimiento de la cadena productiva de la electromovilidad, brindan la certeza de que se continuar\u00e1 trabajando a favor de las y los sonorenses.<\/p>\n\n\n\n<figure class=\"wp-block-image size-large\"><img loading=\"lazy\" decoding=\"async\" width=\"1024\" height=\"682\" src=\"https:\/\/elpajaritonews.com\/wp-content\/uploads\/2024\/06\/f14ba4cb-99b4-4bf0-a075-5c15d89de067-1024x682.jpg\" alt=\"\" class=\"wp-image-60106\" srcset=\"https:\/\/elpajaritonews.com\/wp-content\/uploads\/2024\/06\/f14ba4cb-99b4-4bf0-a075-5c15d89de067-1024x682.jpg 1024w, https:\/\/elpajaritonews.com\/wp-content\/uploads\/2024\/06\/f14ba4cb-99b4-4bf0-a075-5c15d89de067-300x200.jpg 300w, https:\/\/elpajaritonews.com\/wp-content\/uploads\/2024\/06\/f14ba4cb-99b4-4bf0-a075-5c15d89de067-768x512.jpg 768w, https:\/\/elpajaritonews.com\/wp-content\/uploads\/2024\/06\/f14ba4cb-99b4-4bf0-a075-5c15d89de067-630x420.jpg 630w, https:\/\/elpajaritonews.com\/wp-content\/uploads\/2024\/06\/f14ba4cb-99b4-4bf0-a075-5c15d89de067-640x427.jpg 640w, https:\/\/elpajaritonews.com\/wp-content\/uploads\/2024\/06\/f14ba4cb-99b4-4bf0-a075-5c15d89de067-681x454.jpg 681w, https:\/\/elpajaritonews.com\/wp-content\/uploads\/2024\/06\/f14ba4cb-99b4-4bf0-a075-5c15d89de067.jpg 1280w\" sizes=\"auto, (max-width: 1024px) 100vw, 1024px\" \/><\/figure>\n\n\n\n<p class=\"wp-block-paragraph\">\u201cMe dio much\u00edsimo gusto que mencionara que se apoyar\u00e1 al Plan Sonora en la fase de la cadena para el establecimiento de toda la cadena de electromovilidad en el estado hasta desembocar en la fabricaci\u00f3n de veh\u00edculos el\u00e9ctricos, ese es uno de las grandes metas del Plan Sonora, si tenemos todo \u00bfPor qu\u00e9 se van a ir a fabricar veh\u00edculos el\u00e9ctricos a otros estados hermanos a donde tendr\u00edan que llevarse todos los minerales que tenemos aqu\u00ed?\u201d, coment\u00f3.<\/p>\n\n\n\n<p class=\"wp-block-paragraph\">La virtual presidenta electa reconoci\u00f3 el trabajo que se est\u00e1 haciendo en Sonora, en conjunto con el Gobierno de M\u00e9xico, para ser un referente mundial en materia de electromovilidad y generaci\u00f3n de energ\u00edas limpias, brindando a la ciudadan\u00eda la oportunidad de un desarrollo sustentable.<\/p>\n\n\n\n<p class=\"wp-block-paragraph\">\u201cEl Plan Sonora vamos a completar los 5GW de energ\u00eda solar que est\u00e1n en Puerto Pe\u00f1asco, y adem\u00e1s impulsar el Plan Sonora con toda la cadena productiva de electromovilidad, desde el litio hasta la producci\u00f3n de autom\u00f3viles. Vi un video del gobernador de Sonora de un primer barco que llegar\u00e1 a Guaymas, lo felicitamos al igual que el presidente, es un proyecto conjunto, y vamos a seguir impulsando el Plan Sonora\u201d, indic\u00f3.<\/p>\n","protected":false},"excerpt":{"rendered":"<p>El respaldo de Claudia Sheinbaum Pardo, al Plan Sonora de Energ\u00edas Sostenibles, es fundamental para el futuro y desarrollo econ\u00f3mico del estado, por lo que la entidad sonorense se congratula al recibir el apoyo de la virtual presidenta electa de M\u00e9xico para este proyecto, expres\u00f3 el gobernador Alfonso Durazo Monta\u00f1o. El mandatario estatal celebr\u00f3 el&#8230;<\/p>\n","protected":false},"author":2,"featured_media":60105,"comment_status":"closed","ping_status":"closed","sticky":false,"template":"","format":"standard","meta":{"_crdt_document":"","_exactmetrics_skip_tracking":false,"_exactmetrics_sitenote_active":false,"_exactmetrics_sitenote_note":"","_exactmetrics_sitenote_category":0,"footnotes":""},"categories":[31,27],"tags":[28,29,30],"class_list":["post-60104","post","type-post","status-publish","format-standard","has-post-thumbnail","hentry","category-politica","category-sonora","tag-nogales","tag-nogales-la-gran-frontera","tag-sonora-tierra-de-oportunidades"],"_links":{"self":[{"href":"https:\/\/elpajaritonews.com\/index.php?rest_route=\/wp\/v2\/posts\/60104","targetHints":{"allow":["GET"]}}],"collection":[{"href":"https:\/\/elpajaritonews.com\/index.php?rest_route=\/wp\/v2\/posts"}],"about":[{"href":"https:\/\/elpajaritonews.com\/index.php?rest_route=\/wp\/v2\/types\/post"}],"author":[{"embeddable":true,"href":"https:\/\/elpajaritonews.com\/index.php?rest_route=\/wp\/v2\/users\/2"}],"replies":[{"embeddable":true,"href":"https:\/\/elpajaritonews.com\/index.php?rest_route=%2Fwp%2Fv2%2Fcomments&post=60104"}],"version-history":[{"count":1,"href":"https:\/\/elpajaritonews.com\/index.php?rest_route=\/wp\/v2\/posts\/60104\/revisions"}],"predecessor-version":[{"id":60107,"href":"https:\/\/elpajaritonews.com\/index.php?rest_route=\/wp\/v2\/posts\/60104\/revisions\/60107"}],"wp:featuredmedia":[{"embeddable":true,"href":"https:\/\/elpajaritonews.com\/index.php?rest_route=\/wp\/v2\/media\/60105"}],"wp:attachment":[{"href":"https:\/\/elpajaritonews.com\/index.php?rest_route=%2Fwp%2Fv2%2Fmedia&parent=60104"}],"wp:term":[{"taxonomy":"category","embeddable":true,"href":"https:\/\/elpajaritonews.com\/index.php?rest_route=%2Fwp%2Fv2%2Fcategories&post=60104"},{"taxonomy":"post_tag","embeddable":true,"href":"https:\/\/elpajaritonews.com\/index.php?rest_route=%2Fwp%2Fv2%2Ftags&post=60104"}],"curies":[{"name":"wp","href":"https:\/\/api.w.org\/{rel}","templated":true}]}}