{"id":60112,"date":"2024-06-13T00:18:37","date_gmt":"2024-06-13T00:18:37","guid":{"rendered":"https:\/\/elpajaritonews.com\/?p=60112"},"modified":"2024-06-13T17:08:37","modified_gmt":"2024-06-13T17:08:37","slug":"albergan-a-mas-de-60-personas-ante-altas-temperaturas-en-hermosillo","status":"publish","type":"post","link":"https:\/\/elpajaritonews.com\/?p=60112","title":{"rendered":"ALBERGAN A M\u00c1S DE 60 PERSONAS ANTE ALTAS TEMPERATURAS EN HERMOSILLO"},"content":{"rendered":"\n<p class=\"wp-block-paragraph\">Este martes, el Ayuntamiento de Hermosillo ayud\u00f3 con traslado y albergue a poco m\u00e1s de 60 personas en situaci\u00f3n de calle ante las temperaturas extraordinariamente altas registradas en los \u00faltimos d\u00edas, inform\u00f3 Fernando Morales Flores.<\/p>\n\n\n\n<figure class=\"wp-block-image size-large\"><img loading=\"lazy\" decoding=\"async\" width=\"1024\" height=\"682\" src=\"https:\/\/elpajaritonews.com\/wp-content\/uploads\/2024\/06\/7693e35d-acfe-45b1-8190-4a0239d2bdaf-1024x682.jpg\" alt=\"\" class=\"wp-image-60114\" srcset=\"https:\/\/elpajaritonews.com\/wp-content\/uploads\/2024\/06\/7693e35d-acfe-45b1-8190-4a0239d2bdaf-1024x682.jpg 1024w, https:\/\/elpajaritonews.com\/wp-content\/uploads\/2024\/06\/7693e35d-acfe-45b1-8190-4a0239d2bdaf-300x200.jpg 300w, https:\/\/elpajaritonews.com\/wp-content\/uploads\/2024\/06\/7693e35d-acfe-45b1-8190-4a0239d2bdaf-768x512.jpg 768w, https:\/\/elpajaritonews.com\/wp-content\/uploads\/2024\/06\/7693e35d-acfe-45b1-8190-4a0239d2bdaf-630x420.jpg 630w, https:\/\/elpajaritonews.com\/wp-content\/uploads\/2024\/06\/7693e35d-acfe-45b1-8190-4a0239d2bdaf-640x427.jpg 640w, https:\/\/elpajaritonews.com\/wp-content\/uploads\/2024\/06\/7693e35d-acfe-45b1-8190-4a0239d2bdaf-681x454.jpg 681w, https:\/\/elpajaritonews.com\/wp-content\/uploads\/2024\/06\/7693e35d-acfe-45b1-8190-4a0239d2bdaf.jpg 1280w\" sizes=\"auto, (max-width: 1024px) 100vw, 1024px\" \/><\/figure>\n\n\n\n<p class=\"wp-block-paragraph\">El coordinador de Protecci\u00f3n Civil Municipal indic\u00f3 que este mi\u00e9rcoles a las 3 de la tarde se encontraban 12 personas en albergues temporales, de las cuales 8 se recibieron en&nbsp; el Centro H\u00e1bitat Caf\u00e9 Combate, 2 en el Centro H\u00e1bitat Solidaridad y 2 en Casa Galilea.<\/p>\n\n\n\n<p class=\"wp-block-paragraph\">Record\u00f3 que el acceso y el traslado a albergues temporales es voluntario y que el operativo lo realizan en conjunto con la Polic\u00eda Preventiva de Seguridad P\u00fablica Municipal y la Direcci\u00f3n de Participaci\u00f3n Ciudadana en principales plazas y puentes de la ciudad, por ser lugares donde se concentran la mayor cantidad de personas sin hogar.<\/p>\n\n\n\n<p class=\"wp-block-paragraph\">\u201cVamos a recorrer las principales plazas y puentes para invitar a las personas a que se resguarden del calor\u201d inform\u00f3.<\/p>\n\n\n\n<p class=\"wp-block-paragraph\">El pasado martes se trasladaron poco m\u00e1s de 60 personas a los diversos albergues que se habilitaron como Centro Galilea, Caf\u00e9 Combate y Solidaridad I, en donde se les proporcion\u00f3 resguardo, hidrataci\u00f3n v\u00eda oral, as\u00ed como alimento ligero, precis\u00f3.<\/p>\n\n\n\n<p class=\"wp-block-paragraph\">Hizo un llamado para que no realicen actividades deportivas al aire libre y eviten exponerse al sol de 12:00 del mediod\u00eda hasta las 17:00 horas horario en el que se incrementa las temperaturas.<\/p>\n\n\n\n<p class=\"wp-block-paragraph\">La tarde de este mi\u00e9rcoles continuaron los recorridos de las dependencias, cuyo personal entreg\u00f3 agua y sueros a personas en puntos como plazas y paradas de camiones para mitigar los riesgos ante la temperatura inusualmente alta.<\/p>\n","protected":false},"excerpt":{"rendered":"<p>Este martes, el Ayuntamiento de Hermosillo ayud\u00f3 con traslado y albergue a poco m\u00e1s de 60 personas en situaci\u00f3n de calle ante las temperaturas extraordinariamente altas registradas en los \u00faltimos d\u00edas, inform\u00f3 Fernando Morales Flores. El coordinador de Protecci\u00f3n Civil Municipal indic\u00f3 que este mi\u00e9rcoles a las 3 de la tarde se encontraban 12 personas&#8230;<\/p>\n","protected":false},"author":2,"featured_media":60113,"comment_status":"closed","ping_status":"closed","sticky":false,"template":"","format":"standard","meta":{"_crdt_document":"","_exactmetrics_skip_tracking":false,"_exactmetrics_sitenote_active":false,"_exactmetrics_sitenote_note":"","_exactmetrics_sitenote_category":0,"footnotes":""},"categories":[26,37,1,27],"tags":[28,29,30],"class_list":["post-60112","post","type-post","status-publish","format-standard","has-post-thumbnail","hentry","category-local","category-medio-ambiente","category-seguridad","category-sonora","tag-nogales","tag-nogales-la-gran-frontera","tag-sonora-tierra-de-oportunidades"],"_links":{"self":[{"href":"https:\/\/elpajaritonews.com\/index.php?rest_route=\/wp\/v2\/posts\/60112","targetHints":{"allow":["GET"]}}],"collection":[{"href":"https:\/\/elpajaritonews.com\/index.php?rest_route=\/wp\/v2\/posts"}],"about":[{"href":"https:\/\/elpajaritonews.com\/index.php?rest_route=\/wp\/v2\/types\/post"}],"author":[{"embeddable":true,"href":"https:\/\/elpajaritonews.com\/index.php?rest_route=\/wp\/v2\/users\/2"}],"replies":[{"embeddable":true,"href":"https:\/\/elpajaritonews.com\/index.php?rest_route=%2Fwp%2Fv2%2Fcomments&post=60112"}],"version-history":[{"count":1,"href":"https:\/\/elpajaritonews.com\/index.php?rest_route=\/wp\/v2\/posts\/60112\/revisions"}],"predecessor-version":[{"id":60115,"href":"https:\/\/elpajaritonews.com\/index.php?rest_route=\/wp\/v2\/posts\/60112\/revisions\/60115"}],"wp:featuredmedia":[{"embeddable":true,"href":"https:\/\/elpajaritonews.com\/index.php?rest_route=\/wp\/v2\/media\/60113"}],"wp:attachment":[{"href":"https:\/\/elpajaritonews.com\/index.php?rest_route=%2Fwp%2Fv2%2Fmedia&parent=60112"}],"wp:term":[{"taxonomy":"category","embeddable":true,"href":"https:\/\/elpajaritonews.com\/index.php?rest_route=%2Fwp%2Fv2%2Fcategories&post=60112"},{"taxonomy":"post_tag","embeddable":true,"href":"https:\/\/elpajaritonews.com\/index.php?rest_route=%2Fwp%2Fv2%2Ftags&post=60112"}],"curies":[{"name":"wp","href":"https:\/\/api.w.org\/{rel}","templated":true}]}}