{"id":60116,"date":"2024-06-13T00:29:06","date_gmt":"2024-06-13T00:29:06","guid":{"rendered":"https:\/\/elpajaritonews.com\/?p=60116"},"modified":"2024-06-13T17:05:11","modified_gmt":"2024-06-13T17:05:11","slug":"turistas-son-electrocutados-en-un-jacuzzi-en-puerto-penasco-uno-de-ellos-pierde-la-vida","status":"publish","type":"post","link":"https:\/\/elpajaritonews.com\/?p=60116","title":{"rendered":"TURISTAS SON ELECTROCUTADOS EN UN JACUZZI EN PUERTO PE\u00d1ASCO, UNO DE ELLOS PIERDE LA VIDA"},"content":{"rendered":"\n<p class=\"wp-block-paragraph\">El tr\u00e1gico incidente se registr\u00f3 la tarde-noche del pasado 11 de junio, en el \u00e1rea de albercas de un complejo de condominios privados de este popular destino de playa.<\/p>\n\n\n\n<p class=\"wp-block-paragraph\">Un turista perdi\u00f3 la vida y otro m\u00e1s result\u00f3 herido, luego de ser electrocutados cuando se encontraba dentro de un jacuzzi en Puerto Pe\u00f1asco.<\/p>\n\n\n\n<p class=\"wp-block-paragraph\">As\u00ed lo confirm\u00f3 la Fiscal\u00eda General de Justicia del Estado de Sonora (FGJES), que a trav\u00e9s de un comunicado se\u00f1al\u00f3 que ya inici\u00f3 las investigaciones correspondientes.<\/p>\n\n\n\n<figure class=\"wp-block-image size-full\"><img loading=\"lazy\" decoding=\"async\" width=\"928\" height=\"492\" src=\"https:\/\/elpajaritonews.com\/wp-content\/uploads\/2024\/06\/tvazteca.brightspotcdn-1.jpg\" alt=\"\" class=\"wp-image-60118\" srcset=\"https:\/\/elpajaritonews.com\/wp-content\/uploads\/2024\/06\/tvazteca.brightspotcdn-1.jpg 928w, https:\/\/elpajaritonews.com\/wp-content\/uploads\/2024\/06\/tvazteca.brightspotcdn-1-300x160.jpg 300w, https:\/\/elpajaritonews.com\/wp-content\/uploads\/2024\/06\/tvazteca.brightspotcdn-1-768x407.jpg 768w, https:\/\/elpajaritonews.com\/wp-content\/uploads\/2024\/06\/tvazteca.brightspotcdn-1-792x420.jpg 792w, https:\/\/elpajaritonews.com\/wp-content\/uploads\/2024\/06\/tvazteca.brightspotcdn-1-640x339.jpg 640w, https:\/\/elpajaritonews.com\/wp-content\/uploads\/2024\/06\/tvazteca.brightspotcdn-1-681x361.jpg 681w\" sizes=\"auto, (max-width: 928px) 100vw, 928px\" \/><\/figure>\n\n\n\n<p class=\"wp-block-paragraph\">El tr\u00e1gico incidente se registr\u00f3 la tarde-noche del pasado 11 de junio, en el \u00e1rea de albercas de un complejo de condominios privados de este popular destino de playa.<\/p>\n\n\n\n<p class=\"wp-block-paragraph\">Las v\u00edctimas fueron identificadas como Jorge \u201cN\u201d, de 43 a\u00f1os, quien muri\u00f3 en el lugar, as\u00ed como Lizeth \u201cN\u201d, quien sufri\u00f3 lesiones por una posible descarga el\u00e9ctrica.<\/p>\n","protected":false},"excerpt":{"rendered":"<p>El tr\u00e1gico incidente se registr\u00f3 la tarde-noche del pasado 11 de junio, en el \u00e1rea de albercas de un complejo de condominios privados de este popular destino de playa. Un turista perdi\u00f3 la vida y otro m\u00e1s result\u00f3 herido, luego de ser electrocutados cuando se encontraba dentro de un jacuzzi en Puerto Pe\u00f1asco. As\u00ed lo&#8230;<\/p>\n","protected":false},"author":2,"featured_media":60118,"comment_status":"closed","ping_status":"closed","sticky":false,"template":"","format":"standard","meta":{"_crdt_document":"","_exactmetrics_skip_tracking":false,"_exactmetrics_sitenote_active":false,"_exactmetrics_sitenote_note":"","_exactmetrics_sitenote_category":0,"footnotes":""},"categories":[23,31,1,27],"tags":[28,29,30],"class_list":["post-60116","post","type-post","status-publish","format-standard","has-post-thumbnail","hentry","category-mexico","category-politica","category-seguridad","category-sonora","tag-nogales","tag-nogales-la-gran-frontera","tag-sonora-tierra-de-oportunidades"],"_links":{"self":[{"href":"https:\/\/elpajaritonews.com\/index.php?rest_route=\/wp\/v2\/posts\/60116","targetHints":{"allow":["GET"]}}],"collection":[{"href":"https:\/\/elpajaritonews.com\/index.php?rest_route=\/wp\/v2\/posts"}],"about":[{"href":"https:\/\/elpajaritonews.com\/index.php?rest_route=\/wp\/v2\/types\/post"}],"author":[{"embeddable":true,"href":"https:\/\/elpajaritonews.com\/index.php?rest_route=\/wp\/v2\/users\/2"}],"replies":[{"embeddable":true,"href":"https:\/\/elpajaritonews.com\/index.php?rest_route=%2Fwp%2Fv2%2Fcomments&post=60116"}],"version-history":[{"count":2,"href":"https:\/\/elpajaritonews.com\/index.php?rest_route=\/wp\/v2\/posts\/60116\/revisions"}],"predecessor-version":[{"id":60121,"href":"https:\/\/elpajaritonews.com\/index.php?rest_route=\/wp\/v2\/posts\/60116\/revisions\/60121"}],"wp:featuredmedia":[{"embeddable":true,"href":"https:\/\/elpajaritonews.com\/index.php?rest_route=\/wp\/v2\/media\/60118"}],"wp:attachment":[{"href":"https:\/\/elpajaritonews.com\/index.php?rest_route=%2Fwp%2Fv2%2Fmedia&parent=60116"}],"wp:term":[{"taxonomy":"category","embeddable":true,"href":"https:\/\/elpajaritonews.com\/index.php?rest_route=%2Fwp%2Fv2%2Fcategories&post=60116"},{"taxonomy":"post_tag","embeddable":true,"href":"https:\/\/elpajaritonews.com\/index.php?rest_route=%2Fwp%2Fv2%2Ftags&post=60116"}],"curies":[{"name":"wp","href":"https:\/\/api.w.org\/{rel}","templated":true}]}}