{"id":60122,"date":"2024-06-13T01:00:19","date_gmt":"2024-06-13T01:00:19","guid":{"rendered":"https:\/\/elpajaritonews.com\/?p=60122"},"modified":"2024-06-13T01:00:22","modified_gmt":"2024-06-13T01:00:22","slug":"refrenda-gobernador-durazo-continuidad-de-planes-de-justicia-con-apoyo-de-presidenta-electa-claudia-sheinbaum","status":"publish","type":"post","link":"https:\/\/elpajaritonews.com\/?p=60122","title":{"rendered":"REFRENDA GOBERNADOR DURAZO CONTINUIDAD DE PLANES DE JUSTICIA CON APOYO DE PRESIDENTA ELECTA CLAUDIA SHEINBAUM"},"content":{"rendered":"\n<p class=\"wp-block-paragraph\">Cada una de las acciones y programas que conforman el Plan de Justicia Yaqui cuentan desde ahora con el respaldo y seguimiento de la virtual presidenta electa de M\u00e9xico, Claudia Sheinbaum Pardo, para seguir atendiendo las demandas hist\u00f3ricas de la etnia, asever\u00f3 el gobernador Alfonso Durazo Monta\u00f1o.<\/p>\n\n\n\n<figure class=\"wp-block-image size-large\"><img loading=\"lazy\" decoding=\"async\" width=\"1024\" height=\"685\" src=\"https:\/\/elpajaritonews.com\/wp-content\/uploads\/2024\/06\/da56e99b-6e6e-4077-937c-4f42f8d7293f-1024x685.jpg\" alt=\"\" class=\"wp-image-60124\" srcset=\"https:\/\/elpajaritonews.com\/wp-content\/uploads\/2024\/06\/da56e99b-6e6e-4077-937c-4f42f8d7293f-1024x685.jpg 1024w, https:\/\/elpajaritonews.com\/wp-content\/uploads\/2024\/06\/da56e99b-6e6e-4077-937c-4f42f8d7293f-300x201.jpg 300w, https:\/\/elpajaritonews.com\/wp-content\/uploads\/2024\/06\/da56e99b-6e6e-4077-937c-4f42f8d7293f-768x514.jpg 768w, https:\/\/elpajaritonews.com\/wp-content\/uploads\/2024\/06\/da56e99b-6e6e-4077-937c-4f42f8d7293f-628x420.jpg 628w, https:\/\/elpajaritonews.com\/wp-content\/uploads\/2024\/06\/da56e99b-6e6e-4077-937c-4f42f8d7293f-537x360.jpg 537w, https:\/\/elpajaritonews.com\/wp-content\/uploads\/2024\/06\/da56e99b-6e6e-4077-937c-4f42f8d7293f-640x428.jpg 640w, https:\/\/elpajaritonews.com\/wp-content\/uploads\/2024\/06\/da56e99b-6e6e-4077-937c-4f42f8d7293f-681x455.jpg 681w, https:\/\/elpajaritonews.com\/wp-content\/uploads\/2024\/06\/da56e99b-6e6e-4077-937c-4f42f8d7293f.jpg 1214w\" sizes=\"auto, (max-width: 1024px) 100vw, 1024px\" \/><\/figure>\n\n\n\n<p class=\"wp-block-paragraph\">En reuni\u00f3n de revisi\u00f3n de avances de proyectos junto a autoridades de los tres \u00f3rdenes de gobierno y de la etnia en la ramada de Loma de B\u00e1cum, el mandatario estatal refrend\u00f3 el compromiso de seguir trabajando para atender las necesidades de los grupos originarios, dando conclusi\u00f3n a los compromisos hechos junto al presidente L\u00f3pez Obrador en materia de infraestructura h\u00eddrica, instalaciones deportivas y maquinaria agr\u00edcola.<\/p>\n\n\n\n<figure class=\"wp-block-image size-large\"><img loading=\"lazy\" decoding=\"async\" width=\"1024\" height=\"682\" src=\"https:\/\/elpajaritonews.com\/wp-content\/uploads\/2024\/06\/d8e8a5f1-756d-4893-94d3-cccb197547e7-1024x682.jpg\" alt=\"\" class=\"wp-image-60125\" srcset=\"https:\/\/elpajaritonews.com\/wp-content\/uploads\/2024\/06\/d8e8a5f1-756d-4893-94d3-cccb197547e7-1024x682.jpg 1024w, https:\/\/elpajaritonews.com\/wp-content\/uploads\/2024\/06\/d8e8a5f1-756d-4893-94d3-cccb197547e7-300x200.jpg 300w, https:\/\/elpajaritonews.com\/wp-content\/uploads\/2024\/06\/d8e8a5f1-756d-4893-94d3-cccb197547e7-768x511.jpg 768w, https:\/\/elpajaritonews.com\/wp-content\/uploads\/2024\/06\/d8e8a5f1-756d-4893-94d3-cccb197547e7-631x420.jpg 631w, https:\/\/elpajaritonews.com\/wp-content\/uploads\/2024\/06\/d8e8a5f1-756d-4893-94d3-cccb197547e7-640x426.jpg 640w, https:\/\/elpajaritonews.com\/wp-content\/uploads\/2024\/06\/d8e8a5f1-756d-4893-94d3-cccb197547e7-681x453.jpg 681w, https:\/\/elpajaritonews.com\/wp-content\/uploads\/2024\/06\/d8e8a5f1-756d-4893-94d3-cccb197547e7.jpg 1280w\" sizes=\"auto, (max-width: 1024px) 100vw, 1024px\" \/><\/figure>\n\n\n\n<p class=\"wp-block-paragraph\">\u201cHay que seguir avanzando, afortunadamente la virtual presidenta electa, Claudia Sheinbaum, hizo suyo ya el compromiso con los pueblos originarios, y particularmente su compromiso de continuar con las acciones del Plan de Justicia Yaqui\u201d, indic\u00f3.<\/p>\n\n\n\n<figure class=\"wp-block-image size-large\"><img loading=\"lazy\" decoding=\"async\" width=\"1024\" height=\"682\" src=\"https:\/\/elpajaritonews.com\/wp-content\/uploads\/2024\/06\/eba62055-6844-4791-acee-acbffec84d66-1024x682.jpg\" alt=\"\" class=\"wp-image-60126\" srcset=\"https:\/\/elpajaritonews.com\/wp-content\/uploads\/2024\/06\/eba62055-6844-4791-acee-acbffec84d66-1024x682.jpg 1024w, https:\/\/elpajaritonews.com\/wp-content\/uploads\/2024\/06\/eba62055-6844-4791-acee-acbffec84d66-300x200.jpg 300w, https:\/\/elpajaritonews.com\/wp-content\/uploads\/2024\/06\/eba62055-6844-4791-acee-acbffec84d66-768x512.jpg 768w, https:\/\/elpajaritonews.com\/wp-content\/uploads\/2024\/06\/eba62055-6844-4791-acee-acbffec84d66-630x420.jpg 630w, https:\/\/elpajaritonews.com\/wp-content\/uploads\/2024\/06\/eba62055-6844-4791-acee-acbffec84d66-640x427.jpg 640w, https:\/\/elpajaritonews.com\/wp-content\/uploads\/2024\/06\/eba62055-6844-4791-acee-acbffec84d66-681x454.jpg 681w, https:\/\/elpajaritonews.com\/wp-content\/uploads\/2024\/06\/eba62055-6844-4791-acee-acbffec84d66.jpg 1280w\" sizes=\"auto, (max-width: 1024px) 100vw, 1024px\" \/><\/figure>\n\n\n\n<p class=\"wp-block-paragraph\">En este encuentro se dio a conocer que el Acueducto Yaqui, que consta de una extensi\u00f3n de 166 kil\u00f3metros de tuber\u00eda y 77 kil\u00f3metros de ramales, y que beneficiar\u00e1 directamente a 34 mil personas de la etnia, se encuentra en etapa de conclusi\u00f3n, faltando solamente detalles en la obra de toma.<\/p>\n\n\n\n<p class=\"wp-block-paragraph\">Adicionalmente el gobernador Durazo Monta\u00f1o entreg\u00f3 recursos superiores a los tres millones de pesos para formalizar la adquisici\u00f3n de maquinaria agr\u00edcola, en seguimiento a los compromisos adquiridos en febrero de este a\u00f1o.<\/p>\n","protected":false},"excerpt":{"rendered":"<p>Cada una de las acciones y programas que conforman el Plan de Justicia Yaqui cuentan desde ahora con el respaldo y seguimiento de la virtual presidenta electa de M\u00e9xico, Claudia Sheinbaum Pardo, para seguir atendiendo las demandas hist\u00f3ricas de la etnia, asever\u00f3 el gobernador Alfonso Durazo Monta\u00f1o. En reuni\u00f3n de revisi\u00f3n de avances de proyectos&#8230;<\/p>\n","protected":false},"author":2,"featured_media":60123,"comment_status":"closed","ping_status":"closed","sticky":false,"template":"","format":"standard","meta":{"_crdt_document":"","_exactmetrics_skip_tracking":false,"_exactmetrics_sitenote_active":false,"_exactmetrics_sitenote_note":"","_exactmetrics_sitenote_category":0,"footnotes":""},"categories":[31,27],"tags":[28,29,30],"class_list":["post-60122","post","type-post","status-publish","format-standard","has-post-thumbnail","hentry","category-politica","category-sonora","tag-nogales","tag-nogales-la-gran-frontera","tag-sonora-tierra-de-oportunidades"],"_links":{"self":[{"href":"https:\/\/elpajaritonews.com\/index.php?rest_route=\/wp\/v2\/posts\/60122","targetHints":{"allow":["GET"]}}],"collection":[{"href":"https:\/\/elpajaritonews.com\/index.php?rest_route=\/wp\/v2\/posts"}],"about":[{"href":"https:\/\/elpajaritonews.com\/index.php?rest_route=\/wp\/v2\/types\/post"}],"author":[{"embeddable":true,"href":"https:\/\/elpajaritonews.com\/index.php?rest_route=\/wp\/v2\/users\/2"}],"replies":[{"embeddable":true,"href":"https:\/\/elpajaritonews.com\/index.php?rest_route=%2Fwp%2Fv2%2Fcomments&post=60122"}],"version-history":[{"count":1,"href":"https:\/\/elpajaritonews.com\/index.php?rest_route=\/wp\/v2\/posts\/60122\/revisions"}],"predecessor-version":[{"id":60127,"href":"https:\/\/elpajaritonews.com\/index.php?rest_route=\/wp\/v2\/posts\/60122\/revisions\/60127"}],"wp:featuredmedia":[{"embeddable":true,"href":"https:\/\/elpajaritonews.com\/index.php?rest_route=\/wp\/v2\/media\/60123"}],"wp:attachment":[{"href":"https:\/\/elpajaritonews.com\/index.php?rest_route=%2Fwp%2Fv2%2Fmedia&parent=60122"}],"wp:term":[{"taxonomy":"category","embeddable":true,"href":"https:\/\/elpajaritonews.com\/index.php?rest_route=%2Fwp%2Fv2%2Fcategories&post=60122"},{"taxonomy":"post_tag","embeddable":true,"href":"https:\/\/elpajaritonews.com\/index.php?rest_route=%2Fwp%2Fv2%2Ftags&post=60122"}],"curies":[{"name":"wp","href":"https:\/\/api.w.org\/{rel}","templated":true}]}}