{"id":60132,"date":"2024-06-13T01:41:28","date_gmt":"2024-06-13T01:41:28","guid":{"rendered":"https:\/\/elpajaritonews.com\/?p=60132"},"modified":"2024-06-13T01:42:30","modified_gmt":"2024-06-13T01:42:30","slug":"infonavit-ha-otorgado-mas-de-36-mil-mdp-de-pesos-en-creditos-a-las-familias-sonorenses","status":"publish","type":"post","link":"https:\/\/elpajaritonews.com\/?p=60132","title":{"rendered":"INFONAVIT HA OTORGADO M\u00c1S DE 36 MIL MDP DE PESOS EN CR\u00c9DITOS A LAS FAMILIAS SONORENSES"},"content":{"rendered":"\n<p class=\"wp-block-paragraph\">\u2022 M\u00e1s de 83 mil sonorenses han sido beneficiados con un cr\u00e9dito para compra, construcci\u00f3n, ampliaci\u00f3n o mejoramiento de vivienda.<\/p>\n\n\n\n<figure class=\"wp-block-image size-large\"><img loading=\"lazy\" decoding=\"async\" width=\"1024\" height=\"693\" src=\"https:\/\/elpajaritonews.com\/wp-content\/uploads\/2024\/06\/Infonavit-2-1024x693.jpg\" alt=\"\" class=\"wp-image-60135\" srcset=\"https:\/\/elpajaritonews.com\/wp-content\/uploads\/2024\/06\/Infonavit-2-1024x693.jpg 1024w, https:\/\/elpajaritonews.com\/wp-content\/uploads\/2024\/06\/Infonavit-2-300x203.jpg 300w, https:\/\/elpajaritonews.com\/wp-content\/uploads\/2024\/06\/Infonavit-2-768x520.jpg 768w, https:\/\/elpajaritonews.com\/wp-content\/uploads\/2024\/06\/Infonavit-2-621x420.jpg 621w, https:\/\/elpajaritonews.com\/wp-content\/uploads\/2024\/06\/Infonavit-2-640x433.jpg 640w, https:\/\/elpajaritonews.com\/wp-content\/uploads\/2024\/06\/Infonavit-2-681x461.jpg 681w, https:\/\/elpajaritonews.com\/wp-content\/uploads\/2024\/06\/Infonavit-2.jpg 1200w\" sizes=\"auto, (max-width: 1024px) 100vw, 1024px\" \/><\/figure>\n\n\n\n<p class=\"wp-block-paragraph\">De 2019 al cierre de abril de este a\u00f1o, el Instituto del Fondo Nacional de la Vivienda para los<\/p>\n\n\n\n<p class=\"wp-block-paragraph\">Trabajadores (Infonavit) ha otorgado 83 mil 857 cr\u00e9ditos en Sonora, garantizando el derecho<\/p>\n\n\n\n<p class=\"wp-block-paragraph\">constitucional de las personas a una vivienda adecuada.<\/p>\n\n\n\n<p class=\"wp-block-paragraph\">Esta colocaci\u00f3n de cr\u00e9ditos ha generado una derrama econ\u00f3mica de 36 mil 671 millones de pesos,<\/p>\n\n\n\n<p class=\"wp-block-paragraph\">a pesar de que en dicho periodo se registr\u00f3 una de las peores emergencias sanitarias de los \u00faltimos<\/p>\n\n\n\n<p class=\"wp-block-paragraph\">a\u00f1os a nivel mundial, la pandemia por Covid-19.<\/p>\n\n\n\n<p class=\"wp-block-paragraph\">Tan solo en primer cuatrimestre de 2024, el Infonavit:<\/p>\n\n\n\n<p class=\"wp-block-paragraph\">\u2022 Benefici\u00f3 a m\u00e1s de 4 mil 900 sonorenses con un cr\u00e9dito para compra, construcci\u00f3n,<\/p>\n\n\n\n<p class=\"wp-block-paragraph\">ampliaci\u00f3n o mejoramiento de vivienda.<\/p>\n\n\n\n<p class=\"wp-block-paragraph\">\u2022 Invirti\u00f3 en Sonora una derrama superior a los 2 mil 700 millones de pesos.<\/p>\n\n\n\n<p class=\"wp-block-paragraph\">Lo anterior, est\u00e1 asociado a las siguientes acciones, con las cuales hoy el Infonavit atiende las<\/p>\n\n\n\n<p class=\"wp-block-paragraph\">necesidades reales de las personas:<\/p>\n\n\n\n<p class=\"wp-block-paragraph\">\u2022 Aumento en el monto m\u00e1ximo de cr\u00e9dito. Actualmente una persona puede obtener de<\/p>\n\n\n\n<p class=\"wp-block-paragraph\">forma individual hasta 2 millones 716 mil pesos para comprar su casa de forma individual.<\/p>\n\n\n\n<p class=\"wp-block-paragraph\">\u2022 Lanzamiento de Unamos Cr\u00e9ditos. Bajo este esquema dos personas pueden juntar sus<\/p>\n\n\n\n<p class=\"wp-block-paragraph\">financiamientos y obtener hasta 4 millones 889 mil pesos de forma conjunta para comprar<\/p>\n\n\n\n<p class=\"wp-block-paragraph\">su vivienda.<\/p>\n\n\n\n<p class=\"wp-block-paragraph\">\u2022 Disminuci\u00f3n en la tasa de inter\u00e9s. De 3.76% a 10.45%, dependiendo del nivel salarial de las<\/p>\n\n\n\n<p class=\"wp-block-paragraph\">y los acreditados.<\/p>\n\n\n\n<p class=\"wp-block-paragraph\">\u2022 Inicio de operaciones del Nuevo Esquema de Cr\u00e9dito en Pesos. Todos los cr\u00e9ditos que<\/p>\n\n\n\n<p class=\"wp-block-paragraph\">actualmente otorga el Infonavit est\u00e1n denominados en pesos, lo que evita ajustes anuales<\/p>\n\n\n\n<p class=\"wp-block-paragraph\">ligados al aumento salarial o la inflaci\u00f3n, y con tasa de inter\u00e9s fija.<\/p>\n\n\n\n<p class=\"wp-block-paragraph\">\u2022 Modificaci\u00f3n en el sistema de puntaje (T1000). Hoy es m\u00e1s f\u00e1cil que las y los trabajadores<\/p>\n\n\n\n<p class=\"wp-block-paragraph\">cumplan con los requisitos de precalificaci\u00f3n para sacar su Cr\u00e9dito Infonavit.<\/p>\n\n\n\n<p class=\"wp-block-paragraph\">\u2022 Lanzamiento de Mujer Infonavit. Se otorga un bono en puntos a todas las personas que se<\/p>\n\n\n\n<p class=\"wp-block-paragraph\">identifican como mujeres para que cumplan m\u00e1s r\u00e1pido con su precalificaci\u00f3n y puedan<\/p>\n\n\n\n<p class=\"wp-block-paragraph\">ejercer su derecho a un Cr\u00e9dito Infonavit. Adem\u00e1s, la edad m\u00e1s el plazo para pagar el<\/p>\n\n\n\n<p class=\"wp-block-paragraph\">financiamiento se ampl\u00eda hasta los 75 a\u00f1os (los hombres solo tienen hasta los 70 a\u00f1os).<\/p>\n\n\n\n<p class=\"wp-block-paragraph\">Para solicitar un Cr\u00e9dito Infonavit, las personas derechohabientes deben entrar a Mi Cuenta<\/p>\n\n\n\n<p class=\"wp-block-paragraph\">Infonavit (micuenta.infonavit.org.mx), precalificarse para saber si se cuentan con los puntos para<\/p>\n\n\n\n<p class=\"wp-block-paragraph\">obtener el tipo de financiamiento que desean solicitar y realizar el curso \u201cSaber m\u00e1s para decidir<\/p>\n\n\n\n<p class=\"wp-block-paragraph\">mejor\u201d.<\/p>\n\n\n\n<figure class=\"wp-block-image size-large\"><img loading=\"lazy\" decoding=\"async\" width=\"1024\" height=\"682\" src=\"https:\/\/elpajaritonews.com\/wp-content\/uploads\/2024\/06\/efe30572-cf6b-420b-a2ab-e92bc5728bbf-1024x682.jpg\" alt=\"\" class=\"wp-image-60133\" srcset=\"https:\/\/elpajaritonews.com\/wp-content\/uploads\/2024\/06\/efe30572-cf6b-420b-a2ab-e92bc5728bbf-1024x682.jpg 1024w, https:\/\/elpajaritonews.com\/wp-content\/uploads\/2024\/06\/efe30572-cf6b-420b-a2ab-e92bc5728bbf-300x200.jpg 300w, https:\/\/elpajaritonews.com\/wp-content\/uploads\/2024\/06\/efe30572-cf6b-420b-a2ab-e92bc5728bbf-768x511.jpg 768w, https:\/\/elpajaritonews.com\/wp-content\/uploads\/2024\/06\/efe30572-cf6b-420b-a2ab-e92bc5728bbf-631x420.jpg 631w, https:\/\/elpajaritonews.com\/wp-content\/uploads\/2024\/06\/efe30572-cf6b-420b-a2ab-e92bc5728bbf-640x426.jpg 640w, https:\/\/elpajaritonews.com\/wp-content\/uploads\/2024\/06\/efe30572-cf6b-420b-a2ab-e92bc5728bbf-681x453.jpg 681w, https:\/\/elpajaritonews.com\/wp-content\/uploads\/2024\/06\/efe30572-cf6b-420b-a2ab-e92bc5728bbf.jpg 1280w\" sizes=\"auto, (max-width: 1024px) 100vw, 1024px\" \/><\/figure>\n\n\n\n<p class=\"wp-block-paragraph\"><\/p>\n\n\n\n<p class=\"wp-block-paragraph\">SACA TU CR\u00c9DITO INFONAVIT, AUNQUE SOLO LLEVES SEIS MESES TRABAJANDO<\/p>\n\n\n\n<p class=\"wp-block-paragraph\">\u2022 En esta administraci\u00f3n el Infonavit redujo a la mitad el tiempo que deben cotizar las<\/p>\n\n\n\n<p class=\"wp-block-paragraph\">personas para ejercer su derecho a un cr\u00e9dito y comprar su casa.<\/p>\n\n\n\n<p class=\"wp-block-paragraph\">\u2022 Precalif\u00edcate de manera gratuita y sin intermediarios en Mi Cuenta Infonavit, para<\/p>\n\n\n\n<p class=\"wp-block-paragraph\">conocer tu monto de financiamiento.<\/p>\n\n\n\n<p class=\"wp-block-paragraph\">Uno de los cambios m\u00e1s importantes que el Infonavit ha hecho durante esta administraci\u00f3n para<\/p>\n\n\n\n<p class=\"wp-block-paragraph\">que t\u00fa y m\u00e1s personas puedan ejercer su derecho a un cr\u00e9dito y compren su vivienda, es la reducci\u00f3n<\/p>\n\n\n\n<p class=\"wp-block-paragraph\">en el tiempo de cotizaci\u00f3n para poder sacar su financiamiento.<\/p>\n\n\n\n<p class=\"wp-block-paragraph\">Antes, las personas deb\u00edan tener al menos 12 meses de cotizaci\u00f3n continua al Instituto para poder<\/p>\n\n\n\n<p class=\"wp-block-paragraph\">sacar su Cr\u00e9dito Infonavit. Ahora, s\u00f3lo necesitas haber cotizado durante seis meses.<\/p>\n\n\n\n<p class=\"wp-block-paragraph\">Recuerda que, el tiempo de cotizaci\u00f3n continua es un criterio que forma parte de la precalificaci\u00f3n,<\/p>\n\n\n\n<p class=\"wp-block-paragraph\">la cual debes realizar para sacar tu cr\u00e9dito. En este proceso, el Infonavit eval\u00faa diferentes variables<\/p>\n\n\n\n<p class=\"wp-block-paragraph\">con las que determina tu capacidad de pago y el monto de financiamiento que te otorgar\u00e1 para<\/p>\n\n\n\n<p class=\"wp-block-paragraph\">comprar tu casa.<\/p>\n\n\n\n<p class=\"wp-block-paragraph\">As\u00ed que, si ya tienes al menos seis meses trabajando y cotizas al Instituto, precalif\u00edcate en Mi Cuenta<\/p>\n\n\n\n<p class=\"wp-block-paragraph\">Infonavit (micuenta.infonavit.org.mx). Ah\u00ed, sabr\u00e1s si ya cumples con los 1,080 puntos para sacar tu<\/p>\n\n\n\n<p class=\"wp-block-paragraph\">Cr\u00e9dito Infonavit.<\/p>\n\n\n\n<p class=\"wp-block-paragraph\">Los aspectos que evaluar\u00e1 el Instituto para el otorgamiento del cr\u00e9dito son:<\/p>\n\n\n\n<p class=\"wp-block-paragraph\">\u2022 Bimestres de cotizaci\u00f3n continua.<\/p>\n\n\n\n<p class=\"wp-block-paragraph\">\u2022 Salario mensual integrado.<\/p>\n\n\n\n<p class=\"wp-block-paragraph\">\u2022 Saldo en la Subcuenta de Vivienda.<\/p>\n\n\n\n<p class=\"wp-block-paragraph\">\u2022 Edad.<\/p>\n\n\n\n<p class=\"wp-block-paragraph\">\u2022 Tipo de Trabajador<\/p>\n\n\n\n<p class=\"wp-block-paragraph\">Recuerda que s\u00ed eres mujer, a trav\u00e9s de Mujer Infonavit, el Instituto te da un bono de 20 puntos<\/p>\n\n\n\n<p class=\"wp-block-paragraph\">para alcanzar todav\u00eda m\u00e1s r\u00e1pido el puntaje de precalificaci\u00f3n para sacar tu cr\u00e9dito.<\/p>\n\n\n\n<p class=\"wp-block-paragraph\">Por otra parte, el Infonavit tomar\u00e1 en cuenta factores que tienen que ver con la empresa para la<\/p>\n\n\n\n<p class=\"wp-block-paragraph\">que trabajas, como:<\/p>\n\n\n\n<p class=\"wp-block-paragraph\">\u2022 Cumplimiento del pago de las aportaciones patronales.<\/p>\n\n\n\n<p class=\"wp-block-paragraph\">\u2022 Estabilidad laboral de sus empleados.<\/p>\n\n\n\n<p class=\"wp-block-paragraph\">\u2022 Contexto de la empresa: ubicaci\u00f3n y giro.<\/p>\n\n\n\n<p class=\"wp-block-paragraph\">\u00danete a la comunidad de Socio Infonavit y disfruta descuentos y beneficios exclusivos. S\u00f3lo<\/p>\n\n\n\n<p class=\"wp-block-paragraph\">necesitas tu N\u00famero de Seguridad Social (NSS) y tu contrase\u00f1a de Mi Cuenta Infonavit. Descarga<\/p>\n\n\n\n<p class=\"wp-block-paragraph\">la aplicaci\u00f3n o reg\u00edstrate hoy mismo en app.socioinfonavit.com.<\/p>\n\n\n\n<p class=\"wp-block-paragraph\">Conoce todo lo que necesitas saber sobre cr\u00e9ditos, tr\u00e1mites y servicios del Infonavit, de manera<\/p>\n\n\n\n<p class=\"wp-block-paragraph\">sencilla y clara en infonavitfacil.mx.<\/p>\n","protected":false},"excerpt":{"rendered":"<p>\u2022 M\u00e1s de 83 mil sonorenses han sido beneficiados con un cr\u00e9dito para compra, construcci\u00f3n, ampliaci\u00f3n o mejoramiento de vivienda. De 2019 al cierre de abril de este a\u00f1o, el Instituto del Fondo Nacional de la Vivienda para los Trabajadores (Infonavit) ha otorgado 83 mil 857 cr\u00e9ditos en Sonora, garantizando el derecho constitucional de las&#8230;<\/p>\n","protected":false},"author":2,"featured_media":60134,"comment_status":"closed","ping_status":"closed","sticky":false,"template":"","format":"standard","meta":{"_crdt_document":"","_exactmetrics_skip_tracking":false,"_exactmetrics_sitenote_active":false,"_exactmetrics_sitenote_note":"","_exactmetrics_sitenote_category":0,"footnotes":""},"categories":[36,26,23,31,27],"tags":[28,29,30],"class_list":["post-60132","post","type-post","status-publish","format-standard","has-post-thumbnail","hentry","category-economia","category-local","category-mexico","category-politica","category-sonora","tag-nogales","tag-nogales-la-gran-frontera","tag-sonora-tierra-de-oportunidades"],"_links":{"self":[{"href":"https:\/\/elpajaritonews.com\/index.php?rest_route=\/wp\/v2\/posts\/60132","targetHints":{"allow":["GET"]}}],"collection":[{"href":"https:\/\/elpajaritonews.com\/index.php?rest_route=\/wp\/v2\/posts"}],"about":[{"href":"https:\/\/elpajaritonews.com\/index.php?rest_route=\/wp\/v2\/types\/post"}],"author":[{"embeddable":true,"href":"https:\/\/elpajaritonews.com\/index.php?rest_route=\/wp\/v2\/users\/2"}],"replies":[{"embeddable":true,"href":"https:\/\/elpajaritonews.com\/index.php?rest_route=%2Fwp%2Fv2%2Fcomments&post=60132"}],"version-history":[{"count":1,"href":"https:\/\/elpajaritonews.com\/index.php?rest_route=\/wp\/v2\/posts\/60132\/revisions"}],"predecessor-version":[{"id":60136,"href":"https:\/\/elpajaritonews.com\/index.php?rest_route=\/wp\/v2\/posts\/60132\/revisions\/60136"}],"wp:featuredmedia":[{"embeddable":true,"href":"https:\/\/elpajaritonews.com\/index.php?rest_route=\/wp\/v2\/media\/60134"}],"wp:attachment":[{"href":"https:\/\/elpajaritonews.com\/index.php?rest_route=%2Fwp%2Fv2%2Fmedia&parent=60132"}],"wp:term":[{"taxonomy":"category","embeddable":true,"href":"https:\/\/elpajaritonews.com\/index.php?rest_route=%2Fwp%2Fv2%2Fcategories&post=60132"},{"taxonomy":"post_tag","embeddable":true,"href":"https:\/\/elpajaritonews.com\/index.php?rest_route=%2Fwp%2Fv2%2Ftags&post=60132"}],"curies":[{"name":"wp","href":"https:\/\/api.w.org\/{rel}","templated":true}]}}