{"id":60219,"date":"2024-06-14T23:36:37","date_gmt":"2024-06-14T23:36:37","guid":{"rendered":"https:\/\/elpajaritonews.com\/?p=60219"},"modified":"2024-06-14T23:36:39","modified_gmt":"2024-06-14T23:36:39","slug":"hijo-de-la-alcaldesa-de-guaymas-karla-cordova-sufrio-un-atentado-lo-reportan-ileso","status":"publish","type":"post","link":"https:\/\/elpajaritonews.com\/?p=60219","title":{"rendered":"HIJO DE LA ALCALDESA DE GUAYMAS, KARLA C\u00d3RDOVA, SUFRI\u00d3 UN ATENTADO LO REPORTAN ILESO"},"content":{"rendered":"\n<p class=\"wp-block-paragraph\">ATIENDEN CORPORACIONES DE SEGURIDAD HECHO VIOLENTO EN GUAYMAS; NO SE REPORTAN PERSONAS LESIONADAS<\/p>\n\n\n\n<p class=\"wp-block-paragraph\">Corporaciones que integran la Mesa Estatal de Seguridad implementan en este momento un operativo de b\u00fasqueda de los responsables de un ataque armado ocurrido hoy alrededor de las 15:00 horas, en un lavado de autos ubicado en la zona de Miramar en Guaymas, sin que se reporten personas lesionadas.<\/p>\n\n\n\n<p class=\"wp-block-paragraph\">Los primeros indicios de la investigaci\u00f3n indican que el ataque no iba dirigido a un familiar de la alcaldesa de Guaymas, Karla C\u00f3rdova, como se ha manejado a trav\u00e9s de redes sociales, ya que no se encontraba en el veh\u00edculo que involucra a los hechos.<\/p>\n\n\n\n<figure class=\"wp-block-image size-full\"><img loading=\"lazy\" decoding=\"async\" width=\"383\" height=\"680\" src=\"https:\/\/elpajaritonews.com\/wp-content\/uploads\/2024\/06\/GQEbQPHXoAAZnDY.jpg\" alt=\"\" class=\"wp-image-60221\" srcset=\"https:\/\/elpajaritonews.com\/wp-content\/uploads\/2024\/06\/GQEbQPHXoAAZnDY.jpg 383w, https:\/\/elpajaritonews.com\/wp-content\/uploads\/2024\/06\/GQEbQPHXoAAZnDY-169x300.jpg 169w\" sizes=\"auto, (max-width: 383px) 100vw, 383px\" \/><\/figure>\n\n\n\n<p class=\"wp-block-paragraph\">Elementos de la Marina, Polic\u00eda Estatal Preventiva (PESP) y de la Agencia Ministerial de Investigaci\u00f3n Criminal (AMIC) se coordinan para dar con la ubicaci\u00f3n de los agresores quienes escaparon a bordo de un veh\u00edculo todo terreno.<\/p>\n\n\n\n<figure class=\"wp-block-video\"><video height=\"360\" style=\"aspect-ratio: 640 \/ 360;\" width=\"640\" controls src=\"https:\/\/elpajaritonews.com\/wp-content\/uploads\/2024\/06\/twittervid.com_rosaliliatorrs_5a0b0a.mp4\"><\/video><\/figure>\n\n\n\n<p class=\"wp-block-paragraph\">De manera paralela, personal ministerial, pericial y de polic\u00eda de la Fiscal\u00eda General de Justicia del Estado de Sonora (FGJES), verifican el lugar de los hechos para recolectar indicios.<\/p>\n\n\n\n<figure class=\"wp-block-embed is-type-rich is-provider-twitter wp-block-embed-twitter\"><div class=\"wp-block-embed__wrapper\">\n<blockquote class=\"twitter-tweet\" data-width=\"550\" data-dnt=\"true\"><p lang=\"es\" dir=\"ltr\">ATIENDEN CORPORACIONES DE SEGURIDAD HECHO VIOLENTO EN GUAYMAS; NO SE REPORTAN PERSONAS LESIONADAS<br><br>Corporaciones que integran la Mesa Estatal de Seguridad implementan en este momento un operativo de b\u00fasqueda de los responsables de un ataque armado ocurrido hoy alrededor de las\u2026<\/p>&mdash; Mesa Estatal de Seguridad del Estado de Sonora (@MesaSegSonora) <a href=\"https:\/\/twitter.com\/MesaSegSonora\/status\/1801758967712125220?ref_src=twsrc%5Etfw\">June 14, 2024<\/a><\/blockquote><script async src=\"https:\/\/platform.twitter.com\/widgets.js\" charset=\"utf-8\"><\/script>\n<\/div><\/figure>\n","protected":false},"excerpt":{"rendered":"<p>ATIENDEN CORPORACIONES DE SEGURIDAD HECHO VIOLENTO EN GUAYMAS; NO SE REPORTAN PERSONAS LESIONADAS Corporaciones que integran la Mesa Estatal de Seguridad implementan en este momento un operativo de b\u00fasqueda de los responsables de un ataque armado ocurrido hoy alrededor de las 15:00 horas, en un lavado de autos ubicado en la zona de Miramar en&#8230;<\/p>\n","protected":false},"author":2,"featured_media":60220,"comment_status":"closed","ping_status":"closed","sticky":false,"template":"","format":"standard","meta":{"_crdt_document":"","_exactmetrics_skip_tracking":false,"_exactmetrics_sitenote_active":false,"_exactmetrics_sitenote_note":"","_exactmetrics_sitenote_category":0,"footnotes":""},"categories":[26,31,1,27,65],"tags":[28,29,30],"class_list":["post-60219","post","type-post","status-publish","format-standard","has-post-thumbnail","hentry","category-local","category-politica","category-seguridad","category-sonora","category-videos","tag-nogales","tag-nogales-la-gran-frontera","tag-sonora-tierra-de-oportunidades"],"_links":{"self":[{"href":"https:\/\/elpajaritonews.com\/index.php?rest_route=\/wp\/v2\/posts\/60219","targetHints":{"allow":["GET"]}}],"collection":[{"href":"https:\/\/elpajaritonews.com\/index.php?rest_route=\/wp\/v2\/posts"}],"about":[{"href":"https:\/\/elpajaritonews.com\/index.php?rest_route=\/wp\/v2\/types\/post"}],"author":[{"embeddable":true,"href":"https:\/\/elpajaritonews.com\/index.php?rest_route=\/wp\/v2\/users\/2"}],"replies":[{"embeddable":true,"href":"https:\/\/elpajaritonews.com\/index.php?rest_route=%2Fwp%2Fv2%2Fcomments&post=60219"}],"version-history":[{"count":1,"href":"https:\/\/elpajaritonews.com\/index.php?rest_route=\/wp\/v2\/posts\/60219\/revisions"}],"predecessor-version":[{"id":60223,"href":"https:\/\/elpajaritonews.com\/index.php?rest_route=\/wp\/v2\/posts\/60219\/revisions\/60223"}],"wp:featuredmedia":[{"embeddable":true,"href":"https:\/\/elpajaritonews.com\/index.php?rest_route=\/wp\/v2\/media\/60220"}],"wp:attachment":[{"href":"https:\/\/elpajaritonews.com\/index.php?rest_route=%2Fwp%2Fv2%2Fmedia&parent=60219"}],"wp:term":[{"taxonomy":"category","embeddable":true,"href":"https:\/\/elpajaritonews.com\/index.php?rest_route=%2Fwp%2Fv2%2Fcategories&post=60219"},{"taxonomy":"post_tag","embeddable":true,"href":"https:\/\/elpajaritonews.com\/index.php?rest_route=%2Fwp%2Fv2%2Ftags&post=60219"}],"curies":[{"name":"wp","href":"https:\/\/api.w.org\/{rel}","templated":true}]}}