{"id":60224,"date":"2024-06-15T00:28:42","date_gmt":"2024-06-15T00:28:42","guid":{"rendered":"https:\/\/elpajaritonews.com\/?p=60224"},"modified":"2024-06-15T00:28:44","modified_gmt":"2024-06-15T00:28:44","slug":"promueve-gobernador-durazo-plan-sonora-ante-lideres-empresariales-y-autoridades-de-tribus-originarias-de-arizona","status":"publish","type":"post","link":"https:\/\/elpajaritonews.com\/?p=60224","title":{"rendered":"PROMUEVE GOBERNADOR DURAZO PLAN SONORA ANTE L\u00cdDERES EMPRESARIALES Y AUTORIDADES DE TRIBUS ORIGINARIAS DE ARIZONA"},"content":{"rendered":"\n<p class=\"wp-block-paragraph\">Para dar a conocer las ventajas y desarrollo econ\u00f3mico que vive Sonora, en busca de atraer mayor inversi\u00f3n al estado, el gobernador Alfonso Durazo Monta\u00f1o, se reuni\u00f3 con m\u00e1s de 30 l\u00edderes empresarios y autoridades de distintas tribus originarias de Arizona, donde expuso las vertientes del Plan Sonora de Energ\u00edas Sostenibles.<\/p>\n\n\n\n<figure class=\"wp-block-image size-large\"><img loading=\"lazy\" decoding=\"async\" width=\"1024\" height=\"682\" src=\"https:\/\/elpajaritonews.com\/wp-content\/uploads\/2024\/06\/9bd9d4e7-2b5b-4c0b-9228-99207828974a-1024x682.jpg\" alt=\"\" class=\"wp-image-60226\" srcset=\"https:\/\/elpajaritonews.com\/wp-content\/uploads\/2024\/06\/9bd9d4e7-2b5b-4c0b-9228-99207828974a-1024x682.jpg 1024w, https:\/\/elpajaritonews.com\/wp-content\/uploads\/2024\/06\/9bd9d4e7-2b5b-4c0b-9228-99207828974a-300x200.jpg 300w, https:\/\/elpajaritonews.com\/wp-content\/uploads\/2024\/06\/9bd9d4e7-2b5b-4c0b-9228-99207828974a-768x512.jpg 768w, https:\/\/elpajaritonews.com\/wp-content\/uploads\/2024\/06\/9bd9d4e7-2b5b-4c0b-9228-99207828974a-600x400.jpg 600w, https:\/\/elpajaritonews.com\/wp-content\/uploads\/2024\/06\/9bd9d4e7-2b5b-4c0b-9228-99207828974a.jpg 1280w\" sizes=\"auto, (max-width: 1024px) 100vw, 1024px\" \/><\/figure>\n\n\n\n<p class=\"wp-block-paragraph\">El mandatario estatal resalt\u00f3 que, hoy m\u00e1s que nunca, Sonora vive una actualidad de pleno desarrollo econ\u00f3mico, producto del Plan Sonora, el cual ha sido impulsado por el presidente Andr\u00e9s Manuel L\u00f3pez Obrador, y que ahora, la presidenta electa, Claudia Sheinbaum, ha tomado como un proyecto propio, lo que significa que tendr\u00e1 un respaldo por seis a\u00f1os m\u00e1s.&nbsp;<\/p>\n\n\n\n<figure class=\"wp-block-image size-large\"><img loading=\"lazy\" decoding=\"async\" width=\"1024\" height=\"682\" src=\"https:\/\/elpajaritonews.com\/wp-content\/uploads\/2024\/06\/810adcd0-9ae8-4bda-9af4-7b41dea6425f-1024x682.jpg\" alt=\"\" class=\"wp-image-60227\" srcset=\"https:\/\/elpajaritonews.com\/wp-content\/uploads\/2024\/06\/810adcd0-9ae8-4bda-9af4-7b41dea6425f-1024x682.jpg 1024w, https:\/\/elpajaritonews.com\/wp-content\/uploads\/2024\/06\/810adcd0-9ae8-4bda-9af4-7b41dea6425f-300x200.jpg 300w, https:\/\/elpajaritonews.com\/wp-content\/uploads\/2024\/06\/810adcd0-9ae8-4bda-9af4-7b41dea6425f-768x512.jpg 768w, https:\/\/elpajaritonews.com\/wp-content\/uploads\/2024\/06\/810adcd0-9ae8-4bda-9af4-7b41dea6425f-600x400.jpg 600w, https:\/\/elpajaritonews.com\/wp-content\/uploads\/2024\/06\/810adcd0-9ae8-4bda-9af4-7b41dea6425f.jpg 1280w\" sizes=\"auto, (max-width: 1024px) 100vw, 1024px\" \/><\/figure>\n\n\n\n<p class=\"wp-block-paragraph\">Durante el encuentro hist\u00f3rico, en el Consulado General de M\u00e9xico en Phoenix, con las autoridades de San Carlos Apache Tribu, White Mountain Apache, Tohono O\u2019odham Nation y Ak-Chin Indian Community, el gobernador Durazo Monta\u00f1o resalt\u00f3 que en Sonora se realizan los Planes de Justicia, con el que el presidente L\u00f3pez Obrador y el Gobierno de Sonora han atendido las demandas de los diferentes pueblos originarios de la entidad, d\u00e1ndoles su valor que se merecen.<\/p>\n\n\n\n<p class=\"wp-block-paragraph\">El titular del Ejecutivo Estatal se\u00f1al\u00f3 ante empresarios de distintas actividades, que la ubicaci\u00f3n privilegiada y log\u00edstica estrat\u00e9gica, el impulso econ\u00f3mico, as\u00ed como la Modernizaci\u00f3n del Puerto de Guaymas y de la Carretera Guaymas-Chihuahua, es fundamental para fortalecer la relaci\u00f3n que tiene Sonora y Arizona, la cual hist\u00f3ricamente tiene una hermandad por su cultura, su relaci\u00f3n social y econ\u00f3mica.<\/p>\n\n\n\n<p class=\"wp-block-paragraph\">Por su parte, Kasey Velasquez, presidente de White Mountain Apache Tribu, calific\u00f3 de hist\u00f3rica la reuni\u00f3n, al ser tomados en cuenta y destac\u00f3 la oportunidad de concretar alianzas y proyectos en Sonora, en un futuro cercano.<\/p>\n","protected":false},"excerpt":{"rendered":"<p>Para dar a conocer las ventajas y desarrollo econ\u00f3mico que vive Sonora, en busca de atraer mayor inversi\u00f3n al estado, el gobernador Alfonso Durazo Monta\u00f1o, se reuni\u00f3 con m\u00e1s de 30 l\u00edderes empresarios y autoridades de distintas tribus originarias de Arizona, donde expuso las vertientes del Plan Sonora de Energ\u00edas Sostenibles. El mandatario estatal resalt\u00f3&#8230;<\/p>\n","protected":false},"author":2,"featured_media":60225,"comment_status":"closed","ping_status":"closed","sticky":false,"template":"","format":"standard","meta":{"_crdt_document":"","_exactmetrics_skip_tracking":false,"_exactmetrics_sitenote_active":false,"_exactmetrics_sitenote_note":"","_exactmetrics_sitenote_category":0,"footnotes":""},"categories":[17,36,23,24,31,27],"tags":[28,29,30],"class_list":["post-60224","post","type-post","status-publish","format-standard","has-post-thumbnail","hentry","category-arizona","category-economia","category-mexico","category-mundo","category-politica","category-sonora","tag-nogales","tag-nogales-la-gran-frontera","tag-sonora-tierra-de-oportunidades"],"_links":{"self":[{"href":"https:\/\/elpajaritonews.com\/index.php?rest_route=\/wp\/v2\/posts\/60224","targetHints":{"allow":["GET"]}}],"collection":[{"href":"https:\/\/elpajaritonews.com\/index.php?rest_route=\/wp\/v2\/posts"}],"about":[{"href":"https:\/\/elpajaritonews.com\/index.php?rest_route=\/wp\/v2\/types\/post"}],"author":[{"embeddable":true,"href":"https:\/\/elpajaritonews.com\/index.php?rest_route=\/wp\/v2\/users\/2"}],"replies":[{"embeddable":true,"href":"https:\/\/elpajaritonews.com\/index.php?rest_route=%2Fwp%2Fv2%2Fcomments&post=60224"}],"version-history":[{"count":1,"href":"https:\/\/elpajaritonews.com\/index.php?rest_route=\/wp\/v2\/posts\/60224\/revisions"}],"predecessor-version":[{"id":60228,"href":"https:\/\/elpajaritonews.com\/index.php?rest_route=\/wp\/v2\/posts\/60224\/revisions\/60228"}],"wp:featuredmedia":[{"embeddable":true,"href":"https:\/\/elpajaritonews.com\/index.php?rest_route=\/wp\/v2\/media\/60225"}],"wp:attachment":[{"href":"https:\/\/elpajaritonews.com\/index.php?rest_route=%2Fwp%2Fv2%2Fmedia&parent=60224"}],"wp:term":[{"taxonomy":"category","embeddable":true,"href":"https:\/\/elpajaritonews.com\/index.php?rest_route=%2Fwp%2Fv2%2Fcategories&post=60224"},{"taxonomy":"post_tag","embeddable":true,"href":"https:\/\/elpajaritonews.com\/index.php?rest_route=%2Fwp%2Fv2%2Ftags&post=60224"}],"curies":[{"name":"wp","href":"https:\/\/api.w.org\/{rel}","templated":true}]}}