{"id":60494,"date":"2024-07-01T19:37:23","date_gmt":"2024-07-01T19:37:23","guid":{"rendered":"https:\/\/elpajaritonews.com\/?p=60494"},"modified":"2024-07-01T19:37:25","modified_gmt":"2024-07-01T19:37:25","slug":"destacada-participacion-de-sonora-en-el-tianguis-internacional-de-pueblos-magicos-en-san-antonio-texas","status":"publish","type":"post","link":"https:\/\/elpajaritonews.com\/?p=60494","title":{"rendered":"DESTACADA PARTICIPACI\u00d3N DE SONORA EN EL TIANGUIS INTERNACIONAL DE PUEBLOS M\u00c1GICOS EN SAN ANTONIO, TEXAS\u00a0"},"content":{"rendered":"\n<p class=\"wp-block-paragraph\">Sonora tuvo una destacada participaci\u00f3n en la tercera edici\u00f3n del Tianguis Internacional de Pueblos M\u00e1gicos en San Antonio, Texas, donde se reforz\u00f3 el trabajo de promoci\u00f3n de los atractivos tur\u00edsticos de \u00c1lamos, Magdalena, Ures, San Carlos y el Barrio M\u00e1gico de Villa de Seris.<br>&nbsp;<br>El Gobierno de Sonora, a trav\u00e9s de la Secretar\u00eda de Turismo (Sectur), en conjunto con autoridades federales, municipales y prestadores de servicios tur\u00edsticos del estado, del 28 al 30 de junio llevaron a cabo una amplia promoci\u00f3n tur\u00edstica con la finalidad de atraer viajeros internacionales y aumentar el turismo en la regi\u00f3n,<\/p>\n\n\n\n<figure class=\"wp-block-image size-large\"><img loading=\"lazy\" decoding=\"async\" width=\"1024\" height=\"682\" src=\"https:\/\/elpajaritonews.com\/wp-content\/uploads\/2024\/07\/9b05766e-778e-45fe-aa60-ce9f586463a2-1024x682.jpg\" alt=\"\" class=\"wp-image-60496\" srcset=\"https:\/\/elpajaritonews.com\/wp-content\/uploads\/2024\/07\/9b05766e-778e-45fe-aa60-ce9f586463a2-1024x682.jpg 1024w, https:\/\/elpajaritonews.com\/wp-content\/uploads\/2024\/07\/9b05766e-778e-45fe-aa60-ce9f586463a2-300x200.jpg 300w, https:\/\/elpajaritonews.com\/wp-content\/uploads\/2024\/07\/9b05766e-778e-45fe-aa60-ce9f586463a2-768x512.jpg 768w, https:\/\/elpajaritonews.com\/wp-content\/uploads\/2024\/07\/9b05766e-778e-45fe-aa60-ce9f586463a2-600x400.jpg 600w, https:\/\/elpajaritonews.com\/wp-content\/uploads\/2024\/07\/9b05766e-778e-45fe-aa60-ce9f586463a2.jpg 1280w\" sizes=\"auto, (max-width: 1024px) 100vw, 1024px\" \/><\/figure>\n\n\n\n<p class=\"wp-block-paragraph\">Fueron 139 pueblos M\u00e1gicos y 26 Barrios M\u00e1gicos de M\u00e9xico y 677 expositores los que presentaron su oferta gastron\u00f3mica, cultural, artesan\u00edas y pueblos originarios, ante m\u00e1s de 6 mil 500 asistentes.<br>&nbsp;<br>El secretario de Turismo de Sonora, Roberto Gradillas Pineda, coment\u00f3 que se realiz\u00f3 un fuerte trabajo para promover las maravillas de Sonora, con el objetivo de posicionar los diferentes destinos tur\u00edsticos y resaltar su gastronom\u00eda, dulces t\u00edpicos, cultura, tradici\u00f3n y la calidez humana de todas y todos los sonorenses. &nbsp;<br>&nbsp;<br>\u201cGracias a la importante gesti\u00f3n e impulso de nuestro gobernador Alfonso Durazo, estamos logrando posicionar a Sonora como ese destino tur\u00edstico atractivo y que tiene mucho para ofrecer, ante el mercado estadounidense\u201d, expres\u00f3 Gradillas Pineda<br>&nbsp;<br>Adem\u00e1s, en el marco del Tianguis Internacional de Pueblos M\u00e1gicos, se recibi\u00f3 por parte de la Secretar\u00eda de Turismo de M\u00e9xico, el nombramiento oficial que acredita a Villa de Seris como Barrio M\u00e1gico, convirti\u00e9ndose en el primero con el que cuenta Sonora.<\/p>\n","protected":false},"excerpt":{"rendered":"<p>Sonora tuvo una destacada participaci\u00f3n en la tercera edici\u00f3n del Tianguis Internacional de Pueblos M\u00e1gicos en San Antonio, Texas, donde se reforz\u00f3 el trabajo de promoci\u00f3n de los atractivos tur\u00edsticos de \u00c1lamos, Magdalena, Ures, San Carlos y el Barrio M\u00e1gico de Villa de Seris.&nbsp;El Gobierno de Sonora, a trav\u00e9s de la Secretar\u00eda de Turismo (Sectur),&#8230;<\/p>\n","protected":false},"author":2,"featured_media":60495,"comment_status":"closed","ping_status":"closed","sticky":false,"template":"","format":"standard","meta":{"_crdt_document":"","_exactmetrics_skip_tracking":false,"_exactmetrics_sitenote_active":false,"_exactmetrics_sitenote_note":"","_exactmetrics_sitenote_category":0,"footnotes":""},"categories":[17,36,22,26,23,31,27],"tags":[71,72,28,29,30],"class_list":["post-60494","post","type-post","status-publish","format-standard","has-post-thumbnail","hentry","category-arizona","category-economia","category-escena","category-local","category-mexico","category-politica","category-sonora","tag-alfonso-durazo","tag-claudia-sheinbaum","tag-nogales","tag-nogales-la-gran-frontera","tag-sonora-tierra-de-oportunidades"],"_links":{"self":[{"href":"https:\/\/elpajaritonews.com\/index.php?rest_route=\/wp\/v2\/posts\/60494","targetHints":{"allow":["GET"]}}],"collection":[{"href":"https:\/\/elpajaritonews.com\/index.php?rest_route=\/wp\/v2\/posts"}],"about":[{"href":"https:\/\/elpajaritonews.com\/index.php?rest_route=\/wp\/v2\/types\/post"}],"author":[{"embeddable":true,"href":"https:\/\/elpajaritonews.com\/index.php?rest_route=\/wp\/v2\/users\/2"}],"replies":[{"embeddable":true,"href":"https:\/\/elpajaritonews.com\/index.php?rest_route=%2Fwp%2Fv2%2Fcomments&post=60494"}],"version-history":[{"count":1,"href":"https:\/\/elpajaritonews.com\/index.php?rest_route=\/wp\/v2\/posts\/60494\/revisions"}],"predecessor-version":[{"id":60497,"href":"https:\/\/elpajaritonews.com\/index.php?rest_route=\/wp\/v2\/posts\/60494\/revisions\/60497"}],"wp:featuredmedia":[{"embeddable":true,"href":"https:\/\/elpajaritonews.com\/index.php?rest_route=\/wp\/v2\/media\/60495"}],"wp:attachment":[{"href":"https:\/\/elpajaritonews.com\/index.php?rest_route=%2Fwp%2Fv2%2Fmedia&parent=60494"}],"wp:term":[{"taxonomy":"category","embeddable":true,"href":"https:\/\/elpajaritonews.com\/index.php?rest_route=%2Fwp%2Fv2%2Fcategories&post=60494"},{"taxonomy":"post_tag","embeddable":true,"href":"https:\/\/elpajaritonews.com\/index.php?rest_route=%2Fwp%2Fv2%2Ftags&post=60494"}],"curies":[{"name":"wp","href":"https:\/\/api.w.org\/{rel}","templated":true}]}}