{"id":60523,"date":"2024-07-03T20:36:30","date_gmt":"2024-07-03T20:36:30","guid":{"rendered":"https:\/\/elpajaritonews.com\/?p=60523"},"modified":"2024-07-03T20:36:32","modified_gmt":"2024-07-03T20:36:32","slug":"sheinbaum-envia-este-miercoles-a-sg-tres-de-sus-iniciativas-prioritarias","status":"publish","type":"post","link":"https:\/\/elpajaritonews.com\/?p=60523","title":{"rendered":"SHEINBAUM ENV\u00cdA ESTE MI\u00c9RCOLES A SG TRES DE SUS INICIATIVAS PRIORITARIAS"},"content":{"rendered":"\n<p class=\"wp-block-paragraph\">Claudia Sheinbaum Pardo, virtual presidenta electa, inform\u00f3 que hoy enviar\u00e1 a la Secretar\u00eda de Gobernaci\u00f3n tres de sus iniciativas prioritarias para que la dependencia haga lo correspondiente y las env\u00ede al Congreso de la Uni\u00f3n: no reelecci\u00f3n, apoyo para mujeres de 60 a 64 a\u00f1os y becas para estudiantes de educaci\u00f3n b\u00e1sica en escuelas p\u00fablicas.<\/p>\n\n\n\n<p class=\"wp-block-paragraph\">Sheinbaum destac\u00f3 que con la no reelecci\u00f3n busca que \u201cregresemos al original de la Constituci\u00f3n del 17, que es la no reelecci\u00f3n de todos los cargos\u201d y precis\u00f3 que no tiene impacto presupuestal.<\/p>\n\n\n\n<p class=\"wp-block-paragraph\">A prop\u00f3sito del presupuesto, asegur\u00f3 que el del siguiente a\u00f1o \u201clo estamos haciendo de manera responsable. Si alcanza\u201d para garantizar todos los programas de bienestar, incluye las becas estudiantiles mencionadas, presupuesto para apoyar a un mill\u00f3n de mujeres de 60 a 64 a\u00f1os en 2025.<\/p>\n\n\n\n<p class=\"wp-block-paragraph\">Tambi\u00e9n, recursos para salud, educaci\u00f3n \u201cy todo lo que implica los derechos del pueblo. Y todav\u00eda hay presupuesto importante para inversi\u00f3n p\u00fablica y vivienda\u201d, dijo. Adem\u00e1s, vamos a continuar con la construcci\u00f3n de trenes y de otras obras de infraestructura, a\u00f1adi\u00f3.<\/p>\n\n\n\n<p class=\"wp-block-paragraph\">Ernestina Godoy, pr\u00f3xima consejera jur\u00eddica explic\u00f3 las propuestas de modificaci\u00f3n de varios art\u00edculos constitucionales sobre las reformas planteadas por la virtual presidenta electa.<\/p>\n\n\n\n<p class=\"wp-block-paragraph\">Precis\u00f3 impedir la reelecci\u00f3n de senadores, diputados federales y locales, suplentes, alcaldes y concejales.<\/p>\n\n\n\n<p class=\"wp-block-paragraph\">\u201cDe alguna manera, en toda la exposici\u00f3n de motivos se establecen todas las razones por las que estamos nuevamente regresando a lo que fue el lema de la Revoluci\u00f3n Mexicana, sufragio efectivo no reelecci\u00f3n\u201d.<\/p>\n\n\n\n<p class=\"wp-block-paragraph\">Para el caso de la universalidad de las becas para estudiantes, proponen reformar el art\u00edculo 4 constitucional para beneficiar a 22 millones de alumnos en total. Tienen previsto, una vez que el Congreso lo apruebe, beneficiar en 2025 a seis millones de alumnos de secundaria.<\/p>\n\n\n\n<p class=\"wp-block-paragraph\">Respecto al apoyo para las mujeres, plantean una pensi\u00f3n no contributiva, equivalente al menos a la mitad de la pensi\u00f3n para los adultos mayores.<\/p>\n\n\n\n<figure class=\"wp-block-embed is-type-video is-provider-youtube wp-block-embed-youtube wp-embed-aspect-16-9 wp-has-aspect-ratio\"><div class=\"wp-block-embed__wrapper\">\n<iframe loading=\"lazy\" title=\"Conferencia de prensa 03\/07\/2024\" width=\"640\" height=\"360\" src=\"https:\/\/www.youtube.com\/embed\/mlBEFWlWnDs?feature=oembed\" frameborder=\"0\" allow=\"accelerometer; autoplay; clipboard-write; encrypted-media; gyroscope; picture-in-picture; web-share\" referrerpolicy=\"strict-origin-when-cross-origin\" allowfullscreen><\/iframe>\n<\/div><\/figure>\n","protected":false},"excerpt":{"rendered":"<p>Claudia Sheinbaum Pardo, virtual presidenta electa, inform\u00f3 que hoy enviar\u00e1 a la Secretar\u00eda de Gobernaci\u00f3n tres de sus iniciativas prioritarias para que la dependencia haga lo correspondiente y las env\u00ede al Congreso de la Uni\u00f3n: no reelecci\u00f3n, apoyo para mujeres de 60 a 64 a\u00f1os y becas para estudiantes de educaci\u00f3n b\u00e1sica en escuelas p\u00fablicas&#8230;.<\/p>\n","protected":false},"author":2,"featured_media":60524,"comment_status":"closed","ping_status":"closed","sticky":false,"template":"","format":"standard","meta":{"_crdt_document":"","_exactmetrics_skip_tracking":false,"_exactmetrics_sitenote_active":false,"_exactmetrics_sitenote_note":"","_exactmetrics_sitenote_category":0,"footnotes":""},"categories":[23,31,27,70,69,65],"tags":[71,72,28,29,30],"class_list":["post-60523","post","type-post","status-publish","format-standard","has-post-thumbnail","hentry","category-mexico","category-politica","category-sonora","category-ultimas-noticia","category-ultimas-noticias","category-videos","tag-alfonso-durazo","tag-claudia-sheinbaum","tag-nogales","tag-nogales-la-gran-frontera","tag-sonora-tierra-de-oportunidades"],"_links":{"self":[{"href":"https:\/\/elpajaritonews.com\/index.php?rest_route=\/wp\/v2\/posts\/60523","targetHints":{"allow":["GET"]}}],"collection":[{"href":"https:\/\/elpajaritonews.com\/index.php?rest_route=\/wp\/v2\/posts"}],"about":[{"href":"https:\/\/elpajaritonews.com\/index.php?rest_route=\/wp\/v2\/types\/post"}],"author":[{"embeddable":true,"href":"https:\/\/elpajaritonews.com\/index.php?rest_route=\/wp\/v2\/users\/2"}],"replies":[{"embeddable":true,"href":"https:\/\/elpajaritonews.com\/index.php?rest_route=%2Fwp%2Fv2%2Fcomments&post=60523"}],"version-history":[{"count":1,"href":"https:\/\/elpajaritonews.com\/index.php?rest_route=\/wp\/v2\/posts\/60523\/revisions"}],"predecessor-version":[{"id":60525,"href":"https:\/\/elpajaritonews.com\/index.php?rest_route=\/wp\/v2\/posts\/60523\/revisions\/60525"}],"wp:featuredmedia":[{"embeddable":true,"href":"https:\/\/elpajaritonews.com\/index.php?rest_route=\/wp\/v2\/media\/60524"}],"wp:attachment":[{"href":"https:\/\/elpajaritonews.com\/index.php?rest_route=%2Fwp%2Fv2%2Fmedia&parent=60523"}],"wp:term":[{"taxonomy":"category","embeddable":true,"href":"https:\/\/elpajaritonews.com\/index.php?rest_route=%2Fwp%2Fv2%2Fcategories&post=60523"},{"taxonomy":"post_tag","embeddable":true,"href":"https:\/\/elpajaritonews.com\/index.php?rest_route=%2Fwp%2Fv2%2Ftags&post=60523"}],"curies":[{"name":"wp","href":"https:\/\/api.w.org\/{rel}","templated":true}]}}