{"id":60607,"date":"2024-07-07T03:42:46","date_gmt":"2024-07-07T03:42:46","guid":{"rendered":"https:\/\/elpajaritonews.com\/?p=60607"},"modified":"2024-07-07T03:42:48","modified_gmt":"2024-07-07T03:42:48","slug":"presiden-gobernador-durazo-presidente-lopez-obrador-y-presidenta-electa-sheinbaum-continuidad-de-restitucion-de-derechos-a-comunidad-seri","status":"publish","type":"post","link":"https:\/\/elpajaritonews.com\/?p=60607","title":{"rendered":"PRESIDEN GOBERNADOR DURAZO, PRESIDENTE L\u00d3PEZ OBRADOR Y PRESIDENTA ELECTA SHEINBAUM CONTINUIDAD DE RESTITUCI\u00d3N DE DERECHOS A COMUNIDAD SERI"},"content":{"rendered":"\n<p class=\"wp-block-paragraph\">El Plan de Justicia Seri se mantendr\u00e1 por seis a\u00f1os m\u00e1s, despu\u00e9s de d\u00e9cadas de olvido<\/p>\n\n\n\n<figure class=\"wp-block-image size-large\"><img loading=\"lazy\" decoding=\"async\" width=\"1024\" height=\"682\" src=\"https:\/\/elpajaritonews.com\/wp-content\/uploads\/2024\/07\/1099d592-3248-4833-94eb-ff43b18c43cf-1024x682.jpg\" alt=\"\" class=\"wp-image-60609\" srcset=\"https:\/\/elpajaritonews.com\/wp-content\/uploads\/2024\/07\/1099d592-3248-4833-94eb-ff43b18c43cf-1024x682.jpg 1024w, https:\/\/elpajaritonews.com\/wp-content\/uploads\/2024\/07\/1099d592-3248-4833-94eb-ff43b18c43cf-300x200.jpg 300w, https:\/\/elpajaritonews.com\/wp-content\/uploads\/2024\/07\/1099d592-3248-4833-94eb-ff43b18c43cf-768x512.jpg 768w, https:\/\/elpajaritonews.com\/wp-content\/uploads\/2024\/07\/1099d592-3248-4833-94eb-ff43b18c43cf-600x400.jpg 600w, https:\/\/elpajaritonews.com\/wp-content\/uploads\/2024\/07\/1099d592-3248-4833-94eb-ff43b18c43cf.jpg 1280w\" sizes=\"auto, (max-width: 1024px) 100vw, 1024px\" \/><\/figure>\n\n\n\n<p class=\"wp-block-paragraph\">Por primera vez la comunidad Seri, contar\u00e1 con agua suficiente y de calidad, con el Acueducto Seri-Comca&#8217;ac, al beneficiar a m\u00e1s de mil habitantes del Desemboque y Punta Chueca,&nbsp; como parte del Plan de Justicia del Pueblo Seri-Comca&#8217;ac, que evaluaron el gobernador Alfonso Durazo Monta\u00f1o, el presidente Andr\u00e9s Manuel L\u00f3pez Obrador y la presidenta electa Claudia Sheinbaum Pardo.<\/p>\n\n\n\n<figure class=\"wp-block-image size-large\"><img loading=\"lazy\" decoding=\"async\" width=\"1024\" height=\"682\" src=\"https:\/\/elpajaritonews.com\/wp-content\/uploads\/2024\/07\/f4756a4a-96c8-4578-9dde-afc3aa081467-1024x682.jpg\" alt=\"\" class=\"wp-image-60610\" srcset=\"https:\/\/elpajaritonews.com\/wp-content\/uploads\/2024\/07\/f4756a4a-96c8-4578-9dde-afc3aa081467-1024x682.jpg 1024w, https:\/\/elpajaritonews.com\/wp-content\/uploads\/2024\/07\/f4756a4a-96c8-4578-9dde-afc3aa081467-300x200.jpg 300w, https:\/\/elpajaritonews.com\/wp-content\/uploads\/2024\/07\/f4756a4a-96c8-4578-9dde-afc3aa081467-768x512.jpg 768w, https:\/\/elpajaritonews.com\/wp-content\/uploads\/2024\/07\/f4756a4a-96c8-4578-9dde-afc3aa081467-600x400.jpg 600w, https:\/\/elpajaritonews.com\/wp-content\/uploads\/2024\/07\/f4756a4a-96c8-4578-9dde-afc3aa081467.jpg 1280w\" sizes=\"auto, (max-width: 1024px) 100vw, 1024px\" \/><\/figure>\n\n\n\n<p class=\"wp-block-paragraph\">En cumplimiento a los compromisos pactados con los pueblos originarios, se implement\u00f3 una inversi\u00f3n de 767 millones de pesos para llevar acciones en materia de desarrollo y asistencia social; caminos; educaci\u00f3n; agua; vivienda;<\/p>\n\n\n\n<p class=\"wp-block-paragraph\">Gobierno y organizaci\u00f3n tradicional; proyectos productivos; salud y medicina tradicional.<\/p>\n\n\n\n<p class=\"wp-block-paragraph\">El mandatario sonorense destac\u00f3 que es la cuarta visita del presidente L\u00f3pez Obrador a Territorio Seri y agradeci\u00f3 a la presidenta electa Sheinbaum haber asumido desde su etapa como candidata, el compromiso con dar continuidad a los planes de justicia para la etnia Seri.<\/p>\n\n\n\n<figure class=\"wp-block-image size-large\"><img loading=\"lazy\" decoding=\"async\" width=\"1024\" height=\"562\" src=\"https:\/\/elpajaritonews.com\/wp-content\/uploads\/2024\/07\/e6d4bd0e-023f-4706-a05b-a26cd4794718-1024x562.jpg\" alt=\"\" class=\"wp-image-60611\" srcset=\"https:\/\/elpajaritonews.com\/wp-content\/uploads\/2024\/07\/e6d4bd0e-023f-4706-a05b-a26cd4794718-1024x562.jpg 1024w, https:\/\/elpajaritonews.com\/wp-content\/uploads\/2024\/07\/e6d4bd0e-023f-4706-a05b-a26cd4794718-300x165.jpg 300w, https:\/\/elpajaritonews.com\/wp-content\/uploads\/2024\/07\/e6d4bd0e-023f-4706-a05b-a26cd4794718-768x421.jpg 768w, https:\/\/elpajaritonews.com\/wp-content\/uploads\/2024\/07\/e6d4bd0e-023f-4706-a05b-a26cd4794718.jpg 1170w\" sizes=\"auto, (max-width: 1024px) 100vw, 1024px\" \/><\/figure>\n\n\n\n<p class=\"wp-block-paragraph\">\u00abHemos avanzado mucho en este tiempo, pero falta por hacer y as\u00ed como en el pa\u00eds, necesitamos un segundo piso de la Cuarta Transformaci\u00f3n, le decimos con todo respeto y cari\u00f1o que aqu\u00ed en esta comunidad, en la naci\u00f3n Comca&#8217;ac, con nuestros hermanos Seris, tambi\u00e9n necesitamos avanzar en un segundo piso para el bienestar de esta comunidad\u00bb, asever\u00f3.<\/p>\n\n\n\n<p class=\"wp-block-paragraph\">Entre las principales obras del Plan Seri, destaca el Acueducto Seri, el cual presenta un avance del 85 por ciento y se concluir\u00e1 el pr\u00f3ximo 15 de julio, a fin de satisfacer de agua a la poblaci\u00f3n con calidad y eficiencia. La obra una l\u00ednea de conducci\u00f3n de casi 78 kil\u00f3metros para abasto de agua potable a Punta Chueca y Desemboque, con una inversi\u00f3n de 178 millones de pesos.<\/p>\n\n\n\n<figure class=\"wp-block-image size-large\"><img loading=\"lazy\" decoding=\"async\" width=\"1024\" height=\"682\" src=\"https:\/\/elpajaritonews.com\/wp-content\/uploads\/2024\/07\/6036402d-28d4-4a15-8f00-145553b9fb2f-1024x682.jpg\" alt=\"\" class=\"wp-image-60612\" srcset=\"https:\/\/elpajaritonews.com\/wp-content\/uploads\/2024\/07\/6036402d-28d4-4a15-8f00-145553b9fb2f-1024x682.jpg 1024w, https:\/\/elpajaritonews.com\/wp-content\/uploads\/2024\/07\/6036402d-28d4-4a15-8f00-145553b9fb2f-300x200.jpg 300w, https:\/\/elpajaritonews.com\/wp-content\/uploads\/2024\/07\/6036402d-28d4-4a15-8f00-145553b9fb2f-768x512.jpg 768w, https:\/\/elpajaritonews.com\/wp-content\/uploads\/2024\/07\/6036402d-28d4-4a15-8f00-145553b9fb2f-600x400.jpg 600w, https:\/\/elpajaritonews.com\/wp-content\/uploads\/2024\/07\/6036402d-28d4-4a15-8f00-145553b9fb2f.jpg 1280w\" sizes=\"auto, (max-width: 1024px) 100vw, 1024px\" \/><\/figure>\n\n\n\n<p class=\"wp-block-paragraph\">La presidenta electa Claudia Sheinbaum recibi\u00f3 el bast\u00f3n de mando de la comunidad y asegur\u00f3 que la continuidad del Plan de Justicia Seri es una prioridad, al asegurarse que cada miembro de la comunidad tenga acceso a los derechos que le corresponden.<\/p>\n\n\n\n<p class=\"wp-block-paragraph\">Por su parte, el presidente Andr\u00e9s Manuel L\u00f3pez Obrador indic\u00f3 que estas acciones son con el objetivo de abordar y resolver las injusticias hist\u00f3ricas sufridas por la comunidad, por lo que continuar\u00e1n su labor, asegurando el acceso a recursos esenciales, servicios de salud y educaci\u00f3n, as\u00ed como el reconocimiento y respeto de sus tierras y cultura.<\/p>\n\n\n\n<p class=\"wp-block-paragraph\">El Plan de Justicia Seri-Comca&#8217;ac incluye acciones en materia de desarrollo y asistencia social; caminos; educaci\u00f3n; agua; vivienda;<\/p>\n\n\n\n<p class=\"wp-block-paragraph\">Gobierno y organizaci\u00f3n tradicional; proyectos productivos; salud y medicina tradicional.<\/p>\n\n\n\n<p class=\"wp-block-paragraph\">El evento fue acompa\u00f1ado por Rey Andino Morales Romero, secretario del gobierno Tradicional Comca&#8217;ac; Rafael Ojeda Dur\u00e1n,&nbsp; secretario de Marina; Octavio Almada Palafox, titular de la Comisi\u00f3n Nacional de Acuacultura y Pesca (Conapesca); Adelfo Regino Montes, director del Instituto Nacional de los Pueblos Ind\u00edgenas (INPI); Gabriela Medina Moreno, Regidora Etnica de Desemboque.<\/p>\n\n\n\n<figure class=\"wp-block-embed is-type-video is-provider-youtube wp-block-embed-youtube wp-embed-aspect-16-9 wp-has-aspect-ratio\"><div class=\"wp-block-embed__wrapper\">\n<iframe loading=\"lazy\" title=\"Plan de justicia para el pueblo seri, desde Pitiquito, Sonora\" width=\"640\" height=\"360\" src=\"https:\/\/www.youtube.com\/embed\/gd79o2UFSSE?feature=oembed\" frameborder=\"0\" allow=\"accelerometer; autoplay; clipboard-write; encrypted-media; gyroscope; picture-in-picture; web-share\" referrerpolicy=\"strict-origin-when-cross-origin\" allowfullscreen><\/iframe>\n<\/div><\/figure>\n","protected":false},"excerpt":{"rendered":"<p>El Plan de Justicia Seri se mantendr\u00e1 por seis a\u00f1os m\u00e1s, despu\u00e9s de d\u00e9cadas de olvido Por primera vez la comunidad Seri, contar\u00e1 con agua suficiente y de calidad, con el Acueducto Seri-Comca&#8217;ac, al beneficiar a m\u00e1s de mil habitantes del Desemboque y Punta Chueca,&nbsp; como parte del Plan de Justicia del Pueblo Seri-Comca&#8217;ac, que&#8230;<\/p>\n","protected":false},"author":2,"featured_media":60608,"comment_status":"closed","ping_status":"closed","sticky":false,"template":"","format":"standard","meta":{"_crdt_document":"","_exactmetrics_skip_tracking":false,"_exactmetrics_sitenote_active":false,"_exactmetrics_sitenote_note":"","_exactmetrics_sitenote_category":0,"footnotes":""},"categories":[36,26,37,23,31,32,27,69,65],"tags":[71,79,72,74,76,28,29,30],"class_list":["post-60607","post","type-post","status-publish","format-standard","has-post-thumbnail","hentry","category-economia","category-local","category-medio-ambiente","category-mexico","category-politica","category-salud","category-sonora","category-ultimas-noticias","category-videos","tag-alfonso-durazo","tag-andres-manuel-lopez-obrador","tag-claudia-sheinbaum","tag-hermosillo","tag-medio-ambiente","tag-nogales","tag-nogales-la-gran-frontera","tag-sonora-tierra-de-oportunidades"],"_links":{"self":[{"href":"https:\/\/elpajaritonews.com\/index.php?rest_route=\/wp\/v2\/posts\/60607","targetHints":{"allow":["GET"]}}],"collection":[{"href":"https:\/\/elpajaritonews.com\/index.php?rest_route=\/wp\/v2\/posts"}],"about":[{"href":"https:\/\/elpajaritonews.com\/index.php?rest_route=\/wp\/v2\/types\/post"}],"author":[{"embeddable":true,"href":"https:\/\/elpajaritonews.com\/index.php?rest_route=\/wp\/v2\/users\/2"}],"replies":[{"embeddable":true,"href":"https:\/\/elpajaritonews.com\/index.php?rest_route=%2Fwp%2Fv2%2Fcomments&post=60607"}],"version-history":[{"count":1,"href":"https:\/\/elpajaritonews.com\/index.php?rest_route=\/wp\/v2\/posts\/60607\/revisions"}],"predecessor-version":[{"id":60613,"href":"https:\/\/elpajaritonews.com\/index.php?rest_route=\/wp\/v2\/posts\/60607\/revisions\/60613"}],"wp:featuredmedia":[{"embeddable":true,"href":"https:\/\/elpajaritonews.com\/index.php?rest_route=\/wp\/v2\/media\/60608"}],"wp:attachment":[{"href":"https:\/\/elpajaritonews.com\/index.php?rest_route=%2Fwp%2Fv2%2Fmedia&parent=60607"}],"wp:term":[{"taxonomy":"category","embeddable":true,"href":"https:\/\/elpajaritonews.com\/index.php?rest_route=%2Fwp%2Fv2%2Fcategories&post=60607"},{"taxonomy":"post_tag","embeddable":true,"href":"https:\/\/elpajaritonews.com\/index.php?rest_route=%2Fwp%2Fv2%2Ftags&post=60607"}],"curies":[{"name":"wp","href":"https:\/\/api.w.org\/{rel}","templated":true}]}}