{"id":60614,"date":"2024-07-07T04:52:48","date_gmt":"2024-07-07T04:52:48","guid":{"rendered":"https:\/\/elpajaritonews.com\/?p=60614"},"modified":"2024-07-07T04:52:50","modified_gmt":"2024-07-07T04:52:50","slug":"claman-a-claudia-sheinbaum-justicia-en-rio-sonora","status":"publish","type":"post","link":"https:\/\/elpajaritonews.com\/?p=60614","title":{"rendered":"CLAMAN A CLAUDIA SHEINBAUM JUSTICIA EN R\u00cdO SONORA"},"content":{"rendered":"\n<p class=\"wp-block-paragraph\">Alejandro Matty Ortega\/Irreverente Noticias<\/p>\n\n\n\n<p class=\"wp-block-paragraph\">Integrantes de los Comit\u00e9s de Cuenca piden a la presidenta electa, Claudia Sheinbaum, frenar 10 a\u00f1os de impunidad y justicia a los habitantes del R\u00edo Sonora.<\/p>\n\n\n\n<p class=\"wp-block-paragraph\">A trav\u00e9s de un posicionamiento, los afectados por el derrame t\u00f3xico de la mina \u00abBuenavista del Cobre\u00bb el 2014 exponen que el d\u00eda 11 de junio \u00abnos acercamos a la casa de transici\u00f3n&#8230; luego de hacer entrega de nuestro pliego petitorio a ella e integrantes de su equipo, Claudia se comprometi\u00f3 a dar seguimiento, y tener una reuni\u00f3n con nosotros una vez que tuviera su equipo de trabajo\u00bb.<\/p>\n\n\n\n<p class=\"wp-block-paragraph\">A casi un mes de ese encuentro y ante el anuncio de su visita al estado de Sonora este fin de semana,&nbsp;\u00abnos parece fundamental que la agenda de la presidenta electa contemple abordar el caso del peor desastre ambiental en la historia&nbsp;de la miner\u00eda en M\u00e9xico\u00bb.<\/p>\n\n\n\n<p class=\"wp-block-paragraph\">Se\u00f1alan que en un mes \u00abse cumplir\u00e1n 10 a\u00f1os de impunidad para Grupo M\u00e9xico, empresa responsable; 10 a\u00f1os de afectaciones a m\u00e1s de 22 mil personas; 10 a\u00f1os de enfermedades graves en quienes habitamos la zona del R\u00edo Sonora a causa de los metales pesados que esta empresa arroj\u00f3 al r\u00edo; 10 a\u00f1os de muertes, simulaciones por parte de autoridades y negligencias\u00bb.<\/p>\n\n\n\n<p class=\"wp-block-paragraph\">Por ello, \u00abhacemos un llamado a Claudia Sheinbaum a cumplir con su palabra y escuchar las voces de quienes habitamos en el R\u00edo Sonora\u00bb.<\/p>\n\n\n\n<p class=\"wp-block-paragraph\">Piden que ella y su equipo trabajen un plan de transici\u00f3n, para que no transcurra otro sexenio sin justicia.<\/p>\n\n\n\n<p class=\"wp-block-paragraph\">Adem\u00e1s, \u00aba reunirnos para que escuche los enormes impactos al medio ambiente que persisten hasta el d\u00eda de hoy, as\u00ed como las graves violaciones a nuestros derechos humanos que se han cometido de forma sistem\u00e1tica durante todo este tiempo\u00bb.<\/p>\n\n\n\n<p class=\"wp-block-paragraph\">Expresan que \u00abun Plan Sonora que contemple obras y proyectos empresariales planteados&nbsp;sin atenci\u00f3n integral a las v\u00edctimas de empresas como Grupo M\u00e9xico,&nbsp;dejar\u00eda un vac\u00edo enorme por el cual podr\u00eda filtrarse otro desastre de igual o de mayor magnitud\u00bb.<\/p>\n\n\n\n<p class=\"wp-block-paragraph\">En este sentido, \u00abClaudia tiene en sus manos la oportunidad hist\u00f3rica de hacer&nbsp;lo que durante dos sexenios no se logr\u00f3: frenar la impunidad en la que permanece la empresa del segundo hombre m\u00e1s rico de M\u00e9xico y traer&nbsp;justicia para el R\u00edo Sonora\u00bb.<\/p>\n\n\n\n<p class=\"wp-block-paragraph\">Comit\u00e9s de Cuenca R\u00edo Sonora es un movimiento social de personas afectadas por el derrame de soluci\u00f3n de cobre acidulada proveniente de la mina Buenavista del Cobre de Grupo M\u00e9xico en 2014.<\/p>\n\n\n\n<p class=\"wp-block-paragraph\">Est\u00e1 conformado por habitantes de los municipios de Arizpe, Ban\u00e1michi, Huepac, San Felipe de Jes\u00fas, Aconchi, Bavi\u00e1cora, Ures y Hermosillo rural<\/p>\n","protected":false},"excerpt":{"rendered":"<p>Alejandro Matty Ortega\/Irreverente Noticias Integrantes de los Comit\u00e9s de Cuenca piden a la presidenta electa, Claudia Sheinbaum, frenar 10 a\u00f1os de impunidad y justicia a los habitantes del R\u00edo Sonora. A trav\u00e9s de un posicionamiento, los afectados por el derrame t\u00f3xico de la mina \u00abBuenavista del Cobre\u00bb el 2014 exponen que el d\u00eda 11 de&#8230;<\/p>\n","protected":false},"author":2,"featured_media":60615,"comment_status":"closed","ping_status":"closed","sticky":false,"template":"","format":"standard","meta":{"_crdt_document":"","_exactmetrics_skip_tracking":false,"_exactmetrics_sitenote_active":false,"_exactmetrics_sitenote_note":"","_exactmetrics_sitenote_category":0,"footnotes":""},"categories":[37,23,19,31,1,27,69],"tags":[71,79,72,74,76,28,29,30],"class_list":["post-60614","post","type-post","status-publish","format-standard","has-post-thumbnail","hentry","category-medio-ambiente","category-mexico","category-opinion","category-politica","category-seguridad","category-sonora","category-ultimas-noticias","tag-alfonso-durazo","tag-andres-manuel-lopez-obrador","tag-claudia-sheinbaum","tag-hermosillo","tag-medio-ambiente","tag-nogales","tag-nogales-la-gran-frontera","tag-sonora-tierra-de-oportunidades"],"_links":{"self":[{"href":"https:\/\/elpajaritonews.com\/index.php?rest_route=\/wp\/v2\/posts\/60614","targetHints":{"allow":["GET"]}}],"collection":[{"href":"https:\/\/elpajaritonews.com\/index.php?rest_route=\/wp\/v2\/posts"}],"about":[{"href":"https:\/\/elpajaritonews.com\/index.php?rest_route=\/wp\/v2\/types\/post"}],"author":[{"embeddable":true,"href":"https:\/\/elpajaritonews.com\/index.php?rest_route=\/wp\/v2\/users\/2"}],"replies":[{"embeddable":true,"href":"https:\/\/elpajaritonews.com\/index.php?rest_route=%2Fwp%2Fv2%2Fcomments&post=60614"}],"version-history":[{"count":1,"href":"https:\/\/elpajaritonews.com\/index.php?rest_route=\/wp\/v2\/posts\/60614\/revisions"}],"predecessor-version":[{"id":60616,"href":"https:\/\/elpajaritonews.com\/index.php?rest_route=\/wp\/v2\/posts\/60614\/revisions\/60616"}],"wp:featuredmedia":[{"embeddable":true,"href":"https:\/\/elpajaritonews.com\/index.php?rest_route=\/wp\/v2\/media\/60615"}],"wp:attachment":[{"href":"https:\/\/elpajaritonews.com\/index.php?rest_route=%2Fwp%2Fv2%2Fmedia&parent=60614"}],"wp:term":[{"taxonomy":"category","embeddable":true,"href":"https:\/\/elpajaritonews.com\/index.php?rest_route=%2Fwp%2Fv2%2Fcategories&post=60614"},{"taxonomy":"post_tag","embeddable":true,"href":"https:\/\/elpajaritonews.com\/index.php?rest_route=%2Fwp%2Fv2%2Ftags&post=60614"}],"curies":[{"name":"wp","href":"https:\/\/api.w.org\/{rel}","templated":true}]}}