{"id":60624,"date":"2024-07-08T20:20:51","date_gmt":"2024-07-08T20:20:51","guid":{"rendered":"https:\/\/elpajaritonews.com\/?p=60624"},"modified":"2024-07-08T20:20:53","modified_gmt":"2024-07-08T20:20:53","slug":"proxima-semana-sheinbaum-presentara-plan-de-infraestructura-para-trenes-de-pasajeros","status":"publish","type":"post","link":"https:\/\/elpajaritonews.com\/?p=60624","title":{"rendered":"PR\u00d3XIMA SEMANA SHEINBAUM PRESENTAR\u00c1 PLAN DE INFRAESTRUCTURA PARA TRENES DE PASAJEROS"},"content":{"rendered":"\n<p class=\"wp-block-paragraph\">La pr\u00f3xima semana se presentar\u00e1 el plan de infraestructura sobre trenes de pasajeros. Durante el pr\u00f3ximo sexenio se agregar\u00e1n 3 mil kil\u00f3metros a la red que empez\u00f3 a construirse en el actual gobierno, inform\u00f3 la virtual presidenta, Claudia Sheinbaum.<\/p>\n\n\n\n<p class=\"wp-block-paragraph\">Sobre la renovaci\u00f3n del Poder Judicial, plante\u00f3 su acuerdo con preservar la carrera judicial, sin que eso implique la permanencia de los actuales jueces y magistrados. Se debe buscar la forma de garantizar la renovaci\u00f3n de los tribunales.<\/p>\n\n\n\n<p class=\"wp-block-paragraph\">En conferencia en su casa de transici\u00f3n Sheinbaum tambi\u00e9n coment\u00f3 que este jueves dar\u00e1 a conocer a otros integrantes de su gabinete, a los secretarios de Turismo, Cultura, del Trabajo y Previsi\u00f3n Social, as\u00ed como al coordinador del gabinete o jefe de oficina de la presidencia. Los siguientes jueves continuar\u00e1n los anuncios del resto del equipo de gobierno. Solo los titulares de las Secretar\u00edas de la Defensa Nacional y de Marina, se dar\u00e1n a conocer hasta finales de septiembre.<\/p>\n\n\n\n<p class=\"wp-block-paragraph\">Sobre los proyectos para la construcci\u00f3n de trenes de pasajeros, indic\u00f3 que ya se tiene programada una ruta a Nuevo Laredo y hay una m\u00e1s, cuyo dise\u00f1o est\u00e1 en proceso de elaboraci\u00f3n.<\/p>\n\n\n\n<p class=\"wp-block-paragraph\">Coment\u00f3 que como se ha hecho en el gobierno del presidente Andr\u00e9s Manuel L\u00f3pez Obrador, las obras estar\u00e1n a cargo de ingenieros militares y empresas privadas.<\/p>\n\n\n\n<p class=\"wp-block-paragraph\">De hecho, este mismo a\u00f1o se realizar\u00e1 la licitaci\u00f3n p\u00fablica, con la finalidad de que los trabajos inicien en 2025.<\/p>\n\n\n\n<p class=\"wp-block-paragraph\">Al terminar la conferencia ya esperaban a Sheinbaum los pr\u00f3ximos titulares de la Secretar\u00eda de Seguridad, Omar Garc\u00eda Harfuch, y de Gobernaci\u00f3n, Rosa Icela Rodr\u00edguez.<\/p>\n\n\n\n<figure class=\"wp-block-embed is-type-video is-provider-youtube wp-block-embed-youtube wp-embed-aspect-16-9 wp-has-aspect-ratio\"><div class=\"wp-block-embed__wrapper\">\n<iframe loading=\"lazy\" title=\"Conferencia de prensa 08\/07\/2024\" width=\"640\" height=\"360\" src=\"https:\/\/www.youtube.com\/embed\/ErI8FtYqKKg?start=806&#038;feature=oembed\" frameborder=\"0\" allow=\"accelerometer; autoplay; clipboard-write; encrypted-media; gyroscope; picture-in-picture; web-share\" referrerpolicy=\"strict-origin-when-cross-origin\" allowfullscreen><\/iframe>\n<\/div><\/figure>\n","protected":false},"excerpt":{"rendered":"<p>La pr\u00f3xima semana se presentar\u00e1 el plan de infraestructura sobre trenes de pasajeros. Durante el pr\u00f3ximo sexenio se agregar\u00e1n 3 mil kil\u00f3metros a la red que empez\u00f3 a construirse en el actual gobierno, inform\u00f3 la virtual presidenta, Claudia Sheinbaum. Sobre la renovaci\u00f3n del Poder Judicial, plante\u00f3 su acuerdo con preservar la carrera judicial, sin que&#8230;<\/p>\n","protected":false},"author":2,"featured_media":60625,"comment_status":"closed","ping_status":"closed","sticky":false,"template":"","format":"standard","meta":{"_crdt_document":"","_exactmetrics_skip_tracking":false,"_exactmetrics_sitenote_active":false,"_exactmetrics_sitenote_note":"","_exactmetrics_sitenote_category":0,"footnotes":""},"categories":[33,23,31,27,65],"tags":[79,72,73,74,76,28,29,75,30],"class_list":["post-60624","post","type-post","status-publish","format-standard","has-post-thumbnail","hentry","category-educacion","category-mexico","category-politica","category-sonora","category-videos","tag-andres-manuel-lopez-obrador","tag-claudia-sheinbaum","tag-congreso-del-estado-de-sonora","tag-hermosillo","tag-medio-ambiente","tag-nogales","tag-nogales-la-gran-frontera","tag-seguridad-publica","tag-sonora-tierra-de-oportunidades"],"_links":{"self":[{"href":"https:\/\/elpajaritonews.com\/index.php?rest_route=\/wp\/v2\/posts\/60624","targetHints":{"allow":["GET"]}}],"collection":[{"href":"https:\/\/elpajaritonews.com\/index.php?rest_route=\/wp\/v2\/posts"}],"about":[{"href":"https:\/\/elpajaritonews.com\/index.php?rest_route=\/wp\/v2\/types\/post"}],"author":[{"embeddable":true,"href":"https:\/\/elpajaritonews.com\/index.php?rest_route=\/wp\/v2\/users\/2"}],"replies":[{"embeddable":true,"href":"https:\/\/elpajaritonews.com\/index.php?rest_route=%2Fwp%2Fv2%2Fcomments&post=60624"}],"version-history":[{"count":1,"href":"https:\/\/elpajaritonews.com\/index.php?rest_route=\/wp\/v2\/posts\/60624\/revisions"}],"predecessor-version":[{"id":60626,"href":"https:\/\/elpajaritonews.com\/index.php?rest_route=\/wp\/v2\/posts\/60624\/revisions\/60626"}],"wp:featuredmedia":[{"embeddable":true,"href":"https:\/\/elpajaritonews.com\/index.php?rest_route=\/wp\/v2\/media\/60625"}],"wp:attachment":[{"href":"https:\/\/elpajaritonews.com\/index.php?rest_route=%2Fwp%2Fv2%2Fmedia&parent=60624"}],"wp:term":[{"taxonomy":"category","embeddable":true,"href":"https:\/\/elpajaritonews.com\/index.php?rest_route=%2Fwp%2Fv2%2Fcategories&post=60624"},{"taxonomy":"post_tag","embeddable":true,"href":"https:\/\/elpajaritonews.com\/index.php?rest_route=%2Fwp%2Fv2%2Ftags&post=60624"}],"curies":[{"name":"wp","href":"https:\/\/api.w.org\/{rel}","templated":true}]}}