{"id":60640,"date":"2024-07-09T19:54:09","date_gmt":"2024-07-09T19:54:09","guid":{"rendered":"https:\/\/elpajaritonews.com\/?p=60640"},"modified":"2024-07-09T19:54:10","modified_gmt":"2024-07-09T19:54:10","slug":"descarta-amlo-reunirse-con-ministra-pina-no-tengo-nada-que-ver","status":"publish","type":"post","link":"https:\/\/elpajaritonews.com\/?p=60640","title":{"rendered":"DESCARTA AMLO REUNIRSE CON MINISTRA PI\u00d1A: \u00abNO TENGO NADA QU\u00c9 VER\u00bb"},"content":{"rendered":"\n<p class=\"wp-block-paragraph\">Al descartar una posible reuni\u00f3n con la presidenta de la Suprema Corte de Justicia de la Naci\u00f3n, Norma Pi\u00f1a -como ella lo pidi\u00f3 la v\u00edspera \u2013 el Jefe del Ejecutivo, Andr\u00e9s Manuel L\u00f3pez Obrador sostuvo que \u201cyo no tengo nada qu\u00e9 ver en esto, ya entregue mi iniciativa de acuerdo a mis facultades y estoy convencido que hace falta una reforma al Poder Judicial\u201d. Sin embargo, destac\u00f3 la importancia que tiene el que desde esa instancia se reconozca la necesidad de una reforma al Poder Judicial.<\/p>\n\n\n\n<p class=\"wp-block-paragraph\">Al mismo tiempo, reconoci\u00f3 la importancia de establecer el di\u00e1logo como lo plante\u00f3 Pi\u00f1a pero sugiri\u00f3 que podr\u00eda ser con la secretar\u00eda de Gobernaci\u00f3n, Luisa Mar\u00eda Alcalde quien podr\u00eda reunirse con los ministros de la SCJN. Adem\u00e1s tambi\u00e9n es facultad del Congreso dialogar con los actores en torno a la reforma. \u201cTengo entendido que el Conteso ya abri\u00f3 un di\u00e1logo\u201d.<\/p>\n\n\n\n<p class=\"wp-block-paragraph\">L\u00f3pez Obrador sostuvo que \u201ctodo eso lo va a analizar el Congreso. Es funci\u00f3n del poder legislativo pero tambi\u00e9n debe de haber di\u00e1logo. Tenemos visiones distintas. Sostengo que cuando los abogados egresan de las facultades, de las escuelas de derecho, vienen con mucha ilusi\u00f3n de aplicar la ley sin distingos. No est\u00e1n maleados. Y esto es una renovaci\u00f3n. Adem\u00e1s estudian derecho y al ser juez, magistrado o ministro, adem\u00e1s de la profesi\u00f3n de abogado es la honestidad, ser incorruptible y tener el deseo ferviente de impartir justicia\u201d.<\/p>\n\n\n\n<p class=\"wp-block-paragraph\">Sin embargo, detall\u00f3 un conjunto de cuestionamientos al desempe\u00f1o de la SCJN que explican porque no se reunir\u00e1 con Pi\u00f1a, entre ellas, la molestia que le provoca a \u00e9l que durante mucho tiempo se ha venido protegiendo a jueces y se le daba libertada gente que deber\u00eda estar presa. Se protege todav\u00eda a integrantes de la delincuencia organizada o personas que participan en la delincuencia de cuello blanco.<\/p>\n\n\n\n<p class=\"wp-block-paragraph\">\u201cCon todo respeto, le dir\u00eda a la presidenta, \u00bfpor qu\u00e9 no resuelven lo del pago de impuestos de los grandes empresarios o banqueros? \u00bfPor qu\u00e9 se tardan tanto en resolver? Lo que debe ser de r\u00e1pida decisi\u00f3n, porque existen tesis, hay jurisprudencia, est\u00e1 todo por qu\u00e9 tardan tanto, \u00bfporque las t\u00e1cticas dilatorias? Que revisen los casos que tienen. O lo otro, \u00bfpor qu\u00e9 no dan un informe de cuantos procesados hay sin sentencia desde hace a\u00f1os?<\/p>\n\n\n\n<p class=\"wp-block-paragraph\">\u201cQue nos explique \u00bfpor qu\u00e9 deciden ganar m\u00e1s que el presidente si la Constituci\u00f3n establece lo contrario?&nbsp; o \u00bfpor qu\u00e9 tienen fideicomisos para tener atenciones y privilegios como si fuese una burocracia dorada?. Y muchas otras cosas. No es nada personal , es que hay que limpiar al pa\u00eds si no, no avanzamos. Hay que pensar en las nuevas generaciones y ya se acab\u00f3 la m\u00e1xima de que no se pod\u00eda tocar al intocable\u201d.<\/p>\n\n\n\n<p class=\"wp-block-paragraph\">L\u00f3pez Obrador se\u00f1al\u00f3 que la reticencia a admitir la elecci\u00f3n de jueces magistrados o ministros es una nueva falta de respeto al pueblo, porque se mantiene la l\u00f3gica de que el pueblo es tonto. No aprendieron la lecci\u00f3n de la elecci\u00f3n, cuando creyeron que el pueblo es manipulable.<\/p>\n\n\n\n<p class=\"wp-block-paragraph\">\u201cNinguneaban al pueblo, pensaban que era manipulable. O los medios de informaci\u00f3n controlados, los conductores famosos que pontifican, editorializaban, no informaban nada y lo peor, manipulaban, con eso la iban a librar. Pues para que vayan aprendiendo a respetar al pueblo. Para eso fue esa lecci\u00f3n de hace mes y medio. La lecci\u00f3n de la elecci\u00f3n. No menosprecies al pueblo de M\u00e9xico, respeta al pueblo, no creas tonto al pueblo. Nada m\u00e1s. Es un est\u00e1te quieto, un tenga para que aprenda\u201d<\/p>\n\n\n\n<p class=\"wp-block-paragraph\">Insisti\u00f3 en que en M\u00e9xico hay un pueblo muy politizado que sabe bien qu\u00e9 es lo que le conviene y lo que no le conviene. \u201cY si quieren pruebas de que el pueblo es mucha pieza nada m\u00e1s no olviden lo que pas\u00f3 hace 45 d\u00edas, no lo olviden.<\/p>\n","protected":false},"excerpt":{"rendered":"<p>Al descartar una posible reuni\u00f3n con la presidenta de la Suprema Corte de Justicia de la Naci\u00f3n, Norma Pi\u00f1a -como ella lo pidi\u00f3 la v\u00edspera \u2013 el Jefe del Ejecutivo, Andr\u00e9s Manuel L\u00f3pez Obrador sostuvo que \u201cyo no tengo nada qu\u00e9 ver en esto, ya entregue mi iniciativa de acuerdo a mis facultades y estoy&#8230;<\/p>\n","protected":false},"author":2,"featured_media":60641,"comment_status":"closed","ping_status":"closed","sticky":false,"template":"","format":"standard","meta":{"_crdt_document":"","_exactmetrics_skip_tracking":false,"_exactmetrics_sitenote_active":false,"_exactmetrics_sitenote_note":"","_exactmetrics_sitenote_category":0,"footnotes":""},"categories":[23,31,69],"tags":[71,79,72,76],"class_list":["post-60640","post","type-post","status-publish","format-standard","has-post-thumbnail","hentry","category-mexico","category-politica","category-ultimas-noticias","tag-alfonso-durazo","tag-andres-manuel-lopez-obrador","tag-claudia-sheinbaum","tag-medio-ambiente"],"_links":{"self":[{"href":"https:\/\/elpajaritonews.com\/index.php?rest_route=\/wp\/v2\/posts\/60640","targetHints":{"allow":["GET"]}}],"collection":[{"href":"https:\/\/elpajaritonews.com\/index.php?rest_route=\/wp\/v2\/posts"}],"about":[{"href":"https:\/\/elpajaritonews.com\/index.php?rest_route=\/wp\/v2\/types\/post"}],"author":[{"embeddable":true,"href":"https:\/\/elpajaritonews.com\/index.php?rest_route=\/wp\/v2\/users\/2"}],"replies":[{"embeddable":true,"href":"https:\/\/elpajaritonews.com\/index.php?rest_route=%2Fwp%2Fv2%2Fcomments&post=60640"}],"version-history":[{"count":1,"href":"https:\/\/elpajaritonews.com\/index.php?rest_route=\/wp\/v2\/posts\/60640\/revisions"}],"predecessor-version":[{"id":60642,"href":"https:\/\/elpajaritonews.com\/index.php?rest_route=\/wp\/v2\/posts\/60640\/revisions\/60642"}],"wp:featuredmedia":[{"embeddable":true,"href":"https:\/\/elpajaritonews.com\/index.php?rest_route=\/wp\/v2\/media\/60641"}],"wp:attachment":[{"href":"https:\/\/elpajaritonews.com\/index.php?rest_route=%2Fwp%2Fv2%2Fmedia&parent=60640"}],"wp:term":[{"taxonomy":"category","embeddable":true,"href":"https:\/\/elpajaritonews.com\/index.php?rest_route=%2Fwp%2Fv2%2Fcategories&post=60640"},{"taxonomy":"post_tag","embeddable":true,"href":"https:\/\/elpajaritonews.com\/index.php?rest_route=%2Fwp%2Fv2%2Ftags&post=60640"}],"curies":[{"name":"wp","href":"https:\/\/api.w.org\/{rel}","templated":true}]}}