{"id":60643,"date":"2024-07-09T20:53:47","date_gmt":"2024-07-09T20:53:47","guid":{"rendered":"https:\/\/elpajaritonews.com\/?p=60643"},"modified":"2024-07-09T20:53:48","modified_gmt":"2024-07-09T20:53:48","slug":"hermosillo-tendra-la-primera-parada-de-transporte-urbano-con-aire-acondicionado","status":"publish","type":"post","link":"https:\/\/elpajaritonews.com\/?p=60643","title":{"rendered":"HERMOSILLO TENDR\u00c1 LA PRIMERA PARADA DE TRANSPORTE URBANO CON AIRE ACONDICIONADO"},"content":{"rendered":"\n<p class=\"wp-block-paragraph\">&nbsp;\u201cEl proyecto prototipo de paradas de autobuses con aire acondicionado es el primero en su tipo a nivel latinoamericano, nacional y local\u201d, asegur\u00f3 Antonio Astiazar\u00e1n Guti\u00e9rrez, Alcalde de Hermosillo.<\/p>\n\n\n\n<p class=\"wp-block-paragraph\">El Alcalde manifest\u00f3 que en los pr\u00f3ximos d\u00edas se dar\u00e1n a conocer los detalles de la inversi\u00f3n y si habr\u00e1 m\u00e1s infraestructura de este tipo en la ciudad.<\/p>\n\n\n\n<p class=\"wp-block-paragraph\">\u201cEsto es lo que vengo a platicar aqu\u00ed en el Gobierno del Estado para hacer sinergia. Espero pronto tenerles noticias, espero no adelantarme\u201d, coment\u00f3.<\/p>\n\n\n\n<figure class=\"wp-block-embed is-type-rich is-provider-twitter wp-block-embed-twitter\"><div class=\"wp-block-embed__wrapper\">\n<blockquote class=\"twitter-tweet\" data-width=\"550\" data-dnt=\"true\"><p lang=\"es\" dir=\"ltr\"><a href=\"https:\/\/twitter.com\/hashtag\/Hermosillo?src=hash&amp;ref_src=twsrc%5Etfw\">#Hermosillo<\/a> tendr\u00e1 la primera parada de transporte urbano con aire acondicionado a nivel Latinoam\u00e9rica, se\u00f1ala Antonio Astiazar\u00e1n Guti\u00e9rrez.<br><br>Plantear\u00e1 al gobernador Alfonso Durazo colocar m\u00e1s paradas as\u00ed en la ciudad. <a href=\"https:\/\/t.co\/WOyfcWA3uY\">pic.twitter.com\/WOyfcWA3uY<\/a><\/p>&mdash; EL IMPARCIAL (@elimparcialcom) <a href=\"https:\/\/twitter.com\/elimparcialcom\/status\/1810727025910632947?ref_src=twsrc%5Etfw\">July 9, 2024<\/a><\/blockquote><script async src=\"https:\/\/platform.twitter.com\/widgets.js\" charset=\"utf-8\"><\/script>\n<\/div><\/figure>\n\n\n\n<p class=\"wp-block-paragraph\">Aunque no precis\u00f3 cu\u00e1ntas paradas de cami\u00f3n m\u00e1s podr\u00edan construirse, hay intenci\u00f3n de hacer crecer el proyecto.<\/p>\n\n\n\n<p class=\"wp-block-paragraph\">No existe esto ni en el pa\u00eds ni en Latinoam\u00e9rica; en Arabia Saudita s\u00ed hay. Aqu\u00ed tenemos m\u00e1s sol, as\u00ed que hay que aprovecharlo\u201d, expres\u00f3.<\/p>\n\n\n\n<p class=\"wp-block-paragraph\">Astiazar\u00e1n Guti\u00e9rrez reiter\u00f3 que en los pr\u00f3ximos d\u00edas se dar\u00e1 a conocer m\u00e1s informaci\u00f3n al respecto.<\/p>\n","protected":false},"excerpt":{"rendered":"<p>&nbsp;\u201cEl proyecto prototipo de paradas de autobuses con aire acondicionado es el primero en su tipo a nivel latinoamericano, nacional y local\u201d, asegur\u00f3 Antonio Astiazar\u00e1n Guti\u00e9rrez, Alcalde de Hermosillo. El Alcalde manifest\u00f3 que en los pr\u00f3ximos d\u00edas se dar\u00e1n a conocer los detalles de la inversi\u00f3n y si habr\u00e1 m\u00e1s infraestructura de este tipo en&#8230;<\/p>\n","protected":false},"author":2,"featured_media":60644,"comment_status":"closed","ping_status":"closed","sticky":false,"template":"","format":"standard","meta":{"_crdt_document":"","_exactmetrics_skip_tracking":false,"_exactmetrics_sitenote_active":false,"_exactmetrics_sitenote_note":"","_exactmetrics_sitenote_category":0,"footnotes":""},"categories":[26,37,31,1,27],"tags":[74,76],"class_list":["post-60643","post","type-post","status-publish","format-standard","has-post-thumbnail","hentry","category-local","category-medio-ambiente","category-politica","category-seguridad","category-sonora","tag-hermosillo","tag-medio-ambiente"],"_links":{"self":[{"href":"https:\/\/elpajaritonews.com\/index.php?rest_route=\/wp\/v2\/posts\/60643","targetHints":{"allow":["GET"]}}],"collection":[{"href":"https:\/\/elpajaritonews.com\/index.php?rest_route=\/wp\/v2\/posts"}],"about":[{"href":"https:\/\/elpajaritonews.com\/index.php?rest_route=\/wp\/v2\/types\/post"}],"author":[{"embeddable":true,"href":"https:\/\/elpajaritonews.com\/index.php?rest_route=\/wp\/v2\/users\/2"}],"replies":[{"embeddable":true,"href":"https:\/\/elpajaritonews.com\/index.php?rest_route=%2Fwp%2Fv2%2Fcomments&post=60643"}],"version-history":[{"count":1,"href":"https:\/\/elpajaritonews.com\/index.php?rest_route=\/wp\/v2\/posts\/60643\/revisions"}],"predecessor-version":[{"id":60645,"href":"https:\/\/elpajaritonews.com\/index.php?rest_route=\/wp\/v2\/posts\/60643\/revisions\/60645"}],"wp:featuredmedia":[{"embeddable":true,"href":"https:\/\/elpajaritonews.com\/index.php?rest_route=\/wp\/v2\/media\/60644"}],"wp:attachment":[{"href":"https:\/\/elpajaritonews.com\/index.php?rest_route=%2Fwp%2Fv2%2Fmedia&parent=60643"}],"wp:term":[{"taxonomy":"category","embeddable":true,"href":"https:\/\/elpajaritonews.com\/index.php?rest_route=%2Fwp%2Fv2%2Fcategories&post=60643"},{"taxonomy":"post_tag","embeddable":true,"href":"https:\/\/elpajaritonews.com\/index.php?rest_route=%2Fwp%2Fv2%2Ftags&post=60643"}],"curies":[{"name":"wp","href":"https:\/\/api.w.org\/{rel}","templated":true}]}}