{"id":60657,"date":"2024-07-10T16:30:58","date_gmt":"2024-07-10T16:30:58","guid":{"rendered":"https:\/\/elpajaritonews.com\/?p=60657"},"modified":"2024-07-10T16:31:00","modified_gmt":"2024-07-10T16:31:00","slug":"inician-los-trabajos-de-construccion-del-nuevo-edificio-de-conalep-cananea","status":"publish","type":"post","link":"https:\/\/elpajaritonews.com\/?p=60657","title":{"rendered":"INICIAN LOS TRABAJOS DE CONSTRUCCI\u00d3N DEL NUEVO EDIFICIO DE CONALEP CANANEA"},"content":{"rendered":"\n<p class=\"wp-block-paragraph\">Con una inversi\u00f3n superior a los 8 millones de pesos y con la donaci\u00f3n del terreno donde se inici\u00f3 la primera etapa del proceso de construcci\u00f3n de un edificio escolar, el Colegio de Educaci\u00f3n Profesional T\u00e9cnica del Estado de Sonora (Conalep), inici\u00f3 los trabajos de construcci\u00f3n de la extensi\u00f3n Cananea.<\/p>\n\n\n\n<figure class=\"wp-block-image size-large\"><img loading=\"lazy\" decoding=\"async\" width=\"1024\" height=\"576\" src=\"https:\/\/elpajaritonews.com\/wp-content\/uploads\/2024\/07\/467331b2-2bb9-4dc0-b92c-9f5d5d868622-1024x576.jpg\" alt=\"\" class=\"wp-image-60659\" srcset=\"https:\/\/elpajaritonews.com\/wp-content\/uploads\/2024\/07\/467331b2-2bb9-4dc0-b92c-9f5d5d868622-1024x576.jpg 1024w, https:\/\/elpajaritonews.com\/wp-content\/uploads\/2024\/07\/467331b2-2bb9-4dc0-b92c-9f5d5d868622-300x169.jpg 300w, https:\/\/elpajaritonews.com\/wp-content\/uploads\/2024\/07\/467331b2-2bb9-4dc0-b92c-9f5d5d868622-768x432.jpg 768w, https:\/\/elpajaritonews.com\/wp-content\/uploads\/2024\/07\/467331b2-2bb9-4dc0-b92c-9f5d5d868622-1536x864.jpg 1536w, https:\/\/elpajaritonews.com\/wp-content\/uploads\/2024\/07\/467331b2-2bb9-4dc0-b92c-9f5d5d868622.jpg 1600w\" sizes=\"auto, (max-width: 1024px) 100vw, 1024px\" \/><\/figure>\n\n\n\n<p class=\"wp-block-paragraph\">Luisa Cristina Rodr\u00edguez Ibarra, directora general de Conalep Sonora, detall\u00f3 que el edificio contar\u00e1 con aulas, \u00e1reas administrativas, talleres, laboratorios y sanitarios dignos, para brindar un servicio de calidad a los j\u00f3venes de la regi\u00f3n, ampliando as\u00ed la oferta educativa de nivel medio superior en dicho municipio.<\/p>\n\n\n\n<p class=\"wp-block-paragraph\">La funcionaria estatal refrend\u00f3 el compromiso del gobernador Alfonso Durazo, por beneficiar a los estudiantes con un presupuesto hist\u00f3rico en educaci\u00f3n y as\u00ed contar con una rehabilitaci\u00f3n en infraestructura.<\/p>\n\n\n\n<p class=\"wp-block-paragraph\">\u201cSe estar\u00e1 dotando a los j\u00f3venes cananenses de una opci\u00f3n educativa de calidad para consolidar el proyecto, que inici\u00f3 en 2014 como una extensi\u00f3n acad\u00e9mica, y que finalmente se concretar\u00e1 este a\u00f1o\u201d, manifest\u00f3.<\/p>\n\n\n\n<p class=\"wp-block-paragraph\">Rodr\u00edguez Ibarra detall\u00f3 que, actualmente, son 201 los alumnos de dicha extensi\u00f3n del subsistema que reciben sus clases en aulas provisionales que han sido utilizadas durante varios a\u00f1os en diferentes edificios del municipio.<\/p>\n\n\n\n<p class=\"wp-block-paragraph\">Con la construcci\u00f3n del inmueble, puntualiz\u00f3, se atender\u00e1 la demanda educativa del nivel medio superior que existe en Cananea, y que ofrece la carrera de Profesional T\u00e9cnico Bachiller en Electromec\u00e1nica Industrial de la cual han egresado ocho generaciones de estudiantes.<\/p>\n","protected":false},"excerpt":{"rendered":"<p>Con una inversi\u00f3n superior a los 8 millones de pesos y con la donaci\u00f3n del terreno donde se inici\u00f3 la primera etapa del proceso de construcci\u00f3n de un edificio escolar, el Colegio de Educaci\u00f3n Profesional T\u00e9cnica del Estado de Sonora (Conalep), inici\u00f3 los trabajos de construcci\u00f3n de la extensi\u00f3n Cananea. Luisa Cristina Rodr\u00edguez Ibarra, directora&#8230;<\/p>\n","protected":false},"author":2,"featured_media":60658,"comment_status":"closed","ping_status":"closed","sticky":false,"template":"","format":"standard","meta":{"_crdt_document":"","_exactmetrics_skip_tracking":false,"_exactmetrics_sitenote_active":false,"_exactmetrics_sitenote_note":"","_exactmetrics_sitenote_category":0,"footnotes":""},"categories":[33,31,27,69],"tags":[71,79,72,73,74,76,28,29,30],"class_list":["post-60657","post","type-post","status-publish","format-standard","has-post-thumbnail","hentry","category-educacion","category-politica","category-sonora","category-ultimas-noticias","tag-alfonso-durazo","tag-andres-manuel-lopez-obrador","tag-claudia-sheinbaum","tag-congreso-del-estado-de-sonora","tag-hermosillo","tag-medio-ambiente","tag-nogales","tag-nogales-la-gran-frontera","tag-sonora-tierra-de-oportunidades"],"_links":{"self":[{"href":"https:\/\/elpajaritonews.com\/index.php?rest_route=\/wp\/v2\/posts\/60657","targetHints":{"allow":["GET"]}}],"collection":[{"href":"https:\/\/elpajaritonews.com\/index.php?rest_route=\/wp\/v2\/posts"}],"about":[{"href":"https:\/\/elpajaritonews.com\/index.php?rest_route=\/wp\/v2\/types\/post"}],"author":[{"embeddable":true,"href":"https:\/\/elpajaritonews.com\/index.php?rest_route=\/wp\/v2\/users\/2"}],"replies":[{"embeddable":true,"href":"https:\/\/elpajaritonews.com\/index.php?rest_route=%2Fwp%2Fv2%2Fcomments&post=60657"}],"version-history":[{"count":1,"href":"https:\/\/elpajaritonews.com\/index.php?rest_route=\/wp\/v2\/posts\/60657\/revisions"}],"predecessor-version":[{"id":60660,"href":"https:\/\/elpajaritonews.com\/index.php?rest_route=\/wp\/v2\/posts\/60657\/revisions\/60660"}],"wp:featuredmedia":[{"embeddable":true,"href":"https:\/\/elpajaritonews.com\/index.php?rest_route=\/wp\/v2\/media\/60658"}],"wp:attachment":[{"href":"https:\/\/elpajaritonews.com\/index.php?rest_route=%2Fwp%2Fv2%2Fmedia&parent=60657"}],"wp:term":[{"taxonomy":"category","embeddable":true,"href":"https:\/\/elpajaritonews.com\/index.php?rest_route=%2Fwp%2Fv2%2Fcategories&post=60657"},{"taxonomy":"post_tag","embeddable":true,"href":"https:\/\/elpajaritonews.com\/index.php?rest_route=%2Fwp%2Fv2%2Ftags&post=60657"}],"curies":[{"name":"wp","href":"https:\/\/api.w.org\/{rel}","templated":true}]}}