{"id":60711,"date":"2024-07-11T17:48:13","date_gmt":"2024-07-12T00:48:13","guid":{"rendered":"https:\/\/elpajaritonews.com\/?p=60711"},"modified":"2024-07-11T17:48:15","modified_gmt":"2024-07-12T00:48:15","slug":"construccion-de-planta-de-licuefaccion-de-gas-en-guaymas-atraera-inversion-de-mas-de-6-mil-millones-de-dolares-a-la-entidad-alfonso-durazo","status":"publish","type":"post","link":"https:\/\/elpajaritonews.com\/?p=60711","title":{"rendered":"CONSTRUCCI\u00d3N DE PLANTA DE LICUEFACCI\u00d3N DE GAS EN GUAYMAS ATRAER\u00c1 INVERSI\u00d3N DE M\u00c1S DE 6 MIL MILLONES DE D\u00d3LARES A LA ENTIDAD: ALFONSO DURAZO"},"content":{"rendered":"\n<p class=\"wp-block-paragraph\">El inicio de la construcci\u00f3n de una planta de licuefacci\u00f3n de gas en Guaymas, dar\u00e1 seguimiento a los proyectos de inversi\u00f3n para el estado en materia de sustentabilidad que contempla el Plan Sonora de Energ\u00edas Sostenibles, en beneficio del desarrollo econ\u00f3mico de la entidad, se\u00f1al\u00f3 el gobernador Alfonso Durazo Monta\u00f1o.<\/p>\n\n\n\n<figure class=\"wp-block-image size-large\"><img loading=\"lazy\" decoding=\"async\" width=\"1024\" height=\"682\" src=\"https:\/\/elpajaritonews.com\/wp-content\/uploads\/2024\/07\/1c875426-0b84-4ec5-8cd1-f21502bbaaf8-1024x682.jpg\" alt=\"\" class=\"wp-image-60713\" srcset=\"https:\/\/elpajaritonews.com\/wp-content\/uploads\/2024\/07\/1c875426-0b84-4ec5-8cd1-f21502bbaaf8-1024x682.jpg 1024w, https:\/\/elpajaritonews.com\/wp-content\/uploads\/2024\/07\/1c875426-0b84-4ec5-8cd1-f21502bbaaf8-300x200.jpg 300w, https:\/\/elpajaritonews.com\/wp-content\/uploads\/2024\/07\/1c875426-0b84-4ec5-8cd1-f21502bbaaf8-768x512.jpg 768w, https:\/\/elpajaritonews.com\/wp-content\/uploads\/2024\/07\/1c875426-0b84-4ec5-8cd1-f21502bbaaf8-600x400.jpg 600w, https:\/\/elpajaritonews.com\/wp-content\/uploads\/2024\/07\/1c875426-0b84-4ec5-8cd1-f21502bbaaf8.jpg 1280w\" sizes=\"auto, (max-width: 1024px) 100vw, 1024px\" \/><\/figure>\n\n\n\n<p class=\"wp-block-paragraph\">El mandatario estatal anunci\u00f3 que ser\u00e1 en agosto pr\u00f3ximo cuando se coloque la primera piedra para dar el banderazo de inicio de la construcci\u00f3n de la planta de gas natural en Guaymas, con una inversi\u00f3n de alrededor de 6 mil 800 millones de d\u00f3lares en dos etapas de edificaci\u00f3n por parte de la empresa Amigo LNG, la cual contempla la producci\u00f3n de gas licuado que tiene su origen en Texas con destino a la India, Indonesia, Jap\u00f3n y Corea, lo que permitir\u00e1 el desarrollo del Puerto de Guaymas al ser el punto de salida hacia el Pac\u00edfico.<\/p>\n\n\n\n<p class=\"wp-block-paragraph\">\u201cUna empresa que se llama Amigo LNG que es la propietaria de esta planta que se va a construir en Guaymas, con una inversi\u00f3n de 6 mil 800 millones de d\u00f3lares en dos etapas, 3 mil 400 millones de d\u00f3lares la primera etapa, y una segunda etapa con una nueva inversi\u00f3n, un nuevo m\u00f3dulo de licuefacci\u00f3n que tiene un costo de 3 mil 400 millones de d\u00f3lares\u201d, coment\u00f3.<\/p>\n\n\n\n<figure class=\"wp-block-image size-large\"><img loading=\"lazy\" decoding=\"async\" width=\"1024\" height=\"576\" src=\"https:\/\/elpajaritonews.com\/wp-content\/uploads\/2024\/07\/7d37354f-e77d-4df9-b883-c253bef7a6d9-1024x576.jpg\" alt=\"\" class=\"wp-image-60714\" srcset=\"https:\/\/elpajaritonews.com\/wp-content\/uploads\/2024\/07\/7d37354f-e77d-4df9-b883-c253bef7a6d9-1024x576.jpg 1024w, https:\/\/elpajaritonews.com\/wp-content\/uploads\/2024\/07\/7d37354f-e77d-4df9-b883-c253bef7a6d9-300x169.jpg 300w, https:\/\/elpajaritonews.com\/wp-content\/uploads\/2024\/07\/7d37354f-e77d-4df9-b883-c253bef7a6d9-768x432.jpg 768w, https:\/\/elpajaritonews.com\/wp-content\/uploads\/2024\/07\/7d37354f-e77d-4df9-b883-c253bef7a6d9.jpg 1280w\" sizes=\"auto, (max-width: 1024px) 100vw, 1024px\" \/><\/figure>\n\n\n\n<p class=\"wp-block-paragraph\">El gobernador Durazo Monta\u00f1o detall\u00f3 que este tipo de inversiones convierten a Guaymas en un polo de desarrollo para el relanzamiento econ\u00f3mico de la entidad, colocando a Sonora como un referente mundial en materia de uso de energ\u00edas sustentables.<\/p>\n\n\n\n<p class=\"wp-block-paragraph\">Con las vertientes que conforman al Plan Sonora de Energ\u00edas Sostenibles y la llegada de nuevas inversiones se incrementa el intercambio comercial entre M\u00e9xico y Estados Unidos, donde el estado abona a la descarbonizaci\u00f3n de la econom\u00eda mundial.<\/p>\n","protected":false},"excerpt":{"rendered":"<p>El inicio de la construcci\u00f3n de una planta de licuefacci\u00f3n de gas en Guaymas, dar\u00e1 seguimiento a los proyectos de inversi\u00f3n para el estado en materia de sustentabilidad que contempla el Plan Sonora de Energ\u00edas Sostenibles, en beneficio del desarrollo econ\u00f3mico de la entidad, se\u00f1al\u00f3 el gobernador Alfonso Durazo Monta\u00f1o. El mandatario estatal anunci\u00f3 que&#8230;<\/p>\n","protected":false},"author":2,"featured_media":60712,"comment_status":"closed","ping_status":"closed","sticky":false,"template":"","format":"standard","meta":{"_crdt_document":"","_exactmetrics_skip_tracking":false,"_exactmetrics_sitenote_active":false,"_exactmetrics_sitenote_note":"","_exactmetrics_sitenote_category":0,"footnotes":""},"categories":[36,22,37,23,31,27,69],"tags":[71,79,72,73,74,76,28,29,75,30],"class_list":["post-60711","post","type-post","status-publish","format-standard","has-post-thumbnail","hentry","category-economia","category-escena","category-medio-ambiente","category-mexico","category-politica","category-sonora","category-ultimas-noticias","tag-alfonso-durazo","tag-andres-manuel-lopez-obrador","tag-claudia-sheinbaum","tag-congreso-del-estado-de-sonora","tag-hermosillo","tag-medio-ambiente","tag-nogales","tag-nogales-la-gran-frontera","tag-seguridad-publica","tag-sonora-tierra-de-oportunidades"],"_links":{"self":[{"href":"https:\/\/elpajaritonews.com\/index.php?rest_route=\/wp\/v2\/posts\/60711","targetHints":{"allow":["GET"]}}],"collection":[{"href":"https:\/\/elpajaritonews.com\/index.php?rest_route=\/wp\/v2\/posts"}],"about":[{"href":"https:\/\/elpajaritonews.com\/index.php?rest_route=\/wp\/v2\/types\/post"}],"author":[{"embeddable":true,"href":"https:\/\/elpajaritonews.com\/index.php?rest_route=\/wp\/v2\/users\/2"}],"replies":[{"embeddable":true,"href":"https:\/\/elpajaritonews.com\/index.php?rest_route=%2Fwp%2Fv2%2Fcomments&post=60711"}],"version-history":[{"count":1,"href":"https:\/\/elpajaritonews.com\/index.php?rest_route=\/wp\/v2\/posts\/60711\/revisions"}],"predecessor-version":[{"id":60715,"href":"https:\/\/elpajaritonews.com\/index.php?rest_route=\/wp\/v2\/posts\/60711\/revisions\/60715"}],"wp:featuredmedia":[{"embeddable":true,"href":"https:\/\/elpajaritonews.com\/index.php?rest_route=\/wp\/v2\/media\/60712"}],"wp:attachment":[{"href":"https:\/\/elpajaritonews.com\/index.php?rest_route=%2Fwp%2Fv2%2Fmedia&parent=60711"}],"wp:term":[{"taxonomy":"category","embeddable":true,"href":"https:\/\/elpajaritonews.com\/index.php?rest_route=%2Fwp%2Fv2%2Fcategories&post=60711"},{"taxonomy":"post_tag","embeddable":true,"href":"https:\/\/elpajaritonews.com\/index.php?rest_route=%2Fwp%2Fv2%2Ftags&post=60711"}],"curies":[{"name":"wp","href":"https:\/\/api.w.org\/{rel}","templated":true}]}}