{"id":60716,"date":"2024-07-11T21:15:52","date_gmt":"2024-07-12T04:15:52","guid":{"rendered":"https:\/\/elpajaritonews.com\/?p=60716"},"modified":"2024-07-11T21:15:54","modified_gmt":"2024-07-12T04:15:54","slug":"lo-que-no-pudo-unir-el-voto-popular-la-iniciativa-de-reforma-al-pj-lo-logra-en-nogales","status":"publish","type":"post","link":"https:\/\/elpajaritonews.com\/?p=60716","title":{"rendered":"LO QUE NO PUDO UNIR EL VOTO POPULAR, LA INICIATIVA DE REFORMA AL PJ LO LOGRA EN NOGALES"},"content":{"rendered":"\n<p class=\"wp-block-paragraph\">Todo un \u00c9xito la Asamblea Informativa Sobre la Iniciativa de Reforma al Poder Judicial&nbsp;<\/p>\n\n\n\n<p class=\"wp-block-paragraph\">Por Carlos Armando Briones Armenta<\/p>\n\n\n\n<figure class=\"wp-block-image size-large\"><img loading=\"lazy\" decoding=\"async\" width=\"1024\" height=\"576\" src=\"https:\/\/elpajaritonews.com\/wp-content\/uploads\/2024\/07\/6efa93dd-7dda-4934-9e3e-4c6fff37e0b6-1024x576.jpg\" alt=\"\" class=\"wp-image-60718\" srcset=\"https:\/\/elpajaritonews.com\/wp-content\/uploads\/2024\/07\/6efa93dd-7dda-4934-9e3e-4c6fff37e0b6-1024x576.jpg 1024w, https:\/\/elpajaritonews.com\/wp-content\/uploads\/2024\/07\/6efa93dd-7dda-4934-9e3e-4c6fff37e0b6-300x169.jpg 300w, https:\/\/elpajaritonews.com\/wp-content\/uploads\/2024\/07\/6efa93dd-7dda-4934-9e3e-4c6fff37e0b6-768x432.jpg 768w, https:\/\/elpajaritonews.com\/wp-content\/uploads\/2024\/07\/6efa93dd-7dda-4934-9e3e-4c6fff37e0b6-1536x864.jpg 1536w, https:\/\/elpajaritonews.com\/wp-content\/uploads\/2024\/07\/6efa93dd-7dda-4934-9e3e-4c6fff37e0b6.jpg 1599w\" sizes=\"auto, (max-width: 1024px) 100vw, 1024px\" \/><\/figure>\n\n\n\n<p class=\"wp-block-paragraph\">Jes\u00fas Antonio Pujol Irastorza, Diputado Federal electo por el Distrito II, Zona Norte, fue el anfitri\u00f3n quien convoc\u00f3 a la segunda asamblea informativa sobre la reforma al poder judicial propuesta por el presidente de la rep\u00fablica, Andr\u00e9s Manuel L\u00f3pez Obrador, en esta ocasi\u00f3n celebrada en la ciudad de Nogales.&nbsp;<\/p>\n\n\n\n<p class=\"wp-block-paragraph\">Ante un lleno total en las instalaciones de la Asociaci\u00f3n de Agentes Aduanales, los nogalenses hicieron acto de presencia y atendieron la convocatoria, quienes siempre mostraron su inter\u00e9s sobre los cambios estructurales al Poder Judicial de la Federaci\u00f3n durante las exposiciones a pesar del calor\u00f3n que se dej\u00f3 sentir en la sala de conferencias.<\/p>\n\n\n\n<p class=\"wp-block-paragraph\">Otro aspecto importante para destacar fue la presencia, de diferentes grupos tradicionalmente antag\u00f3nicos de Nogales, quienes mostraron unidad, incluso en el discurso al declararse amigos, a pesar de los antecedentes, aspecto que consideramos positivo, porque al que parecer, mostraron entender la nueva realidad pol\u00edtica, social y los nuevos cambios estructurales que se avecinan, los cuales exigen deshacerse de las \u201ctelara\u00f1as y fantasmas\u201d del pasado y trabajar en unidad para un bien com\u00fan y no de unos cuantos&#8230;.<\/p>\n\n\n\n<figure class=\"wp-block-image size-large\"><img loading=\"lazy\" decoding=\"async\" width=\"1024\" height=\"768\" src=\"https:\/\/elpajaritonews.com\/wp-content\/uploads\/2024\/07\/61dfcfad-a9c3-4a6b-85cf-13717db23c90-1024x768.jpg\" alt=\"\" class=\"wp-image-60719\" srcset=\"https:\/\/elpajaritonews.com\/wp-content\/uploads\/2024\/07\/61dfcfad-a9c3-4a6b-85cf-13717db23c90-1024x768.jpg 1024w, https:\/\/elpajaritonews.com\/wp-content\/uploads\/2024\/07\/61dfcfad-a9c3-4a6b-85cf-13717db23c90-300x225.jpg 300w, https:\/\/elpajaritonews.com\/wp-content\/uploads\/2024\/07\/61dfcfad-a9c3-4a6b-85cf-13717db23c90-768x576.jpg 768w, https:\/\/elpajaritonews.com\/wp-content\/uploads\/2024\/07\/61dfcfad-a9c3-4a6b-85cf-13717db23c90.jpg 1280w\" sizes=\"auto, (max-width: 1024px) 100vw, 1024px\" \/><\/figure>\n\n\n\n<p class=\"wp-block-paragraph\">Estuvieron presentes tambi\u00e9n el alcalde Juan Gim Nogales, Heriberto Aguilar senador electo, Carmen Esmeralda Gonz\u00e1lez Tapia, alcaldesa electa de Cananea, Azalia Guevara, la diputada local y reelecta, Marcela Valenzuela, diputada local electa, mejor conocida como \u201cMAVAL\u201d hija del reconocido empresario aduanero Marco Valenzuela, Carlos Navarro, dirigente de Morena y diputado plurinominal y pr\u00f3ximo coordinador de la fracci\u00f3n de Morena en el congreso local, Ferm\u00edn Trujillo diputado local y nuevamente reelecto y Alejandro Castro Valenzuela, subsecretario del DIF Sonora..<\/p>\n\n\n\n<p class=\"wp-block-paragraph\">Incluso por parte de la vieja guardia del Pri en Nogales, acudi\u00f3 el reconocido abogado Francisco Javier Parra, quien fue la nueva aparici\u00f3n, entre los morenos, ante un PRI pr\u00e1cticamente desaparecido de las decisiones incluso, sin importancia del pa\u00eds, y es que es muy fuerte la nostalgia&#8230;.<\/p>\n\n\n\n<p class=\"wp-block-paragraph\">Sedeas ad Deum<\/p>\n","protected":false},"excerpt":{"rendered":"<p>Todo un \u00c9xito la Asamblea Informativa Sobre la Iniciativa de Reforma al Poder Judicial&nbsp; Por Carlos Armando Briones Armenta Jes\u00fas Antonio Pujol Irastorza, Diputado Federal electo por el Distrito II, Zona Norte, fue el anfitri\u00f3n quien convoc\u00f3 a la segunda asamblea informativa sobre la reforma al poder judicial propuesta por el presidente de la rep\u00fablica,&#8230;<\/p>\n","protected":false},"author":2,"featured_media":60717,"comment_status":"closed","ping_status":"closed","sticky":false,"template":"","format":"standard","meta":{"_crdt_document":"","_exactmetrics_skip_tracking":false,"_exactmetrics_sitenote_active":false,"_exactmetrics_sitenote_note":"","_exactmetrics_sitenote_category":0,"footnotes":""},"categories":[19,31,27,69],"tags":[71,79,72,73,74,28,29,30],"class_list":["post-60716","post","type-post","status-publish","format-standard","has-post-thumbnail","hentry","category-opinion","category-politica","category-sonora","category-ultimas-noticias","tag-alfonso-durazo","tag-andres-manuel-lopez-obrador","tag-claudia-sheinbaum","tag-congreso-del-estado-de-sonora","tag-hermosillo","tag-nogales","tag-nogales-la-gran-frontera","tag-sonora-tierra-de-oportunidades"],"_links":{"self":[{"href":"https:\/\/elpajaritonews.com\/index.php?rest_route=\/wp\/v2\/posts\/60716","targetHints":{"allow":["GET"]}}],"collection":[{"href":"https:\/\/elpajaritonews.com\/index.php?rest_route=\/wp\/v2\/posts"}],"about":[{"href":"https:\/\/elpajaritonews.com\/index.php?rest_route=\/wp\/v2\/types\/post"}],"author":[{"embeddable":true,"href":"https:\/\/elpajaritonews.com\/index.php?rest_route=\/wp\/v2\/users\/2"}],"replies":[{"embeddable":true,"href":"https:\/\/elpajaritonews.com\/index.php?rest_route=%2Fwp%2Fv2%2Fcomments&post=60716"}],"version-history":[{"count":1,"href":"https:\/\/elpajaritonews.com\/index.php?rest_route=\/wp\/v2\/posts\/60716\/revisions"}],"predecessor-version":[{"id":60720,"href":"https:\/\/elpajaritonews.com\/index.php?rest_route=\/wp\/v2\/posts\/60716\/revisions\/60720"}],"wp:featuredmedia":[{"embeddable":true,"href":"https:\/\/elpajaritonews.com\/index.php?rest_route=\/wp\/v2\/media\/60717"}],"wp:attachment":[{"href":"https:\/\/elpajaritonews.com\/index.php?rest_route=%2Fwp%2Fv2%2Fmedia&parent=60716"}],"wp:term":[{"taxonomy":"category","embeddable":true,"href":"https:\/\/elpajaritonews.com\/index.php?rest_route=%2Fwp%2Fv2%2Fcategories&post=60716"},{"taxonomy":"post_tag","embeddable":true,"href":"https:\/\/elpajaritonews.com\/index.php?rest_route=%2Fwp%2Fv2%2Ftags&post=60716"}],"curies":[{"name":"wp","href":"https:\/\/api.w.org\/{rel}","templated":true}]}}