{"id":60721,"date":"2024-07-12T10:04:00","date_gmt":"2024-07-12T17:04:00","guid":{"rendered":"https:\/\/elpajaritonews.com\/?p=60721"},"modified":"2024-07-11T22:11:27","modified_gmt":"2024-07-12T05:11:27","slug":"dialogan-en-el-congreso-de-sonora-sobre-reforma-al-poder-judicial","status":"publish","type":"post","link":"https:\/\/elpajaritonews.com\/?p=60721","title":{"rendered":"DIALOGAN EN EL CONGRESO DE SONORA SOBRE REFORMA AL PODER JUDICIAL"},"content":{"rendered":"\n<p class=\"wp-block-paragraph\">Con el fin de conocer la opini\u00f3n de la comunidad jur\u00eddica del estado, este martes se llev\u00f3 a cabo, en la sede del Congreso de Sonora, el primer foro institucional sobre la reforma al Poder Judicial Federal, organizado entre el Poder Legislativo estatal y la Barra Sonorense de Abogados (BSA).<\/p>\n\n\n\n<figure class=\"wp-block-image size-large\"><img loading=\"lazy\" decoding=\"async\" width=\"1024\" height=\"682\" src=\"https:\/\/elpajaritonews.com\/wp-content\/uploads\/2024\/07\/92419a42-a249-4c98-985f-09d07fe18696-1024x682.jpg\" alt=\"\" class=\"wp-image-60723\" srcset=\"https:\/\/elpajaritonews.com\/wp-content\/uploads\/2024\/07\/92419a42-a249-4c98-985f-09d07fe18696-1024x682.jpg 1024w, https:\/\/elpajaritonews.com\/wp-content\/uploads\/2024\/07\/92419a42-a249-4c98-985f-09d07fe18696-300x200.jpg 300w, https:\/\/elpajaritonews.com\/wp-content\/uploads\/2024\/07\/92419a42-a249-4c98-985f-09d07fe18696-768x512.jpg 768w, https:\/\/elpajaritonews.com\/wp-content\/uploads\/2024\/07\/92419a42-a249-4c98-985f-09d07fe18696-600x400.jpg 600w, https:\/\/elpajaritonews.com\/wp-content\/uploads\/2024\/07\/92419a42-a249-4c98-985f-09d07fe18696.jpg 1280w\" sizes=\"auto, (max-width: 1024px) 100vw, 1024px\" \/><\/figure>\n\n\n\n<p class=\"wp-block-paragraph\">La diputada Diana Karina Barreras Samaniego, a nombre de la Comisi\u00f3n de Justicia y Derechos Humanos, dio la bienvenida a integrantes del Poder Judicial del Estado, de la BSA, litigantes, acad\u00e9micos y estudiantes que acudieron a este intercambio de ideas.<\/p>\n\n\n\n<p class=\"wp-block-paragraph\">Expuso que este di\u00e1logo abierto permitir\u00e1 llevar las propuestas que resulten del mismo al Congreso de la Uni\u00f3n y present\u00f3 un extracto de la iniciativa presentada por el titular del Poder Ejecutivo Federal a la C\u00e1mara de Diputados.<\/p>\n\n\n\n<figure class=\"wp-block-image size-large\"><img loading=\"lazy\" decoding=\"async\" width=\"1024\" height=\"682\" src=\"https:\/\/elpajaritonews.com\/wp-content\/uploads\/2024\/07\/8667b6b4-ab3d-405c-855d-911105b92343-1024x682.jpg\" alt=\"\" class=\"wp-image-60724\" srcset=\"https:\/\/elpajaritonews.com\/wp-content\/uploads\/2024\/07\/8667b6b4-ab3d-405c-855d-911105b92343-1024x682.jpg 1024w, https:\/\/elpajaritonews.com\/wp-content\/uploads\/2024\/07\/8667b6b4-ab3d-405c-855d-911105b92343-300x200.jpg 300w, https:\/\/elpajaritonews.com\/wp-content\/uploads\/2024\/07\/8667b6b4-ab3d-405c-855d-911105b92343-768x512.jpg 768w, https:\/\/elpajaritonews.com\/wp-content\/uploads\/2024\/07\/8667b6b4-ab3d-405c-855d-911105b92343-600x400.jpg 600w, https:\/\/elpajaritonews.com\/wp-content\/uploads\/2024\/07\/8667b6b4-ab3d-405c-855d-911105b92343.jpg 1280w\" sizes=\"auto, (max-width: 1024px) 100vw, 1024px\" \/><\/figure>\n\n\n\n<p class=\"wp-block-paragraph\">Los ejes principales de esta propuesta, dijo, son la elecci\u00f3n popular de jueces, magistrados y ministros; una reforma a fondo del Consejo de la Judicatura Federal (CJF) para contar con un \u00f3rgano independiente que vigile el correcto desempe\u00f1o judicial; criterios de austeridad y transparencia en el funcionamiento de la Suprema Corte de Justicia de la Naci\u00f3n (SCJN); la reducci\u00f3n del n\u00famero de ministros de 11 a nueve y la eliminaci\u00f3n de una de las dos salas de la corte, para que las y los ministros resuelvan asuntos en pleno.<\/p>\n\n\n\n<p class=\"wp-block-paragraph\">El presidente de la Barra Sonorense de Abogados, Jos\u00e9 D\u00e1vila Valenzuela, afirm\u00f3 que los integrantes del organismo han expresado su desacuerdo con la elecci\u00f3n por voto popular de jueces, magistrados y ministros, en detrimento de la carrera judicial para su ascenso profesional.<\/p>\n\n\n\n<p class=\"wp-block-paragraph\">Sin embargo, asegur\u00f3 que est\u00e1n de acuerdo en la necesidad de reformar el Poder Judicial Federal, por lo que propuso que quienes sean seleccionados provengan de la carrera judicial o sean propuestas avaladas por barras o colegios de abogados que otorguen soporte profesional a los perfiles.<\/p>\n\n\n\n<p class=\"wp-block-paragraph\">La diputada Rosa Elena Trujillo Llanes, integrante de la Comisi\u00f3n de Justicia y Derechos Humanos, coincidi\u00f3 en la urgencia de llevar a cabo con responsabilidad cambios en el Poder Judicial Federal para convertirlo en un contrapeso m\u00e1s efectivo, y sostuvo que menoscabar su independencia ser\u00eda una irresponsabilidad hist\u00f3rica.<\/p>\n\n\n\n<p class=\"wp-block-paragraph\">En este di\u00e1logo presentaron planteamientos los expresidentes de la BSA, H\u00e9ctor Contreras P\u00e9rez y Othoniel G\u00f3mez Ayala; el expresidente del Supremo Tribunal de Justicia (STJ), Max Guti\u00e9rrez Cohen; el director del Bufete Jur\u00eddico de la Universidad de Sonora, Jes\u00fas Alfredo Rodr\u00edguez Borb\u00f3n y el doctor en Derecho, Francisco Javier Mej\u00eda Cisneros.<\/p>\n","protected":false},"excerpt":{"rendered":"<p>Con el fin de conocer la opini\u00f3n de la comunidad jur\u00eddica del estado, este martes se llev\u00f3 a cabo, en la sede del Congreso de Sonora, el primer foro institucional sobre la reforma al Poder Judicial Federal, organizado entre el Poder Legislativo estatal y la Barra Sonorense de Abogados (BSA). La diputada Diana Karina Barreras&#8230;<\/p>\n","protected":false},"author":2,"featured_media":60722,"comment_status":"closed","ping_status":"closed","sticky":false,"template":"","format":"standard","meta":{"_crdt_document":"","_exactmetrics_skip_tracking":false,"_exactmetrics_sitenote_active":false,"_exactmetrics_sitenote_note":"","_exactmetrics_sitenote_category":0,"footnotes":""},"categories":[20,26,82,31,27,69],"tags":[71,79,72,73,74,28,29,83,30],"class_list":["post-60721","post","type-post","status-publish","format-standard","has-post-thumbnail","hentry","category-congreso","category-local","category-poder-judicial","category-politica","category-sonora","category-ultimas-noticias","tag-alfonso-durazo","tag-andres-manuel-lopez-obrador","tag-claudia-sheinbaum","tag-congreso-del-estado-de-sonora","tag-hermosillo","tag-nogales","tag-nogales-la-gran-frontera","tag-poder-judicial","tag-sonora-tierra-de-oportunidades"],"_links":{"self":[{"href":"https:\/\/elpajaritonews.com\/index.php?rest_route=\/wp\/v2\/posts\/60721","targetHints":{"allow":["GET"]}}],"collection":[{"href":"https:\/\/elpajaritonews.com\/index.php?rest_route=\/wp\/v2\/posts"}],"about":[{"href":"https:\/\/elpajaritonews.com\/index.php?rest_route=\/wp\/v2\/types\/post"}],"author":[{"embeddable":true,"href":"https:\/\/elpajaritonews.com\/index.php?rest_route=\/wp\/v2\/users\/2"}],"replies":[{"embeddable":true,"href":"https:\/\/elpajaritonews.com\/index.php?rest_route=%2Fwp%2Fv2%2Fcomments&post=60721"}],"version-history":[{"count":1,"href":"https:\/\/elpajaritonews.com\/index.php?rest_route=\/wp\/v2\/posts\/60721\/revisions"}],"predecessor-version":[{"id":60725,"href":"https:\/\/elpajaritonews.com\/index.php?rest_route=\/wp\/v2\/posts\/60721\/revisions\/60725"}],"wp:featuredmedia":[{"embeddable":true,"href":"https:\/\/elpajaritonews.com\/index.php?rest_route=\/wp\/v2\/media\/60722"}],"wp:attachment":[{"href":"https:\/\/elpajaritonews.com\/index.php?rest_route=%2Fwp%2Fv2%2Fmedia&parent=60721"}],"wp:term":[{"taxonomy":"category","embeddable":true,"href":"https:\/\/elpajaritonews.com\/index.php?rest_route=%2Fwp%2Fv2%2Fcategories&post=60721"},{"taxonomy":"post_tag","embeddable":true,"href":"https:\/\/elpajaritonews.com\/index.php?rest_route=%2Fwp%2Fv2%2Ftags&post=60721"}],"curies":[{"name":"wp","href":"https:\/\/api.w.org\/{rel}","templated":true}]}}