{"id":60731,"date":"2024-07-12T17:00:42","date_gmt":"2024-07-13T00:00:42","guid":{"rendered":"https:\/\/elpajaritonews.com\/?p=60731"},"modified":"2024-07-12T17:00:44","modified_gmt":"2024-07-13T00:00:44","slug":"en-nogales-ciudadania-hace-propuestas-al-congreso-de-sonora-sobre-ley-de-proteccion-animal","status":"publish","type":"post","link":"https:\/\/elpajaritonews.com\/?p=60731","title":{"rendered":"EN NOGALES, CIUDADAN\u00cdA HACE PROPUESTAS AL CONGRESO DE SONORA SOBRE LEY DE PROTECCI\u00d3N ANIMAL"},"content":{"rendered":"\n<p class=\"wp-block-paragraph\">Representantes de colegios de m\u00e9dicos veterinarios, criadores de aves de pelea y activistas defensores de los animales hicieron propuestas para perfeccionar la Ley de Protecci\u00f3n y Bienestar Animal, que actualmente se encuentra en la etapa de Parlamento Abierto por parte del Congreso de Sonora.<\/p>\n\n\n\n<p class=\"wp-block-paragraph\">En las instalaciones de la Universidad Tecnol\u00f3gica de Nogales, la diputada Diana Karina Barreras Samaniego (Partido del Trabajo), presidenta de la Comisi\u00f3n de Justicia y Derechos Humanos, habl\u00f3 sobre las principales caracter\u00edsticas de la legislaci\u00f3n, entre las que destac\u00f3 el establecimiento del Fondo para la Protecci\u00f3n y Bienestar de los Animales de Sonora, con el cual se destinar\u00e1n recursos para aplicar programas de campa\u00f1as masivas de esterilizaci\u00f3n, vacunaci\u00f3n y desparasitaci\u00f3n interna y externa a animales, entre otras acciones.<\/p>\n\n\n\n<p class=\"wp-block-paragraph\">La legisladora estuvo acompa\u00f1ada por las diputadas Azalia Guevara (Morena) y Beatriz Cota (Nueva Alianza), y Carolina Araiza, directora de Protecci\u00f3n y Bienestar Animal de Sonora, quienes escucharon las propuestas de personas de los municipios de Agua Prieta, Caborca, Magdalena, \u00cdmuris, Santa Ana, Hermosillo y Navojoa.<\/p>\n\n\n\n<p class=\"wp-block-paragraph\">En el evento, las y los participantes propusieron modificar el articulado para regular la caza, incluir mecanismos de inspecci\u00f3n y verificaci\u00f3n, crear y regular los centros de atenci\u00f3n animal, y poner en pr\u00e1ctica campa\u00f1as m\u00e1s intensas para combatir las enfermedades transmitidas de animales hacia humanos.<\/p>\n\n\n\n<p class=\"wp-block-paragraph\">Coincidieron en la elaboraci\u00f3n de mecanismos para la tenencia responsable de mascotas, la promoci\u00f3n de la cultura de cuidado de especies animales desde todas las instancias de gobierno y el establecimiento de un registro de animales a trav\u00e9s de plataformas digitales.<\/p>\n\n\n\n<p class=\"wp-block-paragraph\">La diputada Barreras Samaniego inform\u00f3 que se pueden enviar propuestas al correo: diana.barreras@congresoson.gob.mx, para ser analizadas en la versi\u00f3n final de la ley.<\/p>\n","protected":false},"excerpt":{"rendered":"<p>Representantes de colegios de m\u00e9dicos veterinarios, criadores de aves de pelea y activistas defensores de los animales hicieron propuestas para perfeccionar la Ley de Protecci\u00f3n y Bienestar Animal, que actualmente se encuentra en la etapa de Parlamento Abierto por parte del Congreso de Sonora. En las instalaciones de la Universidad Tecnol\u00f3gica de Nogales, la diputada&#8230;<\/p>\n","protected":false},"author":2,"featured_media":60732,"comment_status":"closed","ping_status":"closed","sticky":false,"template":"","format":"standard","meta":{"_crdt_document":"","_exactmetrics_skip_tracking":false,"_exactmetrics_sitenote_active":false,"_exactmetrics_sitenote_note":"","_exactmetrics_sitenote_category":0,"footnotes":""},"categories":[20,33,26,37,27],"tags":[29,30],"class_list":["post-60731","post","type-post","status-publish","format-standard","has-post-thumbnail","hentry","category-congreso","category-educacion","category-local","category-medio-ambiente","category-sonora","tag-nogales-la-gran-frontera","tag-sonora-tierra-de-oportunidades"],"_links":{"self":[{"href":"https:\/\/elpajaritonews.com\/index.php?rest_route=\/wp\/v2\/posts\/60731","targetHints":{"allow":["GET"]}}],"collection":[{"href":"https:\/\/elpajaritonews.com\/index.php?rest_route=\/wp\/v2\/posts"}],"about":[{"href":"https:\/\/elpajaritonews.com\/index.php?rest_route=\/wp\/v2\/types\/post"}],"author":[{"embeddable":true,"href":"https:\/\/elpajaritonews.com\/index.php?rest_route=\/wp\/v2\/users\/2"}],"replies":[{"embeddable":true,"href":"https:\/\/elpajaritonews.com\/index.php?rest_route=%2Fwp%2Fv2%2Fcomments&post=60731"}],"version-history":[{"count":1,"href":"https:\/\/elpajaritonews.com\/index.php?rest_route=\/wp\/v2\/posts\/60731\/revisions"}],"predecessor-version":[{"id":60733,"href":"https:\/\/elpajaritonews.com\/index.php?rest_route=\/wp\/v2\/posts\/60731\/revisions\/60733"}],"wp:featuredmedia":[{"embeddable":true,"href":"https:\/\/elpajaritonews.com\/index.php?rest_route=\/wp\/v2\/media\/60732"}],"wp:attachment":[{"href":"https:\/\/elpajaritonews.com\/index.php?rest_route=%2Fwp%2Fv2%2Fmedia&parent=60731"}],"wp:term":[{"taxonomy":"category","embeddable":true,"href":"https:\/\/elpajaritonews.com\/index.php?rest_route=%2Fwp%2Fv2%2Fcategories&post=60731"},{"taxonomy":"post_tag","embeddable":true,"href":"https:\/\/elpajaritonews.com\/index.php?rest_route=%2Fwp%2Fv2%2Ftags&post=60731"}],"curies":[{"name":"wp","href":"https:\/\/api.w.org\/{rel}","templated":true}]}}