{"id":60740,"date":"2024-07-13T10:58:12","date_gmt":"2024-07-13T17:58:12","guid":{"rendered":"https:\/\/elpajaritonews.com\/?p=60740"},"modified":"2024-07-13T10:58:14","modified_gmt":"2024-07-13T17:58:14","slug":"presenta-gobierno-de-sonora-la-gran-carrera-del-desierto-2024-en-arizona","status":"publish","type":"post","link":"https:\/\/elpajaritonews.com\/?p=60740","title":{"rendered":"PRESENTA GOBIERNO DE SONORA LA GRAN CARRERA DEL DESIERTO 2024 EN ARIZONA"},"content":{"rendered":"\n<p class=\"wp-block-paragraph\">El Gobierno del Estado de Sonora, a trav\u00e9s de la Secretar\u00eda de Turismo (Sectur), present\u00f3 la tercera edici\u00f3n de la Gran Carrera del Desierto 2024, en el Consulado general de M\u00e9xico en Phoenix, Arizona.<\/p>\n\n\n\n<figure class=\"wp-block-image size-large\"><img loading=\"lazy\" decoding=\"async\" width=\"1024\" height=\"682\" src=\"https:\/\/elpajaritonews.com\/wp-content\/uploads\/2024\/07\/646ebedf-3c99-437f-be7c-7e82bbff15e9-1024x682.jpg\" alt=\"\" class=\"wp-image-60742\" srcset=\"https:\/\/elpajaritonews.com\/wp-content\/uploads\/2024\/07\/646ebedf-3c99-437f-be7c-7e82bbff15e9-1024x682.jpg 1024w, https:\/\/elpajaritonews.com\/wp-content\/uploads\/2024\/07\/646ebedf-3c99-437f-be7c-7e82bbff15e9-300x200.jpg 300w, https:\/\/elpajaritonews.com\/wp-content\/uploads\/2024\/07\/646ebedf-3c99-437f-be7c-7e82bbff15e9-768x512.jpg 768w, https:\/\/elpajaritonews.com\/wp-content\/uploads\/2024\/07\/646ebedf-3c99-437f-be7c-7e82bbff15e9-1536x1023.jpg 1536w, https:\/\/elpajaritonews.com\/wp-content\/uploads\/2024\/07\/646ebedf-3c99-437f-be7c-7e82bbff15e9-600x400.jpg 600w, https:\/\/elpajaritonews.com\/wp-content\/uploads\/2024\/07\/646ebedf-3c99-437f-be7c-7e82bbff15e9.jpg 1600w\" sizes=\"auto, (max-width: 1024px) 100vw, 1024px\" \/><\/figure>\n\n\n\n<p class=\"wp-block-paragraph\">Esta carrera es \u00fanica en su tipo, ya que no existe en M\u00e9xico otro Ultra Trail en un entorno tan extremo como el Gran Desierto de Altar y el Golfo de California.<\/p>\n\n\n\n<p class=\"wp-block-paragraph\">El secretario de Turismo de Sonora, Roberto Gradillas Pineda, coment\u00f3 que se esperan m\u00e1s de 600 competidores de m\u00e1s de 10 pa\u00edses como Colombia, Estados Unidos, Canad\u00e1, Espa\u00f1a, Brasil y m\u00e1s de 12 estados de la rep\u00fablica participantes.<\/p>\n\n\n\n<figure class=\"wp-block-image size-large\"><img loading=\"lazy\" decoding=\"async\" width=\"1024\" height=\"682\" src=\"https:\/\/elpajaritonews.com\/wp-content\/uploads\/2024\/07\/bbd61cc2-e7b1-458c-95af-be03b4e856f5-1024x682.jpg\" alt=\"\" class=\"wp-image-60743\" srcset=\"https:\/\/elpajaritonews.com\/wp-content\/uploads\/2024\/07\/bbd61cc2-e7b1-458c-95af-be03b4e856f5-1024x682.jpg 1024w, https:\/\/elpajaritonews.com\/wp-content\/uploads\/2024\/07\/bbd61cc2-e7b1-458c-95af-be03b4e856f5-300x200.jpg 300w, https:\/\/elpajaritonews.com\/wp-content\/uploads\/2024\/07\/bbd61cc2-e7b1-458c-95af-be03b4e856f5-768x512.jpg 768w, https:\/\/elpajaritonews.com\/wp-content\/uploads\/2024\/07\/bbd61cc2-e7b1-458c-95af-be03b4e856f5-1536x1023.jpg 1536w, https:\/\/elpajaritonews.com\/wp-content\/uploads\/2024\/07\/bbd61cc2-e7b1-458c-95af-be03b4e856f5-600x400.jpg 600w, https:\/\/elpajaritonews.com\/wp-content\/uploads\/2024\/07\/bbd61cc2-e7b1-458c-95af-be03b4e856f5.jpg 1600w\" sizes=\"auto, (max-width: 1024px) 100vw, 1024px\" \/><\/figure>\n\n\n\n<p class=\"wp-block-paragraph\">\u201cGracias a la gesti\u00f3n y el impulso de nuestro Gobernador Alfonso Durazo, estamos logrando promover el turismo en nuestro estado a nivel nacional e internacional, posicionando las bellezas y maravillas que Sonora tiene para ofrecer\u201d, expres\u00f3 Gradillas Pineda.<\/p>\n\n\n\n<p class=\"wp-block-paragraph\">El evento se llevar\u00e1 a cabo el 19 y 20 de octubre del presente a\u00f1o y ser\u00e1n cinco modalidades, 75, 50, 35, 25 y 10 km, divididos en dos jornadas.<\/p>\n\n\n\n<figure class=\"wp-block-image size-large\"><img loading=\"lazy\" decoding=\"async\" width=\"1024\" height=\"682\" src=\"https:\/\/elpajaritonews.com\/wp-content\/uploads\/2024\/07\/ee7c127a-4bd2-4cdc-bcd5-140696807e49-1024x682.jpg\" alt=\"\" class=\"wp-image-60744\" srcset=\"https:\/\/elpajaritonews.com\/wp-content\/uploads\/2024\/07\/ee7c127a-4bd2-4cdc-bcd5-140696807e49-1024x682.jpg 1024w, https:\/\/elpajaritonews.com\/wp-content\/uploads\/2024\/07\/ee7c127a-4bd2-4cdc-bcd5-140696807e49-300x200.jpg 300w, https:\/\/elpajaritonews.com\/wp-content\/uploads\/2024\/07\/ee7c127a-4bd2-4cdc-bcd5-140696807e49-768x512.jpg 768w, https:\/\/elpajaritonews.com\/wp-content\/uploads\/2024\/07\/ee7c127a-4bd2-4cdc-bcd5-140696807e49-1536x1023.jpg 1536w, https:\/\/elpajaritonews.com\/wp-content\/uploads\/2024\/07\/ee7c127a-4bd2-4cdc-bcd5-140696807e49-600x400.jpg 600w, https:\/\/elpajaritonews.com\/wp-content\/uploads\/2024\/07\/ee7c127a-4bd2-4cdc-bcd5-140696807e49.jpg 1600w\" sizes=\"auto, (max-width: 1024px) 100vw, 1024px\" \/><\/figure>\n\n\n\n<p class=\"wp-block-paragraph\">Solo los m\u00e1s experimentados corredores de Trail y aventura ser\u00e1n capaces de poner a prueba su resistencia en el desierto y podr\u00e1n disfrutar una noche acampada en los l\u00edmites del desierto y el mar. Para registro o mayor informaci\u00f3n, pueden acceder a: www.gramcarreradeldesierto.com.mx.<\/p>\n","protected":false},"excerpt":{"rendered":"<p>El Gobierno del Estado de Sonora, a trav\u00e9s de la Secretar\u00eda de Turismo (Sectur), present\u00f3 la tercera edici\u00f3n de la Gran Carrera del Desierto 2024, en el Consulado general de M\u00e9xico en Phoenix, Arizona. Esta carrera es \u00fanica en su tipo, ya que no existe en M\u00e9xico otro Ultra Trail en un entorno tan extremo&#8230;<\/p>\n","protected":false},"author":2,"featured_media":60741,"comment_status":"closed","ping_status":"closed","sticky":false,"template":"","format":"standard","meta":{"_crdt_document":"","_exactmetrics_skip_tracking":false,"_exactmetrics_sitenote_active":false,"_exactmetrics_sitenote_note":"","_exactmetrics_sitenote_category":0,"footnotes":""},"categories":[17,36,22,37,23,27,84,69],"tags":[71,79,72,74,76,28,29,30,85],"class_list":["post-60740","post","type-post","status-publish","format-standard","has-post-thumbnail","hentry","category-arizona","category-economia","category-escena","category-medio-ambiente","category-mexico","category-sonora","category-turismo","category-ultimas-noticias","tag-alfonso-durazo","tag-andres-manuel-lopez-obrador","tag-claudia-sheinbaum","tag-hermosillo","tag-medio-ambiente","tag-nogales","tag-nogales-la-gran-frontera","tag-sonora-tierra-de-oportunidades","tag-turismo-sonora"],"_links":{"self":[{"href":"https:\/\/elpajaritonews.com\/index.php?rest_route=\/wp\/v2\/posts\/60740","targetHints":{"allow":["GET"]}}],"collection":[{"href":"https:\/\/elpajaritonews.com\/index.php?rest_route=\/wp\/v2\/posts"}],"about":[{"href":"https:\/\/elpajaritonews.com\/index.php?rest_route=\/wp\/v2\/types\/post"}],"author":[{"embeddable":true,"href":"https:\/\/elpajaritonews.com\/index.php?rest_route=\/wp\/v2\/users\/2"}],"replies":[{"embeddable":true,"href":"https:\/\/elpajaritonews.com\/index.php?rest_route=%2Fwp%2Fv2%2Fcomments&post=60740"}],"version-history":[{"count":1,"href":"https:\/\/elpajaritonews.com\/index.php?rest_route=\/wp\/v2\/posts\/60740\/revisions"}],"predecessor-version":[{"id":60745,"href":"https:\/\/elpajaritonews.com\/index.php?rest_route=\/wp\/v2\/posts\/60740\/revisions\/60745"}],"wp:featuredmedia":[{"embeddable":true,"href":"https:\/\/elpajaritonews.com\/index.php?rest_route=\/wp\/v2\/media\/60741"}],"wp:attachment":[{"href":"https:\/\/elpajaritonews.com\/index.php?rest_route=%2Fwp%2Fv2%2Fmedia&parent=60740"}],"wp:term":[{"taxonomy":"category","embeddable":true,"href":"https:\/\/elpajaritonews.com\/index.php?rest_route=%2Fwp%2Fv2%2Fcategories&post=60740"},{"taxonomy":"post_tag","embeddable":true,"href":"https:\/\/elpajaritonews.com\/index.php?rest_route=%2Fwp%2Fv2%2Ftags&post=60740"}],"curies":[{"name":"wp","href":"https:\/\/api.w.org\/{rel}","templated":true}]}}