{"id":60749,"date":"2024-07-13T17:00:34","date_gmt":"2024-07-14T00:00:34","guid":{"rendered":"https:\/\/elpajaritonews.com\/?p=60749"},"modified":"2024-07-13T17:00:36","modified_gmt":"2024-07-14T00:00:36","slug":"dos-muertos-en-el-mitin-donde-fue-herido-trump-incluido-el-presunto-autor-del-tiroteo","status":"publish","type":"post","link":"https:\/\/elpajaritonews.com\/?p=60749","title":{"rendered":"DOS MUERTOS EN EL MITIN DONDE FUE HERIDO TRUMP, INCLUIDO EL PRESUNTO AUTOR DEL TIROTEO"},"content":{"rendered":"\n<p class=\"wp-block-paragraph\">Trump, quien fue aparentemente alcanzado en la oreja por una bala y r\u00e1pidamente evacuado por el Servicio Secreto, est\u00e1 fuera de peligro y siendo examinado por los servicios m\u00e9dicos, asegur\u00f3 su campa\u00f1a<\/p>\n\n\n\n<p class=\"wp-block-paragraph\">Dos personas murieron este s\u00e1bado en el tiroteo en un mitin del expresidente de Estados Unidos y precandidato republicano Donald Trump, incluido el agresor, inform\u00f3 el peri\u00f3dico The Washington Post.<\/p>\n\n\n\n<p class=\"wp-block-paragraph\">Trump, quien fue aparentemente alcanzado en la oreja por una bala y r\u00e1pidamente evacuado por el Servicio Secreto, est\u00e1 fuera de peligro y siendo examinado por los servicios m\u00e9dicos, asegur\u00f3 su campa\u00f1a.<\/p>\n\n\n\n<figure class=\"wp-block-embed is-type-rich is-provider-twitter wp-block-embed-twitter\"><div class=\"wp-block-embed__wrapper\">\n<blockquote class=\"twitter-tweet\" data-width=\"550\" data-dnt=\"true\"><p lang=\"es\" dir=\"ltr\">El Servicio Secreto saca a <a href=\"https:\/\/twitter.com\/DonaldJTrumpJr?ref_src=twsrc%5Etfw\">@DonaldJTrumpJr<\/a>  del escenario tras escucharse explosiones en un mitin en Pensilvania, para mi que solo es para aumentar su popularidad&#8230;.. que piensan ustedes, es real? <a href=\"https:\/\/t.co\/KHzJWBNNL0\">pic.twitter.com\/KHzJWBNNL0<\/a><\/p>&mdash; Vinicio Sanchez (@viniciosanchez) <a href=\"https:\/\/twitter.com\/viniciosanchez\/status\/1812261771887218994?ref_src=twsrc%5Etfw\">July 13, 2024<\/a><\/blockquote><script async src=\"https:\/\/platform.twitter.com\/widgets.js\" charset=\"utf-8\"><\/script>\n<\/div><figcaption class=\"wp-element-caption\">Se puede ver al tirador en el mitin de Trump en Pensilvania muerto en el techo de un edificio cercano, despu\u00e9s de ser asesinado por agentes del Servicio Secreto.<\/figcaption><\/figure>\n\n\n\n<p class=\"wp-block-paragraph\"><a href=\"https:\/\/twitter.com\/i\/status\/1812272799513477390\">https:\/\/twitter.com\/i\/status\/1812272799513477390<\/a><\/p>\n\n\n\n<figure class=\"wp-block-embed is-type-rich is-provider-twitter wp-block-embed-twitter\"><div class=\"wp-block-embed__wrapper\">\n<blockquote class=\"twitter-tweet\" data-width=\"550\" data-dnt=\"true\"><p lang=\"es\" dir=\"ltr\">\ud83c\uddfa\ud83c\uddf8 | Se puede ver al tirador en el mitin de Trump en Pensilvania muerto en el techo de un edificio cercano, despu\u00e9s de ser asesinado por agentes del Servicio Secreto. <a href=\"https:\/\/t.co\/6vzIfiKGOW\">pic.twitter.com\/6vzIfiKGOW<\/a><\/p>&mdash; ALERTAS MUNDIAL \ud83d\uddfa\ufe0f (@AlertasMundial) <a href=\"https:\/\/twitter.com\/AlertasMundial\/status\/1812269587725275605?ref_src=twsrc%5Etfw\">July 13, 2024<\/a><\/blockquote><script async src=\"https:\/\/platform.twitter.com\/widgets.js\" charset=\"utf-8\"><\/script>\n<\/div><\/figure>\n\n\n\n<p class=\"wp-block-paragraph\">Informaci\u00f3n en desarrollo<\/p>\n\n\n\n<p class=\"wp-block-paragraph\"><\/p>\n","protected":false},"excerpt":{"rendered":"<p>Trump, quien fue aparentemente alcanzado en la oreja por una bala y r\u00e1pidamente evacuado por el Servicio Secreto, est\u00e1 fuera de peligro y siendo examinado por los servicios m\u00e9dicos, asegur\u00f3 su campa\u00f1a Dos personas murieron este s\u00e1bado en el tiroteo en un mitin del expresidente de Estados Unidos y precandidato republicano Donald Trump, incluido el&#8230;<\/p>\n","protected":false},"author":2,"featured_media":60750,"comment_status":"closed","ping_status":"closed","sticky":false,"template":"","format":"standard","meta":{"_crdt_document":"","_exactmetrics_skip_tracking":false,"_exactmetrics_sitenote_active":false,"_exactmetrics_sitenote_note":"","_exactmetrics_sitenote_category":0,"footnotes":""},"categories":[17,35,31,1,69],"tags":[71,79,72,74,28,29,75,30],"class_list":["post-60749","post","type-post","status-publish","format-standard","has-post-thumbnail","hentry","category-arizona","category-elecciones-2024","category-politica","category-seguridad","category-ultimas-noticias","tag-alfonso-durazo","tag-andres-manuel-lopez-obrador","tag-claudia-sheinbaum","tag-hermosillo","tag-nogales","tag-nogales-la-gran-frontera","tag-seguridad-publica","tag-sonora-tierra-de-oportunidades"],"_links":{"self":[{"href":"https:\/\/elpajaritonews.com\/index.php?rest_route=\/wp\/v2\/posts\/60749","targetHints":{"allow":["GET"]}}],"collection":[{"href":"https:\/\/elpajaritonews.com\/index.php?rest_route=\/wp\/v2\/posts"}],"about":[{"href":"https:\/\/elpajaritonews.com\/index.php?rest_route=\/wp\/v2\/types\/post"}],"author":[{"embeddable":true,"href":"https:\/\/elpajaritonews.com\/index.php?rest_route=\/wp\/v2\/users\/2"}],"replies":[{"embeddable":true,"href":"https:\/\/elpajaritonews.com\/index.php?rest_route=%2Fwp%2Fv2%2Fcomments&post=60749"}],"version-history":[{"count":1,"href":"https:\/\/elpajaritonews.com\/index.php?rest_route=\/wp\/v2\/posts\/60749\/revisions"}],"predecessor-version":[{"id":60751,"href":"https:\/\/elpajaritonews.com\/index.php?rest_route=\/wp\/v2\/posts\/60749\/revisions\/60751"}],"wp:featuredmedia":[{"embeddable":true,"href":"https:\/\/elpajaritonews.com\/index.php?rest_route=\/wp\/v2\/media\/60750"}],"wp:attachment":[{"href":"https:\/\/elpajaritonews.com\/index.php?rest_route=%2Fwp%2Fv2%2Fmedia&parent=60749"}],"wp:term":[{"taxonomy":"category","embeddable":true,"href":"https:\/\/elpajaritonews.com\/index.php?rest_route=%2Fwp%2Fv2%2Fcategories&post=60749"},{"taxonomy":"post_tag","embeddable":true,"href":"https:\/\/elpajaritonews.com\/index.php?rest_route=%2Fwp%2Fv2%2Ftags&post=60749"}],"curies":[{"name":"wp","href":"https:\/\/api.w.org\/{rel}","templated":true}]}}