{"id":60779,"date":"2024-07-15T21:21:08","date_gmt":"2024-07-16T04:21:08","guid":{"rendered":"https:\/\/elpajaritonews.com\/?p=60779"},"modified":"2024-07-15T21:21:10","modified_gmt":"2024-07-16T04:21:10","slug":"reaparece-donald-trump-en-milwaukee","status":"publish","type":"post","link":"https:\/\/elpajaritonews.com\/?p=60779","title":{"rendered":"REAPARECE DONALD TRUMP EN MILWAUKEE"},"content":{"rendered":"\n<p class=\"wp-block-paragraph\">El centro de Milwaukee, puerto industrial y cervecero, se convirti\u00f3 en una fortaleza de Donald Trump y los miles de militantes que llegaron a la Convenci\u00f3n Republicana para coronar a su candidato, pero est\u00e1n rodeados de fantasmas socialistas y sus nuevas expresiones contempor\u00e1neas en un estado que ser\u00e1 clave en determinar el futuro pol\u00edtico de Estados Unidos.<\/p>\n\n\n\n<p class=\"wp-block-paragraph\">Entre 1910 y 1960, Milwaukee eligi\u00f3 tres alcaldes socialistas y tambi\u00e9n a varios socialistas en otros puestos municipales. Uno ocup\u00f3 el puesto entre 1916 y 1940. Otro desde 1948 a 1960. En 1910, Milwaukee eligi\u00f3 a V\u00edctor Berger, inmigrante austriaco y cofundador con Eugene Debs del Partido Socialista de Estados Unidos, como el primer legislador federal socialista en Washington -fue reelecto cuatro veces m\u00e1s. Entre sus&nbsp; iniciativas, Berger promovi\u00f3 resoluciones para retirar a tropas estadunidenses de la frontera con M\u00e9xico.<\/p>\n\n\n\n<p class=\"wp-block-paragraph\">Esta ciudad sufri\u00f3 la desindustrializaci\u00f3n salvaje que se aceler\u00f3 en los setenta en toda esta regi\u00f3n, perdiendo poblaci\u00f3n y con un incremento de la pobreza (un 27 por ciento de su poblaci\u00f3n era pobre en 2020, y ahora tambi\u00e9n es una de las urbes m\u00e1s racialmente segredadas. Con el surgimiento del senador socialista democr\u00e1tico Bernie Sanders y su movimiento, se reporta qu\u00e9 hay un resurgimiento de algunas corrientes progresistas del pasado en esta \u00e9poca.<\/p>\n\n\n\n<p class=\"wp-block-paragraph\">Hoy se realiz\u00f3 una marcha de protesta de cientos de activistas en repudio a lo que representa Trump y su movimiento de \u201cMake America Great Again\u201d o MAGA por una coalici\u00f3n de agrupaciones y a favor de derechos de inmigrantes, mujeres y la paz.<\/p>\n\n\n\n<p class=\"wp-block-paragraph\">Omar Flores, uno de los coordinadores de la coalici\u00f3n de organizaciones progresistasque realizaron la marcha declar\u00f3 ante unas mil personas a unas cuadras de la arena donde se realiza la convenci\u00f3n republicana, que esto es para expresar que \u201cno son bienvenidos en nuestra ciudad, ni en ning\u00fan lugar y donde se presenten vamos a estar para mostrar la oposici\u00f3n a sus ideas\u201d.<\/p>\n\n\n\n<p class=\"wp-block-paragraph\">Es el \u00fanico evento de protesta formal programado esta semana, aunque no faltan expresiones de oposici\u00f3n en espectaculares o pintas contra MAGA y y por Black Lives Matter en autos y algunas bardas.<\/p>\n\n\n\n<p class=\"wp-block-paragraph\">Un enorme mural en el centro, declara sobre im\u00e1genes de afroestadunidenses: \u201cLos derechos al voto son derechos humanos\u201d, expresi\u00f3n expl\u00edcita contra d\u00e9cadas de pr\u00e1cticas de supresi\u00f3n del voto de minor\u00edas en este pa\u00eds.<\/p>\n\n\n\n<p class=\"wp-block-paragraph\">Esta siempre ha sido una ciudad de migrantes durante m\u00e1s de 160 a\u00f1os, primero alemanes y otros europeos que trajeron su gastronom\u00eda con la cual la cerveza y las salchichas son lo m\u00e1s famoso de este lugar -hasta su equipo de beisbol se llama los Cerveceros (y habr\u00eda que confesar que se agradece esa bebida para que algunos reporteros puedan aguantar este espect\u00e1culo ominoso esta semana).<\/p>\n\n\n\n<p class=\"wp-block-paragraph\">Tambi\u00e9n llegaron polacos, franceses, irlandeses escandinavos e italianos, y ya despu\u00e9s, latinoamericanos y caribe\u00f1os, incluyendo una creciente comunidad mexicana quienes han tenido que tolerar las pol\u00edticas y ret\u00f3rica antimigrante del quien ahora tiene ocupada a su ciudad.<\/p>\n\n\n\n<figure class=\"wp-block-embed is-type-rich is-provider-twitter wp-block-embed-twitter\"><div class=\"wp-block-embed__wrapper\">\n<blockquote class=\"twitter-tweet\" data-width=\"550\" data-dnt=\"true\"><p lang=\"es\" dir=\"ltr\">Reaparece <a href=\"https:\/\/twitter.com\/realDonaldTrump?ref_src=twsrc%5Etfw\">@realDonaldTrump<\/a> Trump despu\u00e9s de dos d\u00edas del intento de asesinato, la oreja derecha vendada en la conferencia nacional republicana <a href=\"https:\/\/t.co\/VVygrQc8Gj\">pic.twitter.com\/VVygrQc8Gj<\/a><\/p>&mdash; Vinicio Sanchez (@viniciosanchez) <a href=\"https:\/\/twitter.com\/viniciosanchez\/status\/1813041505139106157?ref_src=twsrc%5Etfw\">July 16, 2024<\/a><\/blockquote><script async src=\"https:\/\/platform.twitter.com\/widgets.js\" charset=\"utf-8\"><\/script>\n<\/div><\/figure>\n","protected":false},"excerpt":{"rendered":"<p>El centro de Milwaukee, puerto industrial y cervecero, se convirti\u00f3 en una fortaleza de Donald Trump y los miles de militantes que llegaron a la Convenci\u00f3n Republicana para coronar a su candidato, pero est\u00e1n rodeados de fantasmas socialistas y sus nuevas expresiones contempor\u00e1neas en un estado que ser\u00e1 clave en determinar el futuro pol\u00edtico de&#8230;<\/p>\n","protected":false},"author":2,"featured_media":60780,"comment_status":"closed","ping_status":"closed","sticky":false,"template":"","format":"standard","meta":{"_crdt_document":"","_exactmetrics_skip_tracking":false,"_exactmetrics_sitenote_active":false,"_exactmetrics_sitenote_note":"","_exactmetrics_sitenote_category":0,"footnotes":""},"categories":[35,89,38,24,31],"tags":[71,79,72,73,86,74,76,28,29,75,30],"class_list":["post-60779","post","type-post","status-publish","format-standard","has-post-thumbnail","hentry","category-elecciones-2024","category-estados-unidos","category-migracion","category-mundo","category-politica","tag-alfonso-durazo","tag-andres-manuel-lopez-obrador","tag-claudia-sheinbaum","tag-congreso-del-estado-de-sonora","tag-donald-trump","tag-hermosillo","tag-medio-ambiente","tag-nogales","tag-nogales-la-gran-frontera","tag-seguridad-publica","tag-sonora-tierra-de-oportunidades"],"_links":{"self":[{"href":"https:\/\/elpajaritonews.com\/index.php?rest_route=\/wp\/v2\/posts\/60779","targetHints":{"allow":["GET"]}}],"collection":[{"href":"https:\/\/elpajaritonews.com\/index.php?rest_route=\/wp\/v2\/posts"}],"about":[{"href":"https:\/\/elpajaritonews.com\/index.php?rest_route=\/wp\/v2\/types\/post"}],"author":[{"embeddable":true,"href":"https:\/\/elpajaritonews.com\/index.php?rest_route=\/wp\/v2\/users\/2"}],"replies":[{"embeddable":true,"href":"https:\/\/elpajaritonews.com\/index.php?rest_route=%2Fwp%2Fv2%2Fcomments&post=60779"}],"version-history":[{"count":1,"href":"https:\/\/elpajaritonews.com\/index.php?rest_route=\/wp\/v2\/posts\/60779\/revisions"}],"predecessor-version":[{"id":60781,"href":"https:\/\/elpajaritonews.com\/index.php?rest_route=\/wp\/v2\/posts\/60779\/revisions\/60781"}],"wp:featuredmedia":[{"embeddable":true,"href":"https:\/\/elpajaritonews.com\/index.php?rest_route=\/wp\/v2\/media\/60780"}],"wp:attachment":[{"href":"https:\/\/elpajaritonews.com\/index.php?rest_route=%2Fwp%2Fv2%2Fmedia&parent=60779"}],"wp:term":[{"taxonomy":"category","embeddable":true,"href":"https:\/\/elpajaritonews.com\/index.php?rest_route=%2Fwp%2Fv2%2Fcategories&post=60779"},{"taxonomy":"post_tag","embeddable":true,"href":"https:\/\/elpajaritonews.com\/index.php?rest_route=%2Fwp%2Fv2%2Ftags&post=60779"}],"curies":[{"name":"wp","href":"https:\/\/api.w.org\/{rel}","templated":true}]}}