{"id":60782,"date":"2024-07-15T23:14:28","date_gmt":"2024-07-16T06:14:28","guid":{"rendered":"https:\/\/elpajaritonews.com\/?p=60782"},"modified":"2024-07-15T23:14:30","modified_gmt":"2024-07-16T06:14:30","slug":"hombre-muere-al-dispararse-en-la-cabeza-durante-transmision-en-vivo-video","status":"publish","type":"post","link":"https:\/\/elpajaritonews.com\/?p=60782","title":{"rendered":"HOMBRE MUERE AL DISPARARSE EN LA CABEZA DURANTE TRANSMISI\u00d3N EN VIVO (VIDEO)"},"content":{"rendered":"\n<p class=\"wp-block-paragraph\">El hombre de 45 a\u00f1os, en aparente estado de ebriedad, comenz\u00f3 una transmisi\u00f3n en vivo, donde se puso la pistola en la cabeza y luego el arma se dispar\u00f3.<\/p>\n\n\n\n<p class=\"wp-block-paragraph\">En un impactante suceso en Ankara, Turqu\u00eda, Kerim Y\u00fccel, de 45 a\u00f1os, perdi\u00f3 la vida tras dispararse accidentalmente en la cabeza mientras realizaba una transmisi\u00f3n en vivo en redes sociales, el cual fue presenciado por varios espectadores.<\/p>\n\n\n\n<p class=\"wp-block-paragraph\">El evento se dio cuando Y\u00fccel, en su domicilio, decidi\u00f3 hacer una transmisi\u00f3n en vivo a trav\u00e9s de su cuenta en redes sociales. Durante la transmisi\u00f3n, Y\u00fccel, aparentemente bajo los efectos del alcohol, tom\u00f3 una pistola y la coloc\u00f3 en su sien. Luego, el arma se dispar\u00f3, hiri\u00e9ndolo gravemente en la cabeza.<\/p>\n\n\n\n<figure class=\"wp-block-video\"><video height=\"688\" style=\"aspect-ratio: 480 \/ 688;\" width=\"480\" controls src=\"https:\/\/elpajaritonews.com\/wp-content\/uploads\/2024\/07\/twittervid.com_rosaliliatorrs_144227.mp4\"><\/video><\/figure>\n\n\n\n<p class=\"wp-block-paragraph\">Tras el disparo, Y\u00fccel fue trasladado al hospital, donde ingres\u00f3 en la unidad de cuidados intensivos. Sin embargo, no pudo sobrevivir a la herida y fue declarado muerto poco despu\u00e9s, inform\u00f3 el medio Haberler.<\/p>\n\n\n\n<p class=\"wp-block-paragraph\">Su cuerpo fue llevado al Instituto de Medicina Forense para realizar la autopsia correspondiente.<\/p>\n\n\n\n<figure class=\"wp-block-embed is-type-rich is-provider-twitter wp-block-embed-twitter\"><div class=\"wp-block-embed__wrapper\">\n<blockquote class=\"twitter-tweet\" data-width=\"550\" data-dnt=\"true\"><p lang=\"es\" dir=\"ltr\">Un hombre de 45 a\u00f1os se dispara accidentalmente en la cabeza mientras retransmite en directo en Turqu\u00eda.<a href=\"https:\/\/twitter.com\/AlertasMundial?ref_src=twsrc%5Etfw\">@AlertasMundial<\/a> <a href=\"https:\/\/t.co\/aK65VI4A5q\">pic.twitter.com\/aK65VI4A5q<\/a><\/p>&mdash; Rosa Lilia Torres- Noticias (@rosaliliatorrs) <a href=\"https:\/\/twitter.com\/rosaliliatorrs\/status\/1813044683108720875?ref_src=twsrc%5Etfw\">July 16, 2024<\/a><\/blockquote><script async src=\"https:\/\/platform.twitter.com\/widgets.js\" charset=\"utf-8\"><\/script>\n<\/div><\/figure>\n","protected":false},"excerpt":{"rendered":"<p>El hombre de 45 a\u00f1os, en aparente estado de ebriedad, comenz\u00f3 una transmisi\u00f3n en vivo, donde se puso la pistola en la cabeza y luego el arma se dispar\u00f3. En un impactante suceso en Ankara, Turqu\u00eda, Kerim Y\u00fccel, de 45 a\u00f1os, perdi\u00f3 la vida tras dispararse accidentalmente en la cabeza mientras realizaba una transmisi\u00f3n en&#8230;<\/p>\n","protected":false},"author":2,"featured_media":60784,"comment_status":"closed","ping_status":"closed","sticky":false,"template":"","format":"standard","meta":{"_crdt_document":"","_exactmetrics_skip_tracking":false,"_exactmetrics_sitenote_active":false,"_exactmetrics_sitenote_note":"","_exactmetrics_sitenote_category":0,"footnotes":""},"categories":[24,1,39,69,65],"tags":[75],"class_list":["post-60782","post","type-post","status-publish","format-standard","has-post-thumbnail","hentry","category-mundo","category-seguridad","category-ucrania","category-ultimas-noticias","category-videos","tag-seguridad-publica"],"_links":{"self":[{"href":"https:\/\/elpajaritonews.com\/index.php?rest_route=\/wp\/v2\/posts\/60782","targetHints":{"allow":["GET"]}}],"collection":[{"href":"https:\/\/elpajaritonews.com\/index.php?rest_route=\/wp\/v2\/posts"}],"about":[{"href":"https:\/\/elpajaritonews.com\/index.php?rest_route=\/wp\/v2\/types\/post"}],"author":[{"embeddable":true,"href":"https:\/\/elpajaritonews.com\/index.php?rest_route=\/wp\/v2\/users\/2"}],"replies":[{"embeddable":true,"href":"https:\/\/elpajaritonews.com\/index.php?rest_route=%2Fwp%2Fv2%2Fcomments&post=60782"}],"version-history":[{"count":1,"href":"https:\/\/elpajaritonews.com\/index.php?rest_route=\/wp\/v2\/posts\/60782\/revisions"}],"predecessor-version":[{"id":60785,"href":"https:\/\/elpajaritonews.com\/index.php?rest_route=\/wp\/v2\/posts\/60782\/revisions\/60785"}],"wp:featuredmedia":[{"embeddable":true,"href":"https:\/\/elpajaritonews.com\/index.php?rest_route=\/wp\/v2\/media\/60784"}],"wp:attachment":[{"href":"https:\/\/elpajaritonews.com\/index.php?rest_route=%2Fwp%2Fv2%2Fmedia&parent=60782"}],"wp:term":[{"taxonomy":"category","embeddable":true,"href":"https:\/\/elpajaritonews.com\/index.php?rest_route=%2Fwp%2Fv2%2Fcategories&post=60782"},{"taxonomy":"post_tag","embeddable":true,"href":"https:\/\/elpajaritonews.com\/index.php?rest_route=%2Fwp%2Fv2%2Ftags&post=60782"}],"curies":[{"name":"wp","href":"https:\/\/api.w.org\/{rel}","templated":true}]}}