{"id":60786,"date":"2024-07-15T23:46:21","date_gmt":"2024-07-16T06:46:21","guid":{"rendered":"https:\/\/elpajaritonews.com\/?p=60786"},"modified":"2024-07-15T23:48:05","modified_gmt":"2024-07-16T06:48:05","slug":"regidores-de-morena-alertan-sobre-posibles-despojos-de-viviendas-orquestados-por-el-alcalde-tono-astiazaran-y-el-ayuntamiento-hermosillo","status":"publish","type":"post","link":"https:\/\/elpajaritonews.com\/?p=60786","title":{"rendered":"REGIDORES DE MORENA ALERTAN SOBRE POSIBLES DESPOJOS DE VIVIENDAS ORQUESTADOS POR EL ALCALDE TO\u00d1O ASTIAZARAN Y EL AYUNTAMIENTO HERMOSILLO"},"content":{"rendered":"\n<p class=\"wp-block-paragraph\">Regidoras y regidores de Morena hicieron un llamado de alerta a la ciudadan\u00eda hermosillense ante la posibilidad de despojos de viviendas por parte del Ayuntamiento.<\/p>\n\n\n\n<p class=\"wp-block-paragraph\">La regidora Vicky Espinoza, acompa\u00f1ada por Ibeth Fuentes y Juan Carlos J\u00e1uregui, inform\u00f3 que durante la sesi\u00f3n de Cabildo se aprob\u00f3, con mayor\u00eda del PRIAN, una reforma a la estructura org\u00e1nica de la Promotora Inmobiliaria y al Reglamento para Sustanciar y Emitir Declaratorias de Abandono y Posesi\u00f3n que le otorga la facultad de adjudicarse lotes bald\u00edos o casas que se consideren abandonadas.<\/p>\n\n\n\n<figure class=\"wp-block-video\"><video controls src=\"blob:https:\/\/elpajaritonews.com\/57e1ad71-bac8-4852-9c98-a0590d82f2e2\"><\/video><\/figure>\n\n\n\n<p class=\"wp-block-paragraph\">La regidora Iveth Fuentes a\u00f1adi\u00f3 que la reforma fue aprobada con 18 votos a favor y cinco en contra, y expres\u00f3 que se tomar\u00e1n acciones legales contra esta medida, la cual consideran carente de fundamento jur\u00eddico.<\/p>\n\n\n\n<p class=\"wp-block-paragraph\">Por su parte, Juan Carlos J\u00e1uregui llam\u00f3 a las y los regidores que entrar\u00e1n en funciones el pr\u00f3ximo 15 de septiembre a estar alertas ante estas acciones del Ayuntamiento.<\/p>\n\n\n\n<figure class=\"wp-block-embed is-type-rich is-provider-twitter wp-block-embed-twitter\"><div class=\"wp-block-embed__wrapper\">\n<blockquote class=\"twitter-tweet\" data-width=\"550\" data-dnt=\"true\"><p lang=\"es\" dir=\"ltr\">\u2b55\ufe0fRegidores de Morena se\u00f1alan la presunta institucionalizaci\u00f3n de un c\u00e1rtel inmobiliario en Hermosillo <br><br>Regidores de Morena se\u00f1alaron en rueda de prensa su preocupaci\u00f3n por lo que podr\u00eda representar la institucionalizaci\u00f3n de un C\u00e1rtel Inmobiliario en el el ayuntamiento de\u2026 <a href=\"https:\/\/t.co\/sREWOWcq9s\">pic.twitter.com\/sREWOWcq9s<\/a><\/p>&mdash; Solangel Ochoa (@solangelochoa) <a href=\"https:\/\/twitter.com\/solangelochoa\/status\/1813002659907182932?ref_src=twsrc%5Etfw\">July 16, 2024<\/a><\/blockquote><script async src=\"https:\/\/platform.twitter.com\/widgets.js\" charset=\"utf-8\"><\/script>\n<\/div><\/figure>\n","protected":false},"excerpt":{"rendered":"<p>Regidoras y regidores de Morena hicieron un llamado de alerta a la ciudadan\u00eda hermosillense ante la posibilidad de despojos de viviendas por parte del Ayuntamiento. La regidora Vicky Espinoza, acompa\u00f1ada por Ibeth Fuentes y Juan Carlos J\u00e1uregui, inform\u00f3 que durante la sesi\u00f3n de Cabildo se aprob\u00f3, con mayor\u00eda del PRIAN, una reforma a la estructura&#8230;<\/p>\n","protected":false},"author":2,"featured_media":60787,"comment_status":"closed","ping_status":"closed","sticky":false,"template":"","format":"standard","meta":{"_crdt_document":"","_exactmetrics_skip_tracking":false,"_exactmetrics_sitenote_active":false,"_exactmetrics_sitenote_note":"","_exactmetrics_sitenote_category":0,"footnotes":""},"categories":[88,26,31,1,27,69],"tags":[71,79,72,74,75,30],"class_list":["post-60786","post","type-post","status-publish","format-standard","has-post-thumbnail","hentry","category-justicia","category-local","category-politica","category-seguridad","category-sonora","category-ultimas-noticias","tag-alfonso-durazo","tag-andres-manuel-lopez-obrador","tag-claudia-sheinbaum","tag-hermosillo","tag-seguridad-publica","tag-sonora-tierra-de-oportunidades"],"_links":{"self":[{"href":"https:\/\/elpajaritonews.com\/index.php?rest_route=\/wp\/v2\/posts\/60786","targetHints":{"allow":["GET"]}}],"collection":[{"href":"https:\/\/elpajaritonews.com\/index.php?rest_route=\/wp\/v2\/posts"}],"about":[{"href":"https:\/\/elpajaritonews.com\/index.php?rest_route=\/wp\/v2\/types\/post"}],"author":[{"embeddable":true,"href":"https:\/\/elpajaritonews.com\/index.php?rest_route=\/wp\/v2\/users\/2"}],"replies":[{"embeddable":true,"href":"https:\/\/elpajaritonews.com\/index.php?rest_route=%2Fwp%2Fv2%2Fcomments&post=60786"}],"version-history":[{"count":2,"href":"https:\/\/elpajaritonews.com\/index.php?rest_route=\/wp\/v2\/posts\/60786\/revisions"}],"predecessor-version":[{"id":60790,"href":"https:\/\/elpajaritonews.com\/index.php?rest_route=\/wp\/v2\/posts\/60786\/revisions\/60790"}],"wp:featuredmedia":[{"embeddable":true,"href":"https:\/\/elpajaritonews.com\/index.php?rest_route=\/wp\/v2\/media\/60787"}],"wp:attachment":[{"href":"https:\/\/elpajaritonews.com\/index.php?rest_route=%2Fwp%2Fv2%2Fmedia&parent=60786"}],"wp:term":[{"taxonomy":"category","embeddable":true,"href":"https:\/\/elpajaritonews.com\/index.php?rest_route=%2Fwp%2Fv2%2Fcategories&post=60786"},{"taxonomy":"post_tag","embeddable":true,"href":"https:\/\/elpajaritonews.com\/index.php?rest_route=%2Fwp%2Fv2%2Ftags&post=60786"}],"curies":[{"name":"wp","href":"https:\/\/api.w.org\/{rel}","templated":true}]}}