{"id":60907,"date":"2024-07-21T17:54:11","date_gmt":"2024-07-22T00:54:11","guid":{"rendered":"https:\/\/elpajaritonews.com\/?p=60907"},"modified":"2024-07-21T17:54:13","modified_gmt":"2024-07-22T00:54:13","slug":"se-brindara-atencion-medica-domiciliara-a-adultos-mayores-sheinbaum","status":"publish","type":"post","link":"https:\/\/elpajaritonews.com\/?p=60907","title":{"rendered":"SE BRINDAR\u00c1 ATENCI\u00d3N M\u00c9DICA DOMICILIARA A ADULTOS MAYORES: SHEINBAUM"},"content":{"rendered":"\n<p class=\"wp-block-paragraph\">En compa\u00f1\u00eda del presidente Andr\u00e9s Manuel L\u00f3pez Obrador, Claudia Sheinbaum Pardo, virtual presidenta electa, anunci\u00f3 que en su gobierno pondr\u00e1 en marcha un programa para brindar atenci\u00f3n m\u00e9dica domiciliaria a los adultos mayores. Se denominar\u00e1 \u201cHoy por ustedes, ma\u00f1ana por nosotros\u201d.<\/p>\n\n\n\n<p class=\"wp-block-paragraph\">Se trata, dijo de llevar m\u00e9dicos y enfermeras casa por casa.<\/p>\n\n\n\n<p class=\"wp-block-paragraph\">\u201cEs algo que he venido platicando en estas giras con el presidente. Ten\u00eda yo la idea desde hace tiempo, pero tambi\u00e9n es del presidente. Es un programa especial, para todas las adultas y adultos mayores\u201d.<\/p>\n\n\n\n<p class=\"wp-block-paragraph\">De esta manera, precis\u00f3 que esa poblaci\u00f3n no solo recibir\u00e1 pensi\u00f3n, sino \u201cvamos a llevar la salud a su domicilio, para que ustedes puedan hablar con los m\u00e9dicos, les tomen los ex\u00e1menes y tambi\u00e9n les lleven, si es necesario, los medicamentos gratuitos hasta su hogar\u201d.<\/p>\n\n\n\n<p class=\"wp-block-paragraph\">Se\u00f1al\u00f3 que acord\u00f3 con el mandatario federal ponerle \u201cHoy por ustedes, ma\u00f1ana por nosotros\u201d.<\/p>\n\n\n\n<p class=\"wp-block-paragraph\">Durante una evaluaci\u00f3n de pensiones del bienestar, ratific\u00f3 que continuar\u00e1 con el fortalecimiento del IMSS-Bienestar.<\/p>\n\n\n\n<figure class=\"wp-block-embed is-type-video is-provider-youtube wp-block-embed-youtube wp-embed-aspect-16-9 wp-has-aspect-ratio\"><div class=\"wp-block-embed__wrapper\">\n<iframe loading=\"lazy\" title=\"Pensiones para el Bienestar\" width=\"640\" height=\"360\" src=\"https:\/\/www.youtube.com\/embed\/rfxwh8lKsKA?feature=oembed\" frameborder=\"0\" allow=\"accelerometer; autoplay; clipboard-write; encrypted-media; gyroscope; picture-in-picture; web-share\" referrerpolicy=\"strict-origin-when-cross-origin\" allowfullscreen><\/iframe>\n<\/div><\/figure>\n\n\n\n<p class=\"wp-block-paragraph\">\u00ab\u00a1Fuera Kuri! \u00a1Fuera Kuri\u201d!<\/p>\n\n\n\n<p class=\"wp-block-paragraph\">El gobernador de Quer\u00e9taro Mauricio Kuri no pudo comenzar a dar su discurso por los abucheos y gritos en su contra.<\/p>\n\n\n\n<p class=\"wp-block-paragraph\">Primero la presidenta electa Claudia Sheinbaum y despu\u00e9s el presidente L\u00f3pez Obrador tuvieron que interceder por \u00e9l.<\/p>\n\n\n\n<figure class=\"wp-block-embed is-type-rich is-provider-twitter wp-block-embed-twitter\"><div class=\"wp-block-embed__wrapper\">\n<blockquote class=\"twitter-tweet\" data-width=\"550\" data-dnt=\"true\"><p lang=\"es\" dir=\"ltr\">&quot;\u00a1Fuera Kuri! \u00a1Fuera Kuri\u201d!<br>El gobernador de Quer\u00e9taro Mauricio Kuri no pudo comenzar a dar su discurso por los abucheos y gritos en su contra.<br>Primero la presidenta electa <a href=\"https:\/\/twitter.com\/Claudiashein?ref_src=twsrc%5Etfw\">@Claudiashein<\/a>  y despu\u00e9s el presidente  <a href=\"https:\/\/twitter.com\/lopezobrador_?ref_src=twsrc%5Etfw\">@lopezobrador_<\/a>  tuvieron que interceder por \u00e9l. <a href=\"https:\/\/t.co\/qTiKNzREos\">pic.twitter.com\/qTiKNzREos<\/a><\/p>&mdash; Vinicio Sanchez (@viniciosanchez) <a href=\"https:\/\/twitter.com\/viniciosanchez\/status\/1815185655959531908?ref_src=twsrc%5Etfw\">July 22, 2024<\/a><\/blockquote><script async src=\"https:\/\/platform.twitter.com\/widgets.js\" charset=\"utf-8\"><\/script>\n<\/div><\/figure>\n","protected":false},"excerpt":{"rendered":"<p>En compa\u00f1\u00eda del presidente Andr\u00e9s Manuel L\u00f3pez Obrador, Claudia Sheinbaum Pardo, virtual presidenta electa, anunci\u00f3 que en su gobierno pondr\u00e1 en marcha un programa para brindar atenci\u00f3n m\u00e9dica domiciliaria a los adultos mayores. Se denominar\u00e1 \u201cHoy por ustedes, ma\u00f1ana por nosotros\u201d. Se trata, dijo de llevar m\u00e9dicos y enfermeras casa por casa. \u201cEs algo que&#8230;<\/p>\n","protected":false},"author":2,"featured_media":60908,"comment_status":"closed","ping_status":"closed","sticky":false,"template":"","format":"standard","meta":{"_crdt_document":"","_exactmetrics_skip_tracking":false,"_exactmetrics_sitenote_active":false,"_exactmetrics_sitenote_note":"","_exactmetrics_sitenote_category":0,"footnotes":""},"categories":[80,36,88,23,31,32,27,69,65],"tags":[71,79,72,74,28,29,30],"class_list":["post-60907","post","type-post","status-publish","format-standard","has-post-thumbnail","hentry","category-derechos-humanos","category-economia","category-justicia","category-mexico","category-politica","category-salud","category-sonora","category-ultimas-noticias","category-videos","tag-alfonso-durazo","tag-andres-manuel-lopez-obrador","tag-claudia-sheinbaum","tag-hermosillo","tag-nogales","tag-nogales-la-gran-frontera","tag-sonora-tierra-de-oportunidades"],"_links":{"self":[{"href":"https:\/\/elpajaritonews.com\/index.php?rest_route=\/wp\/v2\/posts\/60907","targetHints":{"allow":["GET"]}}],"collection":[{"href":"https:\/\/elpajaritonews.com\/index.php?rest_route=\/wp\/v2\/posts"}],"about":[{"href":"https:\/\/elpajaritonews.com\/index.php?rest_route=\/wp\/v2\/types\/post"}],"author":[{"embeddable":true,"href":"https:\/\/elpajaritonews.com\/index.php?rest_route=\/wp\/v2\/users\/2"}],"replies":[{"embeddable":true,"href":"https:\/\/elpajaritonews.com\/index.php?rest_route=%2Fwp%2Fv2%2Fcomments&post=60907"}],"version-history":[{"count":1,"href":"https:\/\/elpajaritonews.com\/index.php?rest_route=\/wp\/v2\/posts\/60907\/revisions"}],"predecessor-version":[{"id":60909,"href":"https:\/\/elpajaritonews.com\/index.php?rest_route=\/wp\/v2\/posts\/60907\/revisions\/60909"}],"wp:featuredmedia":[{"embeddable":true,"href":"https:\/\/elpajaritonews.com\/index.php?rest_route=\/wp\/v2\/media\/60908"}],"wp:attachment":[{"href":"https:\/\/elpajaritonews.com\/index.php?rest_route=%2Fwp%2Fv2%2Fmedia&parent=60907"}],"wp:term":[{"taxonomy":"category","embeddable":true,"href":"https:\/\/elpajaritonews.com\/index.php?rest_route=%2Fwp%2Fv2%2Fcategories&post=60907"},{"taxonomy":"post_tag","embeddable":true,"href":"https:\/\/elpajaritonews.com\/index.php?rest_route=%2Fwp%2Fv2%2Ftags&post=60907"}],"curies":[{"name":"wp","href":"https:\/\/api.w.org\/{rel}","templated":true}]}}